
{"id":2579,"date":"2014-09-05T10:49:00","date_gmt":"2014-09-05T08:49:00","guid":{"rendered":"http:\/\/passent.blog.polityka.pl\/?p=2579"},"modified":"2014-09-05T11:12:07","modified_gmt":"2014-09-05T09:12:07","slug":"lyzka-dziegciu","status":"publish","type":"post","link":"https:\/\/blog.polityka.pl\/passent\/2014\/09\/05\/lyzka-dziegciu\/","title":{"rendered":"\u0141y\u017cka dziegciu"},"content":{"rendered":"<p>Po s\u0142odkim triumfie, jakim jest dla Polski wyb\u00f3r premiera Tuska na stanowisko przewodnicz\u0105cego Rady Europejskiej (najwy\u017csza godno\u015b\u0107 mi\u0119dzynarodowa dla Polaka w historii naszego kraju), oraz po nominacji El\u017cbiety Bie\u0144kowskiej na komisarza wa\u017cnego resortu i jedn\u0105 z wiceprzewodnicz\u0105cych Komisji Europejskiej, przychodzi chwila otrze\u017awienia. <\/p>\n<p>Jak gdyby do tej beczki miodu kto\u015b doda\u0142 \u0142y\u017ck\u0119 dziegciu. Kto? Obawiam si\u0119, \u017ce Donald Tusk.<br \/>\n<!--more--><br \/>\nPozbawiona charyzmatycznego przyw\u00f3dcy Platforma jest naga. Nie ma jasno wytyczonej linii, nie ma polityk\u00f3w, kt\u00f3rzy mogliby zast\u0105pi\u0107 Tuska w obu wa\u017cnych rolach \u2013 partyjnej i rz\u0105dowej. Nie ma uzgodnionego scenariusza sukcesji, nie ma z g\u00f3ry przygotowanego porozumienia z prezydentem Komorowskim. Zamiast tego mia\u0142a si\u0119 odby\u0107 operacja \u201ehop siup\u201d, pospieszna akceptacja kandydatury Ewy Kopacz, kto\u015b (Cezary Grabarczyk?) by\u0142 w tym scenariuszu przewidziany na marsza\u0142ka Sejmu, wymiana kilku ministr\u00f3w i nic nie by\u0142o \u2013 gramy dalej. <\/p>\n<p>Najlepszych zabieramy do Brukseli, a pozostali maj\u0105 wykona\u0107 nowe otwarcie, wygra\u0107 wybory i kontynuowa\u0107 szcz\u0119\u015bliw\u0105 pass\u0119 Platformy. Prawdopodobnie autorowi tego scenariusza, czyli premierowi, chodzi\u0142o o to, \u017ceby transformacja przebieg\u0142a sprawnie, bo s\u0105 wa\u017cne zadania w kraju, bez turbulencji i bratob\u00f3jczych konflikt\u00f3w o sched\u0119.<\/p>\n<p>Ten scenariusz si\u0119 nie sprawdza. Nawet je\u017celi kalendarium zmian zostanie dotrzymane i za trzy tygodnie expos\u00e9 wyg\u0142osi pani premier Kopacz, a g\u0142osu udzieli jej marsza\u0142ek Grabarczyk albo marsza\u0142ek Sikorski, to pewnych fakt\u00f3w nie uda si\u0119 przekre\u015bli\u0107. <\/p>\n<p>Pierwszy jest taki, ze Ewa Kopacz nie jest naturaln\u0105 nast\u0119pczyni\u0105 Tuska, bo naturalnego nast\u0119pcy nie ma. W Platformie &#8211; podobnie jak w PiS, SLD, KNP, Ruchu Palikota \u2013 nie ma \u201enumeru dwa\u201d. To fatalna cecha nie tylko polskich partii, ale tak\u017ce wielu innych instytucji, firm, teatr\u00f3w etc \u2013 nie ma numeru dwa, szef cieszy si\u0119 pe\u0142nym zaufaniem i nikt nie chce, lub nie mo\u017ce, wyprzedzi\u0107 pozosta\u0142ych. <\/p>\n<p>Ewa Kopacz zas\u0142uguje na pe\u0142en szacunek, ma wiele zalet, zawsze zachowuje si\u0119 godnie, odwa\u017cnie, stanowczo, energicznie, ale nie kojarzy si\u0119 z programem, z w\u0142asnym obliczem politycznym, to raczej typ wykonawczyni ni\u017c inspiratorki. Mo\u017ce taka osoba jest w\u0142a\u015bciwa na stanowisko premiera, ale wtedy powinna mie\u0107 obok siebie osoby bardziej \u201epolityczne\u201d, kompetentne w dziedzinie gospodarki, w sprawach obrony i w stosunkach mi\u0119dzynarodowych. Tusk, Komorowski, Kaczy\u0144ski, Miller \u2013 to s\u0105 politycy, nie wszyscy z mojej bajki, ale to mam na my\u015bli.<\/p>\n<p>W kr\u0119gu Platformy s\u0105 tacy ludzie \u2013 Janusz Lewandowski, Jacek Rostowski, Krzysztof Kwiatkowski, Jan Krzysztof Bielecki \u2013 czy w og\u00f3le Tusk bra\u0142 ich pod uwag\u0119, czy na posiedzeniu zarz\u0105du PO kto\u015b wysun\u0105\u0142 ich kandydatury, czy wszystko odby\u0142o si\u0119 zgodnie z zasadami centralizmu demokratycznego, czyli \u201eruki po szwam\u201d?<\/p>\n<p>Po odej\u015bciu Tuska Platforma wydaje si\u0119 zaskoczona tym, co Donald Tusk musia\u0142 przecie\u017c bra\u0107 od dawna pod uwag\u0119. Tymczasem wygl\u0105da na to, \u017ce wyb\u00f3r Tuska spad\u0142 jak grom z jasnego nieba. Nawet je\u017celi nie spe\u0142ni si\u0119 najgorszy scenariusz i panowie nie rzuc\u0105 si\u0119 sobie do garde\u0142, Grzegorz Schetyna i jego zwolennicy zaczekaj\u0105 do 2015 roku, to i tak Platforma nie zosta\u0142a przygotowana do w\u0142asnego sukcesu. <\/p>\n<p>W tym sensie wyb\u00f3r Tuska i Bie\u0144kowskiej mo\u017ce okaza\u0107 si\u0119 prezentem dla opozycji. Ona \u0142atwiej otrz\u0105\u015bnie si\u0119 z szoku, ma swoich lider\u00f3w i nie musi wiele zmienia\u0107 \u2013 wystarczy zapomnie\u0107, \u017ce Donald Tusk by\u0142 najgorszym premierem w Europie.<\/p>\n","protected":false},"excerpt":{"rendered":"<p>Po s\u0142odkim triumfie, jakim jest dla Polski wyb\u00f3r premiera Tuska na stanowisko przewodnicz\u0105cego Rady Europejskiej (najwy\u017csza godno\u015b\u0107 mi\u0119dzynarodowa dla Polaka w historii naszego kraju), oraz po nominacji El\u017cbiety Bie\u0144kowskiej na komisarza wa\u017cnego resortu i jedn\u0105 z wiceprzewodnicz\u0105cych Komisji Europejskiej, przychodzi chwila otrze\u017awienia. Jak gdyby do tej beczki miodu kto\u015b doda\u0142 \u0142y\u017ck\u0119 dziegciu. Kto? Obawiam si\u0119, [&hellip;]<\/p>\n","protected":false},"author":4,"featured_media":0,"comment_status":"open","ping_status":"closed","sticky":false,"template":"","format":"standard","meta":{"footnotes":""},"categories":[1],"tags":[],"_links":{"self":[{"href":"https:\/\/blog.polityka.pl\/passent\/wp-json\/wp\/v2\/posts\/2579"}],"collection":[{"href":"https:\/\/blog.polityka.pl\/passent\/wp-json\/wp\/v2\/posts"}],"about":[{"href":"https:\/\/blog.polityka.pl\/passent\/wp-json\/wp\/v2\/types\/post"}],"author":[{"embeddable":true,"href":"https:\/\/blog.polityka.pl\/passent\/wp-json\/wp\/v2\/users\/4"}],"replies":[{"embeddable":true,"href":"https:\/\/blog.polityka.pl\/passent\/wp-json\/wp\/v2\/comments?post=2579"}],"version-history":[{"count":3,"href":"https:\/\/blog.polityka.pl\/passent\/wp-json\/wp\/v2\/posts\/2579\/revisions"}],"predecessor-version":[{"id":2583,"href":"https:\/\/blog.polityka.pl\/passent\/wp-json\/wp\/v2\/posts\/2579\/revisions\/2583"}],"wp:attachment":[{"href":"https:\/\/blog.polityka.pl\/passent\/wp-json\/wp\/v2\/media?parent=2579"}],"wp:term":[{"taxonomy":"category","embeddable":true,"href":"https:\/\/blog.polityka.pl\/passent\/wp-json\/wp\/v2\/categories?post=2579"},{"taxonomy":"post_tag","embeddable":true,"href":"https:\/\/blog.polityka.pl\/passent\/wp-json\/wp\/v2\/tags?post=2579"}],"curies":[{"name":"wp","href":"https:\/\/api.w.org\/{rel}","templated":true}]}}