
{"id":2585,"date":"2014-09-10T12:52:07","date_gmt":"2014-09-10T10:52:07","guid":{"rendered":"http:\/\/passent.blog.polityka.pl\/?p=2585"},"modified":"2014-09-10T13:23:45","modified_gmt":"2014-09-10T11:23:45","slug":"na-walizkach","status":"publish","type":"post","link":"https:\/\/blog.polityka.pl\/passent\/2014\/09\/10\/na-walizkach\/","title":{"rendered":"Na walizkach"},"content":{"rendered":"<p> &#8211; Czy Donald Tusk s\u0142usznie przyj\u0105\u0142 stanowisko przewodnicz\u0105cego Rady Europejskiej?<br \/>\n<!--more--><br \/>\n &#8211; Tak. Dla Polski jest to szansa wp\u0142ywu na nowym stanowisku, cho\u0107 nie b\u0119dzie zwi\u0119ksza\u0142 dop\u0142at dla rolnik\u00f3w i obni\u017ca\u0142 cen ropy, to sama jego obecno\u015b\u0107, akcentowanie spraw naszego regionu, wsp\u00f3\u0142kszta\u0142towanie Unii \u2013 wszystko to jest korzystne. Dla Platformy \u2013 ryzyko. Pozostaj\u0105c na stanowisku przewodnicz\u0105cego PO, Tusk nie gwarantowa\u0142 ju\u017c wygranych wybor\u00f3w 2015. Odchodz\u0105c, zwi\u0119ksza ryzyko, \u017ce partia bez niego rozleci si\u0119 i przegra, ale stwarza te\u017c szanse, \u017ce liderzy PO zrozumiej\u0105 powag\u0119 sytuacji i nie skocz\u0105 sobie do garde\u0142, przynajmniej przez najbli\u017cszy rok.<\/p>\n<p> &#8211; Co s\u0105dz\u0119 o atakach na decyzj\u0119 Tuska, \u017ce wzi\u0105\u0142 posad\u0119 dla siebie, nie dla Polski (\u0141. Warzecha), lub \u017ce \u201ew nagrod\u0119 za dostarczenie prawie 3 mln p\u00f3\u0142niewolnik\u00f3w na roboty do starej Europy (Tusk) jedzie tam sprawowa\u0107 urz\u0105d\u201d (P. Kukiz, \u201eW Sieci&#8221;).<br \/>\n &#8211; To polskie piek\u0142o. Ignorujmy to.<\/p>\n<p> &#8211; Gdzie Tusk mo\u017ce zrobi\u0107 dla Polski wi\u0119cej \u2013 w Warszawie czy w Brukseli?<br \/>\n &#8211; Wa\u017cne, co mo\u017ce zrobi\u0107 dla Europy, bo Unia to nasza przysz\u0142o\u015b\u0107. Mo\u017ce uda si\u0119 spowolni\u0107 podzia\u0142 na Uni\u0119 dw\u00f3ch pr\u0119dko\u015bci i wzmocni\u0107 szanse na euro w Polsce, a tak\u017ce zwr\u00f3ci\u0107 Uni\u0119 bardziej na ku wschodowi.<\/p>\n<p> &#8211; Czy kandydatura Ewy Kopacz na nast\u0119pczyni\u0119 Tuska w Polsce jest dobra?<br \/>\n &#8211;  Dobra, cho\u0107 nie budzi mojego entuzjazmu. E.K. przebi\u0142a si\u0119 z samych nizin, ma opini\u0119 osoby uczciwej i etycznej, nabra\u0142a do\u015bwiadczenia jako minister i marsza\u0142ek, jest osob\u0105 energiczn\u0105 i decyzyjn\u0105, w trudnych momentach wykazuje si\u0119 odwag\u0105 i determinacj\u0105. S\u0142abo\u015bci: nie jest osob\u0105, kt\u00f3ra zjad\u0142a z\u0119by na polityce, nie jest znana ze swoich pogl\u0105d\u00f3w w sprawach gospodarczych i zagranicznych, w tych dziedzinach jest osob\u0105 now\u0105. Od chwili pojawienia si\u0119 jej kandydatury sta\u0142a si\u0119 obiektem nagonki ze strony prawicowej opozycji (\u201espryciara\u201d, przez jej decyzje w Ministerstwie Zdrowia ludzie umieraj\u0105 na raka, z\u0142a minister, z\u0142a marsza\u0142kini \u201eod lod\u00f3wki\u201d, brak jej wdzi\u0119ku i charyzmy). Takie same ataki \u015bci\u0105gn\u0105\u0142by na siebie ka\u017cdy inny kandydat PO na premiera: Sikorski, K. Kwiatkowski, J. Lewandowski, J.K. Bielecki i inni. Te ataki spowoduj\u0105 wzrost notowa\u0144 Ewy Kopacz.<\/p>\n<p> &#8211; Czy wybory uzupe\u0142niaj\u0105ce do Senatu, wygrane 3:0 przez PiS przy minimalnej frekwencji, maj\u0105 znaczenie?<br \/>\n &#8211; Tak. Nie mo\u017cna ich ca\u0142kiem bagatelizowa\u0107 z powodu niskiej frekwencji. Jak by nie by\u0142o, to jednak frekwencja PiS si\u0119 pofatygowa\u0142a, a Platforma grillowa\u0142a. PiS ma wi\u0119ksz\u0105 zdolno\u015b\u0107 mobilizowania elektoratu i to z\u0142a wr\u00f3\u017cba dla PO.<\/p>\n<p> &#8211; Czy powo\u0142anie Ewy Kopacz na premiera zmieni lini\u0119 polityczn\u0105 rz\u0105du?<br \/>\n &#8211; Prof. Jadwiga Staniszkis, z kt\u00f3r\u0105 o tym rozmawia\u0142em na antenie Radia TOK, uwa\u017ca \u017ce tak. Jej zdaniem premier Kopacz b\u0119dzie bardziej otwarta na lewic\u0119, kt\u00f3ra jest s\u0142abiutka, ale do przysz\u0142ej koalicji mo\u017ce si\u0119 przyda\u0107. Bli\u017csza ni\u017c za Tuska wsp\u00f3\u0142praca Platformy z lewic\u0105 jest prawdopodobna.<\/p>\n<p> &#8211; Ar\u0142ukowicz out?<br \/>\n &#8211; Niekoniecznie, bo to bardzo trudny resort, nikt nie wyszed\u0142 ze\u0144 ca\u0142y.<\/p>\n<p> &#8211; Sikorski w Sejmie czy w rz\u0105dzie?<br \/>\n &#8211; Wola\u0142bym w rz\u0105dzie, na czele MSZ, mo\u017ce nawet jako wicepremier. Jako marsza\u0142ek Sejmu te\u017c by\u0142by na miejscu. Wtedy by\u0142by drug\u0105 osob\u0105 w pa\u0144stwie.<\/p>\n<p> &#8211; Co pan przewiduje?<br \/>\n &#8211; Przewiduj\u0119 przej\u015bciowy, trwaj\u0105cy ok. 10 dni, spadek aktywno\u015bci gospodarza \u201een passant\u201d z powodu urlopu. Wierz\u0119, \u017ce blogowicze wysoko ponios\u0105 sztandar naszego bloga.<\/p>\n","protected":false},"excerpt":{"rendered":"<p>&#8211; Czy Donald Tusk s\u0142usznie przyj\u0105\u0142 stanowisko przewodnicz\u0105cego Rady Europejskiej?<\/p>\n","protected":false},"author":4,"featured_media":0,"comment_status":"open","ping_status":"closed","sticky":false,"template":"","format":"standard","meta":{"footnotes":""},"categories":[1],"tags":[],"_links":{"self":[{"href":"https:\/\/blog.polityka.pl\/passent\/wp-json\/wp\/v2\/posts\/2585"}],"collection":[{"href":"https:\/\/blog.polityka.pl\/passent\/wp-json\/wp\/v2\/posts"}],"about":[{"href":"https:\/\/blog.polityka.pl\/passent\/wp-json\/wp\/v2\/types\/post"}],"author":[{"embeddable":true,"href":"https:\/\/blog.polityka.pl\/passent\/wp-json\/wp\/v2\/users\/4"}],"replies":[{"embeddable":true,"href":"https:\/\/blog.polityka.pl\/passent\/wp-json\/wp\/v2\/comments?post=2585"}],"version-history":[{"count":3,"href":"https:\/\/blog.polityka.pl\/passent\/wp-json\/wp\/v2\/posts\/2585\/revisions"}],"predecessor-version":[{"id":2588,"href":"https:\/\/blog.polityka.pl\/passent\/wp-json\/wp\/v2\/posts\/2585\/revisions\/2588"}],"wp:attachment":[{"href":"https:\/\/blog.polityka.pl\/passent\/wp-json\/wp\/v2\/media?parent=2585"}],"wp:term":[{"taxonomy":"category","embeddable":true,"href":"https:\/\/blog.polityka.pl\/passent\/wp-json\/wp\/v2\/categories?post=2585"},{"taxonomy":"post_tag","embeddable":true,"href":"https:\/\/blog.polityka.pl\/passent\/wp-json\/wp\/v2\/tags?post=2585"}],"curies":[{"name":"wp","href":"https:\/\/api.w.org\/{rel}","templated":true}]}}