
{"id":2595,"date":"2014-09-24T18:45:22","date_gmt":"2014-09-24T16:45:22","guid":{"rendered":"http:\/\/passent.blog.polityka.pl\/?p=2595"},"modified":"2014-09-24T19:31:51","modified_gmt":"2014-09-24T17:31:51","slug":"kac-po-majdanie","status":"publish","type":"post","link":"https:\/\/blog.polityka.pl\/passent\/2014\/09\/24\/kac-po-majdanie\/","title":{"rendered":"Kac po Majdanie"},"content":{"rendered":"<p>W Polsce, a mo\u017ce i szerzej \u2013 na Zachodzie &#8211; panuje kac po Majdanie. Najpierw panowa\u0142a euforia, dzielny nar\u00f3d ukrai\u0144ski zwr\u00f3ci\u0142 si\u0119 ku Zachodowi, pogoni\u0142 uleg\u0142ego wobec Rosji prezydenta, obala\u0142 zmursza\u0142y system postsowiecki. Ostatni wielki owoc z postsowieckiego sadu \u2013 od Estonii po Gruzj\u0119 &#8211; spada\u0142 prosto w obj\u0119cia Unii Europejskiej i NATO. Per\u0142a w koronie rosyjskiej strefy wp\u0142yw\u00f3w, tzw. bliskiej zagranicy, wypada\u0142a z orbity Kremla.<br \/>\n<!--more--><br \/>\nPutin poni\u017cony, Rosja upokorzona, niech \u017cyje wolna Ukraina. W Polsce panowa\u0142a euforia, w my\u015bl zasady, \u017ce im gorzej dla Rosji, tym lepiej dla Polski. Byli\u015bmy licz\u0105cym si\u0119 partnerem, architektami polityki wschodniej Unii, dyktowali\u015bmy warunki gry.<\/p>\n<p>Wkr\u00f3tce nast\u0105pi\u0142o otrze\u017awienie. Putin nie zamierza\u0142 biernie patrze\u0107, jak dope\u0142nia si\u0119 to, co uwa\u017ca za najgorsze, czyli rozpad ju\u017c nie tylko ZSRR, ale jego planu utworzenia z resztek po imperium unii euro-azjatyckiej, od Kazachstanu po Kij\u00f3w. Co prawda Kij\u00f3w i zachodni przyjaciele wolnej Ukrainy m\u00f3wili: \u201enie oddamy ani guzika\u201d, ale Putin si\u0119 tym nie przej\u0105\u0142, widz\u0105c, \u017ce ma atuty w r\u0119ku, a Zach\u00f3d nie zechce nadstawia\u0107 karku za Krym ani nawet za Donbas. Zielone ludziki, przys\u0142ane i uzbrojone przez Moskw\u0119, do sp\u00f3\u0142ki z separatystami i przy poparciu przynajmniej cz\u0119\u015bci ludno\u015bci rosyjskiej &#8211; g\u0142adko zaanektowa\u0142y Krym i zapanowa\u0142y nad po\u0142udniowo-wschodni\u0105 cz\u0119\u015bci\u0105 Ukrainy.<\/p>\n<p>Dzisiaj, zaledwie kilka miesi\u0119cy po tamtych wydarzeniach, okazuje si\u0119, \u017ce zwrot Krymu pozostaje w strefie marze\u0144, integralno\u015b\u0107 terytorialna Ukrainy stoi pod znakiem zapytania, wszyscy si\u0119 zastanawiaj\u0105, czy Putin przegra\u0142 (poniewa\u017c liczy\u0142 na wybuch og\u00f3lnonarodowego powstania), czy zadowoli si\u0119 jak\u0105\u015b form\u0105 \u201efederalizacji\u201d (czytaj: wyrwania spod wp\u0142yw\u00f3w Kijowa), czy te\u017c p\u00f3jdzie dalej na Zach\u00f3d, poniewa\u017c straszy, \u017ce po\u0142kni\u0119cie Polski czy republik ba\u0142tyckich to dla niego ma\u0142e piwo.  <\/p>\n<p>Poparcie dla polityki Putina w Rosji jest ogromne. Dzisiaj ameryka\u0144ski politolog Alexander Motyl m\u00f3wi \u201eGazecie\u201d: \u201eNiech sobie Rosjanie zabior\u0105 Donbas\u201d, to najbardziej reakcyjna cz\u0119\u015b\u0107 kraju, tylko kula u nogi wolnej, demokratycznej, prozachodniej Ukrainy. <\/p>\n<p>Z kolei <a href=\"http:\/\/www.polityka.pl\/tygodnikpolityka\/swiat\/1592657,1,co-gra-w-rosyjskiej-duszy.read\" target=\"_blank\">rosyjski politolog Niko\u0142aj Pietrow m\u00f3wi POLITYCE<\/a>, \u017ce rozszerzenie NATO pod same granice Rosji to by\u0142 b\u0142\u0105d, \u201esamospe\u0142niaj\u0105ca si\u0119 prognoza, kt\u00f3ra doprowadzi\u0142a do tego, \u017ce ryzyko konfliktu jest dzisiaj du\u017co wy\u017csze ni\u017c wtedy\u201d, kiedy rozpada\u0142 si\u0119 Uk\u0142ad Warszawski. W ka\u017cdym razie Polska i kraje wschodniej rubie\u017cy NATO czuj\u0105 si\u0119 dzi\u015b mniej bezpieczne.<\/p>\n<p>Co prawda zachodni specjali\u015bci \u2013 od Timothy&#8217;ego Gartona Asha po marsza\u0142ka Bogdana Borusewicza \u2013 uwa\u017caj\u0105, \u017ce Zach\u00f3d, w tym Polska, powinien sprzedawa\u0107 Ukrainie bro\u0144, ale to ju\u017c zupe\u0142nie co innego ni\u017c niedawne, entuzjastyczne wsparcie dla Majdanu i Ukrainy. <\/p>\n<p>Pozycja Polski w sprawie Ukrainy uleg\u0142a os\u0142abieniu, Francja, Niemcy, Rosja i Ukraina dogaduj\u0105 si\u0119 bez nas, a ostatnie ruchy kadrowe s\u0105 a\u017c nadto wymowne: Rados\u0142aw Sikorski, jeden z architekt\u00f3w polityki wschodniej, zosta\u0142 marsza\u0142kiem, ale&#8230; Sejmu, natomiast Tomasz Siemoniak, minister obrony, zosta\u0142 wicepremierem. Dyplomacja zawiod\u0142a \u2013 czas na wojsko.<\/p>\n","protected":false},"excerpt":{"rendered":"<p>W Polsce, a mo\u017ce i szerzej \u2013 na Zachodzie &#8211; panuje kac po Majdanie. Najpierw panowa\u0142a euforia, dzielny nar\u00f3d ukrai\u0144ski zwr\u00f3ci\u0142 si\u0119 ku Zachodowi, pogoni\u0142 uleg\u0142ego wobec Rosji prezydenta, obala\u0142 zmursza\u0142y system postsowiecki. Ostatni wielki owoc z postsowieckiego sadu \u2013 od Estonii po Gruzj\u0119 &#8211; spada\u0142 prosto w obj\u0119cia Unii Europejskiej i NATO. Per\u0142a w [&hellip;]<\/p>\n","protected":false},"author":4,"featured_media":0,"comment_status":"open","ping_status":"closed","sticky":false,"template":"","format":"standard","meta":{"footnotes":""},"categories":[1],"tags":[],"_links":{"self":[{"href":"https:\/\/blog.polityka.pl\/passent\/wp-json\/wp\/v2\/posts\/2595"}],"collection":[{"href":"https:\/\/blog.polityka.pl\/passent\/wp-json\/wp\/v2\/posts"}],"about":[{"href":"https:\/\/blog.polityka.pl\/passent\/wp-json\/wp\/v2\/types\/post"}],"author":[{"embeddable":true,"href":"https:\/\/blog.polityka.pl\/passent\/wp-json\/wp\/v2\/users\/4"}],"replies":[{"embeddable":true,"href":"https:\/\/blog.polityka.pl\/passent\/wp-json\/wp\/v2\/comments?post=2595"}],"version-history":[{"count":3,"href":"https:\/\/blog.polityka.pl\/passent\/wp-json\/wp\/v2\/posts\/2595\/revisions"}],"predecessor-version":[{"id":2599,"href":"https:\/\/blog.polityka.pl\/passent\/wp-json\/wp\/v2\/posts\/2595\/revisions\/2599"}],"wp:attachment":[{"href":"https:\/\/blog.polityka.pl\/passent\/wp-json\/wp\/v2\/media?parent=2595"}],"wp:term":[{"taxonomy":"category","embeddable":true,"href":"https:\/\/blog.polityka.pl\/passent\/wp-json\/wp\/v2\/categories?post=2595"},{"taxonomy":"post_tag","embeddable":true,"href":"https:\/\/blog.polityka.pl\/passent\/wp-json\/wp\/v2\/tags?post=2595"}],"curies":[{"name":"wp","href":"https:\/\/api.w.org\/{rel}","templated":true}]}}