
{"id":2601,"date":"2014-09-28T16:48:19","date_gmt":"2014-09-28T14:48:19","guid":{"rendered":"http:\/\/passent.blog.polityka.pl\/?p=2601"},"modified":"2014-09-28T17:08:48","modified_gmt":"2014-09-28T15:08:48","slug":"partia-oslow","status":"publish","type":"post","link":"https:\/\/blog.polityka.pl\/passent\/2014\/09\/28\/partia-oslow\/","title":{"rendered":"Partia os\u0142\u00f3w"},"content":{"rendered":"<p>Sam papie\u017c Franciszek pokaza\u0142 os\u0142om, gdzie jest ich miejsce. Nak\u0142adaj\u0105c areszt domowy na polskiego arcybiskupa podejrzanego o pedofili\u0119, Franciszek pokaza\u0142, \u017ce tym razem nie ma \u201eprzebacz\u201d. To wa\u017cny sygna\u0142 dla Ko\u015bcio\u0142a katolickiego. (Pisz\u0119 Ko\u015bci\u00f3\u0142 od du\u017cej litery, bo mam na my\u015bli instytucj\u0119, a nie konkretn\u0105 budowl\u0119).<br \/>\n<!--more--><br \/>\nPrzy okazji warto przypomnie\u0107, \u017ce Ko\u015bci\u00f3\u0142 nie oczyszcza si\u0119 sam, z w\u0142asnej inicjatywy, bo na to mia\u0142 kilkaset lat. Decyzja Franciszka nie by\u0142aby mo\u017cliwa, gdyby nie lata presji ze strony \u015bwieckich ofiar pedofilii, a tak\u017ce opinii publicznej, przede wszystkim na Zachodzie, zw\u0142aszcza w USA. To tam rozbrzmiewa g\u0142o\u015bno: \u201etak \u2013 tak, nie \u2013 nie\u201d. Ca\u0142e szcz\u0119\u015bcie, \u017ce nie jeste\u015bmy ju\u017c odgrodzeni od \u015bwiata \u017celazn\u0105 kurtyn\u0105, kiedy o takich sprawach w Polsce si\u0119 nie m\u00f3wi\u0142o, jak gdyby nic nie by\u0142o.<\/p>\n<p>Profesor Micha\u0142 Kr\u00f3likowski odchodzi z rz\u0105du, konkretnie ze stanowiska wiceministra sprawiedliwo\u015bci. Nie w\u0105tpi\u0119, \u017ce jest to znakomity prawnik i chyba utalentowany polityk, o kt\u00f3rym jeszcze us\u0142yszymy. Ma zaledwie 37 lat, a ju\u017c jest profesorem i by\u0142ym podsekretarzem stanu. <\/p>\n<p>Zwolnienie obu konserwatyst\u00f3w w ministerstwie \u2013 ministra Biernackiego i jego zast\u0119pcy \u2013 ma jedn\u0105 niew\u0105tpliw\u0105 zalet\u0119. Nareszcie kto\u015b odchodzi, czy jest zwolniony, z powodu r\u00f3\u017cnicy pogl\u0105d\u00f3w, z powodu tego, co robi\u0142 i my\u015bla\u0142, a nie z powodu kosztownego zegarka, wyjazdu do Brukseli lub jakiej\u015b afery. <\/p>\n<p>Premier Kopacz odsun\u0119\u0142a ministra, nowy minister, Grabarczyk, i nie tylko on, krytycznie ocenia\u0142 zbytnie \u2013 jego zdaniem \u2013 zaanga\u017cowanie ideologiczne wiceministra, wi\u0119c si\u0119 rozstali. I tak powinno by\u0107. Prawicowe media od razu straszy\u0142y, \u017ce now\u0105 wiceminister zostanie prof. Monika P\u0142atek. To by\u0142oby zbyt pi\u0119kne, \u017ceby by\u0142o prawdziwe. Alarm w mediach mia\u0142 na celu utr\u0105cenie tej (ma\u0142o prawdopodobnej) kandydatury.<\/p>\n<p>Teresa Piotrowska, nowa minister spraw wewn\u0119trznych, nie chce zajmowa\u0107 si\u0119 s\u0142u\u017cbami, wi\u0119c kontrol\u0119 nad nimi b\u0119dzie sprawowa\u0142 Jacek Cichocki, szef Kancelarii Premiera. OK, tylko czy nie mo\u017cna by\u0142o tego wyja\u015bni\u0107 przed obsadzeniem stanowiska ministra SW? Wysz\u0142o niefortunnie.<\/p>\n<p>Maria Wasiak, minister, pod naporem Ewy Kopacz przekaza\u0142a w\u0105tpliw\u0105 odpraw\u0119 z PKP na cel charytatywny, a Igor Ostachowicz zrezygnowa\u0142 \u2013 tak\u017ce po interwencji pani premier &#8211; z lukratywnej posady w zarz\u0105dzie PKN Orlen. Dobre i to, ale mleko si\u0119 rozla\u0142o, straty polityczne Platformy i rz\u0105du s\u0105 faktem. <\/p>\n<p>Media spisa\u0142y si\u0119 na medal, zw\u0142aszcza te \u201ere\u017cimowe\u201d, kt\u00f3re podobno s\u0105 na pasku rz\u0105du (w zamian za pa\u0144stwowe og\u0142oszenia&#8230;). Pozostaj\u0105 sprawy zaniedbane od lat: niedop\u0142aceni ludzie na wysokich stanowiskach pa\u0144stwowych (strach przed populistami ka\u017cdej kolejnej opozycji oraz brukowcami parali\u017cuje rz\u0105dz\u0105cych), niedobry spos\u00f3b nominacji do sp\u00f3\u0142ek Skarbu Pa\u0144stwa (\u017caden rz\u0105d nie chce zrezygnowa\u0107 z tego uzusu, propozycja Jana K. Bieleckiego utworzenia ponadpartyjnej komisji \u00e1 la Rada Polityki Pieni\u0119\u017cnej pow\u0119drowa\u0142a do szuflady), niska kultura polityczna, bo nawet przy obecnym systemie mo\u017cna unika\u0107 gaf.<\/p>\n<p>Zaniechania kolejnych rz\u0105d\u00f3w mszcz\u0105 si\u0119 nie tylko w sp\u00f3\u0142kach Skarbu Pa\u0144stwa. Do zaniecha\u0144 ze strachu nale\u017cy odk\u0142adanie reformy KRUS oraz g\u00f3rnictwa. Na to nie ma m\u0105drych i odwa\u017cnych. Wszyscy wiedz\u0105, co ma by\u0107 zrobione, i nikt si\u0119 na to nie decyduje, boj\u0105 si\u0119 rolnik\u00f3w i g\u00f3rnik\u00f3w.<\/p>\n<p>O\u015aLICA, kt\u00f3ra protestowa\u0142a z powodu jawnego, publicznego wsp\u00f3\u0142\u017cycia os\u0142\u00f3w w ZOO, zrobi\u0142a \u015bwiatow\u0105 karier\u0119. Dyrekcja, kt\u00f3ra na kilka godzin odseparowa\u0142a od siebie o\u015bl\u0105 par\u0119, pokaza\u0142a, jak silna jest w Polsce partia os\u0142\u00f3w. Od ogrod\u00f3w zoologicznych po konwencj\u0119 przemocow\u0105 &#8211; m\u00f3wi\u0105 \u201enie\u201d.<\/p>\n","protected":false},"excerpt":{"rendered":"<p>Sam papie\u017c Franciszek pokaza\u0142 os\u0142om, gdzie jest ich miejsce. Nak\u0142adaj\u0105c areszt domowy na polskiego arcybiskupa podejrzanego o pedofili\u0119, Franciszek pokaza\u0142, \u017ce tym razem nie ma \u201eprzebacz\u201d. To wa\u017cny sygna\u0142 dla Ko\u015bcio\u0142a katolickiego. (Pisz\u0119 Ko\u015bci\u00f3\u0142 od du\u017cej litery, bo mam na my\u015bli instytucj\u0119, a nie konkretn\u0105 budowl\u0119).<\/p>\n","protected":false},"author":4,"featured_media":0,"comment_status":"open","ping_status":"closed","sticky":false,"template":"","format":"standard","meta":{"footnotes":""},"categories":[1],"tags":[],"_links":{"self":[{"href":"https:\/\/blog.polityka.pl\/passent\/wp-json\/wp\/v2\/posts\/2601"}],"collection":[{"href":"https:\/\/blog.polityka.pl\/passent\/wp-json\/wp\/v2\/posts"}],"about":[{"href":"https:\/\/blog.polityka.pl\/passent\/wp-json\/wp\/v2\/types\/post"}],"author":[{"embeddable":true,"href":"https:\/\/blog.polityka.pl\/passent\/wp-json\/wp\/v2\/users\/4"}],"replies":[{"embeddable":true,"href":"https:\/\/blog.polityka.pl\/passent\/wp-json\/wp\/v2\/comments?post=2601"}],"version-history":[{"count":2,"href":"https:\/\/blog.polityka.pl\/passent\/wp-json\/wp\/v2\/posts\/2601\/revisions"}],"predecessor-version":[{"id":2604,"href":"https:\/\/blog.polityka.pl\/passent\/wp-json\/wp\/v2\/posts\/2601\/revisions\/2604"}],"wp:attachment":[{"href":"https:\/\/blog.polityka.pl\/passent\/wp-json\/wp\/v2\/media?parent=2601"}],"wp:term":[{"taxonomy":"category","embeddable":true,"href":"https:\/\/blog.polityka.pl\/passent\/wp-json\/wp\/v2\/categories?post=2601"},{"taxonomy":"post_tag","embeddable":true,"href":"https:\/\/blog.polityka.pl\/passent\/wp-json\/wp\/v2\/tags?post=2601"}],"curies":[{"name":"wp","href":"https:\/\/api.w.org\/{rel}","templated":true}]}}