
{"id":2606,"date":"2014-10-01T17:48:27","date_gmt":"2014-10-01T15:48:27","guid":{"rendered":"http:\/\/passent.blog.polityka.pl\/?p=2606"},"modified":"2014-10-01T23:20:02","modified_gmt":"2014-10-01T21:20:02","slug":"expose-bez-zludzen","status":"publish","type":"post","link":"https:\/\/blog.polityka.pl\/passent\/2014\/10\/01\/expose-bez-zludzen\/","title":{"rendered":"Expose bez z\u0142udze\u0144"},"content":{"rendered":"<p><a href=\"http:\/\/www.polityka.pl\/tygodnikpolityka\/kraj\/1594583,1,najwazniejsze-tezy-expos-ewy-kopacz.read\" target=\"_blank\">Expos\u00e9<\/a> pani premier Kopacz mia\u0142o swoje zalety (i braki), aczkolwiek porywaj\u0105ce nie by\u0142o. Nie za d\u0142ugie, nie za kr\u00f3tkie \u2013 w sam raz. By\u0142o koncyliacyjne, i to z pewnym  powodzeniem, bo Jaros\u0142aw Kaczy\u0144ski wykona\u0142 gest wobec Donalda Tuska, zapewni\u0142, \u017ce go nie nienawidzi i \u017cyczy\u0142 przewodnicz\u0105cemu Rady Europejskiej \u2013 elektowi, powodzenia. Tusk by\u0142 tym zbudowany.<br \/>\n<!--more--><br \/>\nKopacz te\u017c \u017cyczy\u0142a \u201eDonaldowi\u201d sukces\u00f3w, ale \u2013 ca\u0142kiem s\u0142usznie \u2013 przypomnia\u0142a, \u017ce to jest \u201ejej rz\u0105d i bierze za niego ca\u0142kowit\u0105 odpowiedzialno\u015b\u0107\u201d. Nie by\u0142o niczego, co by wskazywa\u0142o na \u201erozw\u00f3d\u201d duetu Kopacz \u2013 Tusk, by\u0142y premier pochwali\u0142 nawet powo\u0142anie Grzegorza Schetyny na szefa MSZ. Na ile to by\u0142o dyplomatyczne, a na ile szczere \u2013 nie wiadomo. Tusk na pewno woli, \u017ceby Platforma wygra\u0142a wybory ze Schetyn\u0105 (czyli sklejona), ni\u017c gdyby mia\u0142a przegra\u0107 rozklekotana i bez Schetyny.<\/p>\n<p>Stawka Kopacz na odzyskanie zaufania w spo\u0142ecze\u0144stwie jest jak najbardziej s\u0142uszna, to g\u0142\u00f3wny problem Platformy i rz\u0105du, wida\u0107 to w badaniach zaufania do instytucji i polityk\u00f3w. Sama premier wypad\u0142a lepiej ni\u017c kilka dni temu, podczas prezentacji rz\u0105du. Ani razu nie podkre\u015bli\u0142a, \u017ce jest kobiet\u0105.<\/p>\n<p>W sprawie Ukrainy expos\u00e9 by\u0142o pow\u015bci\u0105gliwe, \u201epragmatyczne\u201d, wskazuje na niebezpiecze\u0144stwo osamotnienia Polski i nierealistycznych oczekiwa\u0144.  Godne uwagi by\u0142y s\u0142owa o \u201emilcz\u0105cej wi\u0119kszo\u015bci\u201d w Polsce, kt\u00f3ra ma do\u015b\u0107 wojny polsko-polskiej. Zgodnie z oczekiwaniami podkre\u015blono znaczenie bezpiecze\u0144stwa kraju i obywateli, dosypuj\u0105c grosza na oba cele, np. na \u017c\u0142obki i na \u017co\u0142nierzy. Pad\u0142o kilka wywa\u017conych s\u0142\u00f3w na temat przyj\u0119cia euro, w tonacji \u201etak, ale\u201d, bez konkretnego terminu, gdy obie strony dojrzej\u0105.<\/p>\n<p>Pad\u0142y liczne zobowi\u0105zania \u2013 obietnice, jak to w expos\u00e9. Zapowiedziano prace nad now\u0105 ordynacj\u0105 podatkow\u0105, wsparcie BGK dla polskich przedsi\u0119biorc\u00f3w, wi\u0119cej zaufania do przedsi\u0119biorc\u00f3w, dost\u0119p do pomocy prawnej dla najubo\u017cszych. W\u0119giel ma pozosta\u0107 oczkiem w g\u0142owie (g\u00f3rnicy stali przed Sejmem). \u017badnej zapowiedzi niemi\u0142ej dla g\u00f3rnik\u00f3w, nic o KRUS. <\/p>\n<p>Powiedziano, co trzeba, w sprawie kryzysu demograficznego, urlop\u00f3w rodzicielskich, szk\u00f3\u0142, w tym szk\u00f3\u0142 zawodowych, przedszkoli, \u017c\u0142obk\u00f3w, a nawet oty\u0142o\u015bci dzieci, a tak\u017ce ludzi w zaawansowanym wieku (utworzenie instytutu geriatrii), cho\u0107 w najbli\u017cszych latach nie oczekuj\u0119 widocznej poprawy (a w dalszej przysz\u0142o\u015bci wszyscy b\u0119dziemy martwi \u2013 jak m\u00f3wi\u0142 J.M. Keynes). Bezpiecze\u0144stwo to s\u0142owo-klucz expos\u00e9: bezpiecze\u0144stwo kraju, rodzin, ludzi starszych (solidarno\u015b\u0107 pokole\u0144), a nawet monitorowanie pomieszcze\u0144 szkolnych.<\/p>\n<p>W sumie du\u017co liczb i obietnic, \u017cadnej agresji. Jak s\u0142usznie zauwa\u017cy\u0142 Leszek Miller (najlepsze przem\u00f3wienie cz\u0142onka opozycji), premier Kopacz ani s\u0142owem nie wspomnia\u0142a o sprawach \u015bwiatopogl\u0105dowych, o konwencji \u201eprzemocowej\u201d, stale odk\u0142adanej, czy o in vitro (to ostatnie nadrobi\u0142a,  odpowiadaj\u0105c na pytania). <\/p>\n<p>Wyst\u0105pienie pos\u0142anki PiS Anny Zalewskiej to by\u0142 pokaz agresji w starym stylu, odbiera\u0142o nadziej\u0119 na jakiekolwiek sto dni wsp\u00f3\u0142pracy, m\u00f3wi\u0142a do rz\u0105dz\u0105cych per \u201ewy\u201d, na ko\u0144cu, odgrzewaj\u0105c Smole\u0144sk, odm\u00f3wi\u0142a im nawet przyzwoito\u015bci. Ewa Kopacz dzielnie odpowiada\u0142a, daj\u0105c dow\u00f3d zdolno\u015bci polemicznych. Janusz Palikot (Tw\u00f3j Ruch), nominalnie w opozycji, w dyskusji popar\u0142 Ew\u0119 Kopacz, jak gdyby liczy\u0142 na to, \u017ce po wyborach jego ruch znajdzie si\u0119 obok Platformy i SLD w koalicji rz\u0105dz\u0105cej.<\/p>\n<p>W expos\u00e9 zabrak\u0142o cho\u0107by kilku s\u0142\u00f3w o kulturze, mediach (cho\u0107by publicznych), a tak\u017ce chwili refleksji nad tym, gdzie jeste\u015bmy, dok\u0105d idziemy. Ale kto by si\u0119 mia\u0142 na tak\u0105 refleksj\u0119 zdoby\u0107?<\/p>\n<p>Od jutra b\u0119dziemy mieli stary-nowy rz\u0105d i rozpocznie si\u0119 kampania wyborcza. <\/p>\n<p><strong>PS ZAPROSZENIE<\/strong><br \/>\nProf. Leszek BALCEROWICZ b\u0119dzie bohaterem programu \u201eGo\u015bcie Passenta\u201d w Radiu TOK FM, jak zawsze we wtorek, 7 pa\u017adziernika, godz. 20.05. Zapraszam!<\/p>\n","protected":false},"excerpt":{"rendered":"<p>Expos\u00e9 pani premier Kopacz mia\u0142o swoje zalety (i braki), aczkolwiek porywaj\u0105ce nie by\u0142o. Nie za d\u0142ugie, nie za kr\u00f3tkie \u2013 w sam raz. By\u0142o koncyliacyjne, i to z pewnym powodzeniem, bo Jaros\u0142aw Kaczy\u0144ski wykona\u0142 gest wobec Donalda Tuska, zapewni\u0142, \u017ce go nie nienawidzi i \u017cyczy\u0142 przewodnicz\u0105cemu Rady Europejskiej \u2013 elektowi, powodzenia. Tusk by\u0142 tym zbudowany.<\/p>\n","protected":false},"author":4,"featured_media":0,"comment_status":"open","ping_status":"closed","sticky":false,"template":"","format":"standard","meta":{"footnotes":""},"categories":[1],"tags":[],"_links":{"self":[{"href":"https:\/\/blog.polityka.pl\/passent\/wp-json\/wp\/v2\/posts\/2606"}],"collection":[{"href":"https:\/\/blog.polityka.pl\/passent\/wp-json\/wp\/v2\/posts"}],"about":[{"href":"https:\/\/blog.polityka.pl\/passent\/wp-json\/wp\/v2\/types\/post"}],"author":[{"embeddable":true,"href":"https:\/\/blog.polityka.pl\/passent\/wp-json\/wp\/v2\/users\/4"}],"replies":[{"embeddable":true,"href":"https:\/\/blog.polityka.pl\/passent\/wp-json\/wp\/v2\/comments?post=2606"}],"version-history":[{"count":4,"href":"https:\/\/blog.polityka.pl\/passent\/wp-json\/wp\/v2\/posts\/2606\/revisions"}],"predecessor-version":[{"id":2611,"href":"https:\/\/blog.polityka.pl\/passent\/wp-json\/wp\/v2\/posts\/2606\/revisions\/2611"}],"wp:attachment":[{"href":"https:\/\/blog.polityka.pl\/passent\/wp-json\/wp\/v2\/media?parent=2606"}],"wp:term":[{"taxonomy":"category","embeddable":true,"href":"https:\/\/blog.polityka.pl\/passent\/wp-json\/wp\/v2\/categories?post=2606"},{"taxonomy":"post_tag","embeddable":true,"href":"https:\/\/blog.polityka.pl\/passent\/wp-json\/wp\/v2\/tags?post=2606"}],"curies":[{"name":"wp","href":"https:\/\/api.w.org\/{rel}","templated":true}]}}