
{"id":263,"date":"2007-05-08T07:11:57","date_gmt":"2007-05-08T05:11:57","guid":{"rendered":"http:\/\/passent.blog.polityka.pl\/?p=263"},"modified":"2007-05-08T07:11:57","modified_gmt":"2007-05-08T05:11:57","slug":"kto-tu-zwariowal","status":"publish","type":"post","link":"https:\/\/blog.polityka.pl\/passent\/2007\/05\/08\/kto-tu-zwariowal\/","title":{"rendered":"Kto tu zwariowa\u0142"},"content":{"rendered":"<p>\u201ePrzegrali\u015bmy bitw\u0119 o przesz\u0142o\u015b\u0107\u201d, \u201eprzegrali\u015bmy bitw\u0119 o histori\u0119\u201d \u2013 m\u00f3wili dzia\u0142acze opozycji demokratycznej, kiedy w latach 90. lewica postkomunistyczna (innej praktycznie nie by\u0142o) wr\u00f3ci\u0142a do w\u0142adzy. Wi\u0119c teraz, kiedy lewica ledwo dyszy, prawica odzyskuje histori\u0119, pisze od nowa podr\u0119czniki, burzy i stawia pomniki, zmienia nazwy ulic i lustruje patron\u00f3w szk\u00f3\u0142. Jeden z najcz\u0119\u015bciej powtarzanych slogan\u00f3w brzmi:<\/p>\n<blockquote><p>Nie da si\u0119 budowa\u0107 przysz\u0142o\u015bci bez rozliczenia (zrozumienia, wyja\u015bnienia etc) przesz\u0142o\u015bci.<\/p><\/blockquote>\n<p>Pogl\u0105du tego nie nale\u017cy jednak interpretowa\u0107 dos\u0142ownie, po prostacku, tak jak to si\u0119 dzieje dzisiaj.<\/p>\n<p>Wystarczy wspomnie\u0107, \u017ce kraje b\u0119d\u0105ce wzorem transformacji od dyktatury do demokracji, tj. Hiszpania i Chile, post\u0105pi\u0142y wr\u0119cz odwrotnie, i to w pe\u0142ni \u015bwiadomie. W Hiszpanii pod patronatem kr\u00f3la, po \u015bmierci Franco oby\u0142o si\u0119 bez skakania sobie do oczu, bez rozdzierania ledwie zabli\u017anionych ran, ministrowie z czas\u00f3w dyktatury pozostali w \u017cyciu politycznym, a nawet w rz\u0105dzie, najpierw w Madrycie, a potem, jeszcze do niedawna, w prowincjach. Dopiero teraz, kiedy lewica usi\u0142uje \u201eodzyska\u0107 przesz\u0142o\u015b\u0107\u201d, rozliczy\u0107 morderc\u00f3w, ekshumowa\u0107 ofiary dyktatury \u2013 prawica protestuje przeciwko wzniecaniu podzia\u0142\u00f3w, manipulowaniu histori\u0105 itd.<\/p>\n<p>Podobnie w Chile, gdzie jeszcze kilka lat temu mia\u0142em do czynienia z dyplomatami, kt\u00f3rzy pracowali w MSZ p\u00f3\u0142 wieku bez przerwy \u2013 za socjalizmu Allende, za dyktatury Pinocheta, i obecnie &#8211; za demokracji. Kiedy chcia\u0142em wykona\u0107 polecenie \u00f3wczesnego premiera Cimoszewicza (1997 r.) i z\u0142o\u017cy\u0107 wi\u0105zank\u0119 kwiat\u00f3w na g\u0142\u00f3wnym stadionie stolicy, kt\u00f3ry s\u0142u\u017cy\u0142 za ob\u00f3z, gdzie zamordowano m.in. s\u0142ynnego piosenkarza Victora Jar\u0119, okaza\u0142o si\u0119, \u017ce nie ma tam najmniejszej tablicy pami\u0105tkowej, nie m\u00f3wi\u0105c ju\u017c o pomniku ofiar. W ramach \u201etransformacji przez zapomnienie\u201d, po upadku Pinocheta wi\u0119kszo\u015b\u0107 Chilijczyk\u00f3w \u201ewybra\u0142a przysz\u0142o\u015b\u0107\u201d, a odzyskiwaniem historii zajmowa\u0142a si\u0119 i zajmuje g\u0142ownie lewica. Mo\u017ce gdyby Hiszpanie i Chilijczycy oddali si\u0119 rozliczeniom zamiast pojednaniu, ich kraje nie by\u0142yby dzi\u015b symbolami sukcesu?<\/p>\n<p>We wszystkim, tak\u017ce w odzyskiwaniu historii, po\u015bpiech jest z\u0142ym doradc\u0105. Obecne w\u0142adze w Polsce, chc\u0105c upokorzy\u0107 i ukara\u0107 jak najwi\u0119cej autorytet\u00f3w z obu stron barykady \u2013 od Jaruzelskiego po Geremka i Michnika \u2013 same kr\u0119c\u0105 bicz na siebie. Zamiast okaza\u0107 kultur\u0119 polityczn\u0105 mszcz\u0105 si\u0119 nie wiadomo za co, chyba za niedostatek w\u0142asnych zas\u0142ug i kompleksy na tym tle.<br \/>\n\u00a0<br \/>\nWcale mnie wi\u0119c nie dziwi, \u017ce Polska \u2013 ustami Romana Giertycha \u2013 nie zgodzi\u0142a si\u0119 na pomys\u0142 opracowania wsp\u00f3lnego, europejskiego podr\u0119cznika historii. Wszak kto kontroluje przesz\u0142o\u015b\u0107 \u2013 ten kontroluje tera\u017aniejszo\u015b\u0107 (vide IPN, nowa polityka historyczna, pomniki Dmowskiego i Kurasia &#8211; &#8222;Ognia&#8221; zamiast pomnik\u00f3w komunist\u00f3w oraz so\u0142dat\u00f3w) i kszta\u0142tuje przysz\u0142o\u015b\u0107. Bez wroga, cho\u0107by z przesz\u0142o\u015bci, przeciwko komu, a przede wszystkim &#8211; wok\u00f3\u0142 kogo, byliby\u015bmy silni, zwarci i gotowi? Zainteresowanym histori\u0105 i literatur\u0105 polecam artyku\u0142 dra Piotra Laskowskiego, dyrektora liceum im. Jacka Kuronia, kt\u00f3ry skomentowa\u0142 (w \u201eGW\u201d) tematy maturalne z j\u0119zyka polskiego, jako sprzyjaj\u0105ce patriotyczno &#8211; martyrologicznym frazesom.<\/p>\n<blockquote><p>Zredukowanie jednego z najlepszych polskich tekst\u00f3w literackich (\u201eDziady\u201d) do formu\u0142ek o cierpieniu m\u0142odzie\u017cy za ojczyzn\u0119 w XIX wieku to akt kulturowego barbarzy\u0144stwa.<\/p><\/blockquote>\n<p>Po przeanalizowaniu temat\u00f3w brytyjskich i polskich, autor dochodzi do wniosku, \u017ce \u201epropagowany przez ministra spos\u00f3b my\u015blenia o humanistyce zamienia j\u0105 w bezlito\u015bnie nudn\u0105 ideologiczna \u0142upanin\u0119, odcinaj\u0105c m\u0142odych Polak\u00f3w od mo\u017cliwo\u015bci intelektualnego dialogu z r\u00f3wie\u015bnikami z Zachodu.\u201d<\/p>\n<p>I o to, Panie Dyrektorze, chodzi, \u017ceby\u015bmy si\u0119 w dialog z Zachodem nie wdawali, jeno wbijali Zachodowi do g\u0142owy nasz\u0105 wizj\u0119 \u015bwiata i okolic. Nie na kolanach \u2013 tylko na stojaka, z podniesiona g\u0142ow\u0105. (Dziennikarze \u201ePrzegl\u0105du\u201d w rozmowie z Geremkiem wr\u0119cz ogl\u0105dali jego spodnie, \u017ceby sprawdzi\u0107, czy od kl\u0119czenia przed Zachodem s\u0105 wy\u015bwiecone na kolanach).<\/p>\n<p>Jedyna pociecha, to \u2013 jak pisze Jacek \u017bakowski \u2013 \u017ce miejsce Polski w Europie jest trwa\u0142e, a miejsce Giertycha w rz\u0105dzie \u2013 epizodyczne, za przynale\u017cno\u015bci\u0105 Polski do Europy jest 60-90 proc. Polak\u00f3w, a za parti\u0105 Giertycha opowiada si\u0119 1-6 proc. rodak\u00f3w.<\/p>\n<p>Je\u015bli chodzi o Europ\u0119, to jestem ju\u017c zdezorientowany. Kiedy Francja &#8211; ukochana c\u00f3ra Europy \u2013 wybiera na prezydenta Sarkozy\u2019ego, to jest cacy. Natomiast kiedy ta sama Francja, ustami obojga kandydat\u00f3w na prezydenta, bierze w obron\u0119 Geremka \u2013 to jest be, to jest og\u0142upionym salonem. Bronis\u0142aw Wildstein (w \u201eRz.\u201d) ubolewa nad ciemnot\u0105 Europejczyk\u00f3w, zw\u0142aszcza tych z salonu. Od w\u0142oskiej \u201eLa Repubblica\u201d po szwedzki \u201eDagens Nyheter\u201d \u2013 wszyscy staj\u0105 w obronie Geremka przed polskim rz\u0105dem. Nawet w Afryce Po\u0142udniowej miejscowa gazeta \u201eGuardian&#038;Mail\u201d lituje si\u0119 nad Jaruzelskim. Rycerze IV RP nie zdo\u0142ali jeszcze nawr\u00f3ci\u0107 wszystkich Polak\u00f3w, a teraz okazuje si\u0119, ile jeszcze zosta\u0142o roboty w Europie i w Afryce. Kiedy Zach\u00f3d ujmowa\u0142 si\u0119 za \u201eSolidarno\u015bci\u0105\u201d to by\u0142 cacy, a kiedy upomina si\u0119 o Geremka, to jest og\u0142upia\u0142ym salonem, opanowanym przez lewic\u0119<\/p>\n<p>W dodatku ten Sarkozy zapewnia, \u017ce chce by\u0107 \u201eprezydentem wszystkich Francuz\u00f3w\u201d. Chyba ma jednak nie w porz\u0105dku pod sufitem. Nasz prezydent nigdy nie obieca\u0142, \u017ce b\u0119dzie prezydentem wszystkich Polak\u00f3w. I s\u0142owa dotrzyma\u0142.<\/p>\n","protected":false},"excerpt":{"rendered":"<p>\u201ePrzegrali\u015bmy bitw\u0119 o przesz\u0142o\u015b\u0107\u201d, \u201eprzegrali\u015bmy bitw\u0119 o histori\u0119\u201d \u2013 m\u00f3wili dzia\u0142acze opozycji demokratycznej, kiedy w latach 90. lewica postkomunistyczna (innej praktycznie nie by\u0142o) wr\u00f3ci\u0142a do w\u0142adzy. Wi\u0119c teraz, kiedy lewica ledwo dyszy, prawica odzyskuje histori\u0119, pisze od nowa podr\u0119czniki, burzy i stawia pomniki, zmienia nazwy ulic i lustruje patron\u00f3w szk\u00f3\u0142. Jeden z najcz\u0119\u015bciej powtarzanych slogan\u00f3w [&hellip;]<\/p>\n","protected":false},"author":4,"featured_media":0,"comment_status":"open","ping_status":"open","sticky":false,"template":"","format":"standard","meta":{"footnotes":""},"categories":[1],"tags":[],"_links":{"self":[{"href":"https:\/\/blog.polityka.pl\/passent\/wp-json\/wp\/v2\/posts\/263"}],"collection":[{"href":"https:\/\/blog.polityka.pl\/passent\/wp-json\/wp\/v2\/posts"}],"about":[{"href":"https:\/\/blog.polityka.pl\/passent\/wp-json\/wp\/v2\/types\/post"}],"author":[{"embeddable":true,"href":"https:\/\/blog.polityka.pl\/passent\/wp-json\/wp\/v2\/users\/4"}],"replies":[{"embeddable":true,"href":"https:\/\/blog.polityka.pl\/passent\/wp-json\/wp\/v2\/comments?post=263"}],"version-history":[{"count":0,"href":"https:\/\/blog.polityka.pl\/passent\/wp-json\/wp\/v2\/posts\/263\/revisions"}],"wp:attachment":[{"href":"https:\/\/blog.polityka.pl\/passent\/wp-json\/wp\/v2\/media?parent=263"}],"wp:term":[{"taxonomy":"category","embeddable":true,"href":"https:\/\/blog.polityka.pl\/passent\/wp-json\/wp\/v2\/categories?post=263"},{"taxonomy":"post_tag","embeddable":true,"href":"https:\/\/blog.polityka.pl\/passent\/wp-json\/wp\/v2\/tags?post=263"}],"curies":[{"name":"wp","href":"https:\/\/api.w.org\/{rel}","templated":true}]}}