
{"id":2631,"date":"2014-10-22T18:13:05","date_gmt":"2014-10-22T16:13:05","guid":{"rendered":"http:\/\/passent.blog.polityka.pl\/?p=2631"},"modified":"2014-10-27T19:02:53","modified_gmt":"2014-10-27T18:02:53","slug":"radek-i-radoslaw","status":"publish","type":"post","link":"https:\/\/blog.polityka.pl\/passent\/2014\/10\/22\/radek-i-radoslaw\/","title":{"rendered":"Radek i Rados\u0142aw"},"content":{"rendered":"<p>SIKORSKI Radek i Rados\u0142aw to dwa r\u00f3\u017cne oblicza tej samej osoby. Radek jest bezpo\u015bredni, bystry, bywa\u0142y, szybki i b\u0142yskotliwy, to wieczny ch\u0142opiec, kt\u00f3ry od czasu do czasu pr\u0119dzej m\u00f3wi, ni\u017c dobiera s\u0142owa.<br \/>\n<!--more--><br \/>\nNa og\u00f3\u0142 ma wtedy racj\u0119, ale niekiedy wyra\u017ca j\u0105 zbyt dosadnie, jak na przyk\u0142ad wtedy, gdy por\u00f3wnuje Gazoci\u0105g P\u00f3\u0142nocny do paktu Ribbentrop\u2013Mo\u0142otow. Radek troch\u0119 si\u0119 snobuje na herbat\u0119 parzon\u0105 wed\u0142ug wzor\u00f3w angielskich, nosi si\u0119 wedle tamtejszej mody, po angielsku m\u00f3wi tak jak oni i sprawia mu to widoczn\u0105 satysfakcj\u0119. <\/p>\n<p>Nie tylko \u015bwietnie m\u00f3wi po angielsku, ale i wie o tym, lubi siebie s\u0142ucha\u0107, tak\u017ce po polsku. Na pewno nie jest to szara mysz, raczej posta\u0107 barwna i zadowolona ze swoich osi\u0105gni\u0119\u0107. Wie\u015b\u0107 niesie, \u017ce nieobca by\u0142a mu my\u015bl o stanowisku wicepremiera u Ewy Kopacz. Przy jego energii stanowisko marsza\u0142ka Sejmu jest za ma\u0142o absorbuj\u0105ce, troch\u0119 boczny tor. Niby druga osoba w pa\u0144stwie, ale nie za sterem.<\/p>\n<p>RADOS\u0141AW Sikorski to starszy brat Radka, powa\u017cny i \u2013 co wa\u017cne \u2013 ambitny polityk, sk\u0142onny do teatralnych gest\u00f3w, a nawet wzrusze\u0144 (jak np. wtedy, kiedy odchodzi\u0142 ze stanowiska ministra obrony narodowej), ale my\u015bl\u0105cy, samodzielny (patrz wyk\u0142ad berli\u0144ski, w kt\u00f3rym wzywa\u0142 Niemcy od si\u0119gni\u0119cia po przyw\u00f3dztwo w Europie), nie \u017caden urz\u0119das w fotelu ministra, ale cz\u0142owiek, kt\u00f3ry pragnie odegra\u0107 powa\u017cn\u0105 rol\u0119 i ma du\u017ce zas\u0142ugi, jak np. Partnerstwo Wschodnie, czyli pr\u00f3ba przesterowania uwagi Unii Europejskiej z Po\u0142udnia na Wsch\u00f3d, czy negocjowanie do ostatniej chwili w Kijowie. Tandem Tusk \u2013 Sikorski mia\u0142 swoje chwile \u015bwietno\u015bci w Europie, czego dowodem jest awans Tuska, a przedtem kandydatura Sikorskiego na szefa polityki zagranicznej Unii.<\/p>\n<p>PEWNO\u015a\u0106 siebie i niefrasobliwo\u015b\u0107 zgubi\u0142y Sikorskiego w rozmowie z dziennikarzem ameryka\u0144skiego portalu Politico. Podobnie jak w sprawie Ribbentrop\u2013Mo\u0142otow Sikorski powiedzia\u0142 prawd\u0119 o tym, jak Putin widzi Ukrain\u0119, ALE m\u00f3wi\u0105c to, rozhula\u0142 si\u0119, nie zadba\u0142 o szczeg\u00f3\u0142y, pomyli\u0142 (wymy\u015bli\u0142?) okoliczno\u015bci, m\u00f3wi\u0105c o jakim\u015b spotkaniu w cztery oczy Tusk \u2013 Putin w lutym 2008 na Kremlu, podczas kt\u00f3rego gospodarz Kremla mia\u0142 Polakom proponowa\u0107 rozbi\u00f3r Ukrainy. <\/p>\n<p>Kiedy w Polsce wybuch\u0142 skandal, okaza\u0142o si\u0119, \u017ce Sikorskiego \u201ezawiod\u0142a pami\u0119\u0107\u201d. Nie jest to wykluczone, bo po c\u00f3\u017c mia\u0142by zmy\u015bla\u0107. Wysz\u0142o jednak g\u0142upio, na dodatek Sikorski si\u0119 pogubi\u0142. On, zazwyczaj elokwentny i b\u0142yskotliwy, tym razem nie\u0142adnie potraktowa\u0142 zgromadzone dziennikarki i dziennikarzy, odsy\u0142aj\u0105c ich do wywiadu, kt\u00f3ry mia\u0142 ukaza\u0107 si\u0119 w internecie \u201eza godzin\u0119\u201d.<\/p>\n<p>POSZKODOWANI: Przede wszystkim sam Sikorski, polityk &#8211; wydawa\u0142oby si\u0119 &#8211; teflonowy, tym razem zagubiony, sprawca kosztownej \u201eniezr\u0119czno\u015bci\u201d. Mimo przeprosin  i wzi\u0119cia odpowiedzialno\u015bci na siebie pozycja i wizerunek Sikorskiego uleg\u0142y os\u0142abieniu. Jego kariera nie jest z\u0142amana, w ko\u0144cu jest to tylko incydent, ale jednak kosztowny. <\/p>\n<p>Nie s\u0105dz\u0119, \u017ceby Platforma po\u015bwi\u0119ci\u0142a Sikorskiego i zgodzi\u0142a si\u0119 na odwo\u0142anie go ze stanowiska marsza\u0142ka Sejmu, wybory s\u0105 tu\u017c-tu\u017c, ale marsza\u0142ek jest os\u0142abiony. Poszkodowany jest Donald Tusk, kt\u00f3rego Sikorski wmanewrowa\u0142 w jakie\u015b niedosz\u0142e spotkanie z Putinem i bierno\u015b\u0107 w obliczu prowokacyjnej propozycji rozbioru s\u0105siedniego pa\u0144stwa. Poszkodowana jest premier Ewa Kopacz, kt\u00f3rej wysi\u0142ki na rzecz odzyskania zaufania Polak\u00f3w napotykaj\u0105 na przeszkody we w\u0142asnym obozie, najpierw \u201efrajerzy\u201d, potem marsza\u0142ek. Poszkodowana jest Platforma, kt\u00f3ra idzie w sonda\u017cach \u0142eb w \u0142eb z PiS i ka\u017cde potkni\u0119cie jej wiceprzewodnicz\u0105cego mo\u017ce j\u0105 kosztowa\u0107 przegrane wybory za miesi\u0105c. Poszkodowany jest wizerunek Polski jako kraju powa\u017cnych, budz\u0105cych zaufanie polityk\u00f3w.<\/p>\n<p>BENEFICJENCI: PiS, kt\u00f3ry od dawna twierdzi, \u017ce \u201eten pan powinien znikn\u0105\u0107 z \u017cycia publicznego\u201d, oraz Rosja, kt\u00f3rej ka\u017cde potkni\u0119cie strony polskiej, a ju\u017c zw\u0142aszcza w naszej polityce wschodniej, jest na r\u0119k\u0119. Reszty dowiemy si\u0119 za miesi\u0105c, 26 listopada.<\/p>\n<hr\/>\n<p><em><strong>PS<\/strong> Drodzy Czytelnicy, redakcja POLITYKI.PL \u2013 co ju\u017c Pa\u0144stwo najpewniej zauwa\u017cyli \u2013 zmodyfikowa\u0142a spos\u00f3b komentowania wpis\u00f3w na blogach portalu, wprowadzaj\u0105c wym\u00f3g zalogowania si\u0119 kontem z portalu Polityka.pl. Zmiana zosta\u0142a wprowadzona ze wzgl\u0119du na konieczno\u015b\u0107 walki ze spamem \u2013  problem przy obecnym mechanizmie wci\u0105\u017c narasta\u0142, co skutkowa\u0142o m.in. op\u00f3\u017anieniami w publikacji Pa\u0144stwa komentarzy. Dodatkow\u0105 korzy\u015bci\u0105 jest likwidacja captchy (czyli cz\u0119sto nieczytelnych liter, kt\u00f3re nale\u017ca\u0142o przepisa\u0107 przed publikacj\u0105 komentarza).<\/p>\n<p>Rejestracja (bezp\u0142atna!) w portalu nie zajmuje wi\u0119cej ni\u017c kilka minut. Wystarczy si\u0119 raz zalogowa\u0107, \u017ceby komentowa\u0107 wpisy na wszystkich blogach POLITYKI.<\/em><\/p>\n<hr\/>\n<p><strong>ZAPROSZENIE<\/strong>: Czy Polska jest pa\u0144stwem wyznaniowym? Zapraszam do dyskusji w Radiu TOK FM. Udzia\u0142 w niej wezm\u0105 \u201eGo\u015bcie Passenta\u201d: Jaros\u0142aw Kuisz (Kultura Liberalna), Eliza Olczyk (\u201eRzeczpospolita\u201d) i Joanna Podg\u00f3rska (POLITYKA). Wtorek, 28 bm., g. 20.05. Zapraszam!<\/p>\n","protected":false},"excerpt":{"rendered":"<p>SIKORSKI Radek i Rados\u0142aw to dwa r\u00f3\u017cne oblicza tej samej osoby. Radek jest bezpo\u015bredni, bystry, bywa\u0142y, szybki i b\u0142yskotliwy, to wieczny ch\u0142opiec, kt\u00f3ry od czasu do czasu pr\u0119dzej m\u00f3wi, ni\u017c dobiera s\u0142owa.<\/p>\n","protected":false},"author":4,"featured_media":0,"comment_status":"open","ping_status":"closed","sticky":false,"template":"","format":"standard","meta":{"footnotes":""},"categories":[1],"tags":[],"_links":{"self":[{"href":"https:\/\/blog.polityka.pl\/passent\/wp-json\/wp\/v2\/posts\/2631"}],"collection":[{"href":"https:\/\/blog.polityka.pl\/passent\/wp-json\/wp\/v2\/posts"}],"about":[{"href":"https:\/\/blog.polityka.pl\/passent\/wp-json\/wp\/v2\/types\/post"}],"author":[{"embeddable":true,"href":"https:\/\/blog.polityka.pl\/passent\/wp-json\/wp\/v2\/users\/4"}],"replies":[{"embeddable":true,"href":"https:\/\/blog.polityka.pl\/passent\/wp-json\/wp\/v2\/comments?post=2631"}],"version-history":[{"count":8,"href":"https:\/\/blog.polityka.pl\/passent\/wp-json\/wp\/v2\/posts\/2631\/revisions"}],"predecessor-version":[{"id":2643,"href":"https:\/\/blog.polityka.pl\/passent\/wp-json\/wp\/v2\/posts\/2631\/revisions\/2643"}],"wp:attachment":[{"href":"https:\/\/blog.polityka.pl\/passent\/wp-json\/wp\/v2\/media?parent=2631"}],"wp:term":[{"taxonomy":"category","embeddable":true,"href":"https:\/\/blog.polityka.pl\/passent\/wp-json\/wp\/v2\/categories?post=2631"},{"taxonomy":"post_tag","embeddable":true,"href":"https:\/\/blog.polityka.pl\/passent\/wp-json\/wp\/v2\/tags?post=2631"}],"curies":[{"name":"wp","href":"https:\/\/api.w.org\/{rel}","templated":true}]}}