
{"id":264,"date":"2007-05-09T07:45:33","date_gmt":"2007-05-09T05:45:33","guid":{"rendered":"http:\/\/passent.blog.polityka.pl\/?p=264"},"modified":"2007-05-09T07:51:07","modified_gmt":"2007-05-09T05:51:07","slug":"rzeczpospolita-prokuratorow","status":"publish","type":"post","link":"https:\/\/blog.polityka.pl\/passent\/2007\/05\/09\/rzeczpospolita-prokuratorow\/","title":{"rendered":"Rzeczpospolita Prokurator\u00f3w"},"content":{"rendered":"<p>Zwolnienie przez s\u0105d dra Miros\u0142awa G. za kaucj\u0105 z aresztu, w kt\u00f3rym przesiedzia\u0142 ponad dwa miesi\u0105ce, wywo\u0142a\u0142o zdziwienie ministra Ziobro i stanowcz\u0105 reakcj\u0119 podleg\u0142ej mu prokuratury. Zdaniem s\u0105du, nic nie wskazywa\u0142o na to, \u017ce dr M.G. jest potencjalnym zab\u00f3jc\u0105 i b\u0119dzie mataczy\u0142. Na takie dictum prokuratura twierdzi, \u017ce to, czy dr M.G. jest czy nie jest winien zab\u00f3jstwa oka\u017ce si\u0119 po procesie, s\u0105d za\u015b powinien trzyma\u0107 go w areszcie. Nie ulega w\u0105tpliwo\u015bci, \u017ce gdyby s\u0105d przychyli\u0142 si\u0119 do wniosku prokuratury i przed\u0142u\u017cy\u0142 areszt, to prokuratura nie kwestionowa\u0142aby jego kompetencji. Inna sprawa, to czy dr M.G. oka\u017ce si\u0119 winien pozosta\u0142ych zarzut\u00f3w, kt\u00f3re ma na niego prokuratura. Z tego, co m\u00f3wi minister Religa, proces b\u0119dzie wstrz\u0105saj\u0105cy (sk\u0105d on to wie, to inna sprawa\u2026). Mo\u017cna mu wierzy\u0107. Zobaczymy zapewne najgorsze strony naszej s\u0142u\u017cby zdrowia i natury ludzkiej. Ale to nie pow\u00f3d, \u017ceby cz\u0142owieka trzyma\u0107 bez ko\u0144ca w areszcie. Nawet podejrzany o powa\u017cne przest\u0119pstwa powinien przebywa\u0107 w areszcie tyle, ile jest konieczne, a nie dla wygody prokurator\u00f3w i polityk\u00f3w, co zreszt\u0105 coraz cz\u0119\u015bciej na jedno wychodzi, bo IV RP jest Rzeczpospolit\u0105 Prokurator\u00f3w.<\/p>\n<p>Spektakularne aresztowanie Miros\u0142awa G. oraz samob\u00f3jstwo Barbary Blidy maj\u0105 ze sob\u0105 co\u015b wsp\u00f3lnego, mianowicie zatarcie linii pomi\u0119dzy sprawiedliwo\u015bci\u0105 i polityk\u0105. Bracia Kaczy\u0144scy, ministrowie Ziobro i Kaczmarek, dobrze graj\u0105 na nastrojach wyborc\u00f3w, kt\u00f3rzy pragn\u0105 silnej r\u0119ki, rz\u0105du, kt\u00f3ry zrobi porz\u0105dek, zaprowadzi prawo i sprawiedliwo\u015b\u0107. Dlatego, wr\u0119cz na pokaz, funkcjonariusze CBA urz\u0105dzaj\u0105 pokazowe aresztowanie dra M.G., a ich koledzy z ABW o 6. rano przychodz\u0105 po by\u0142\u0105 pos\u0142ank\u0119. I nie ma tu nic do rzeczy, \u017ce oboje mog\u0105 by\u0107 winni. Winny mo\u017ce by\u0107 ka\u017cdy, ale i ka\u017cdy ma godno\u015b\u0107, ma swoje prawa, ka\u017cdemu przys\u0142uguje ich poszanowanie.<\/p>\n<p>Tymczasem Polska (tu zgadzam si\u0119 z prof. Geremkiem) coraz bardziej przypomina pa\u0144stwo stanu wyj\u0105tkowego (istnieje \u015bwietna ksi\u0105\u017cka prof. Ryszki &#8211;\u00a0znawcy historii politycznej Niemiec &#8211;\u00a0na ten temat). Panuje atmosfera zagro\u017cenia, przed kt\u00f3rym musz\u0105 nas uchroni\u0107 funkcjonariusze w kominiarkach. Gdy Barbara Blida odebra\u0142a sobie \u017cycie, zwolennicy pa\u0144stwa stanu wyj\u0105tkowego zacz\u0119li sugerowa\u0107, \u017ce widocznie by\u0142a winna, albo, \u017ce agenci ABW mieli skr\u0119powane r\u0119ce, byli zastraszeni, \u017ce je\u015bli za\u0142o\u017c\u0105 aresztowanej kajdanki, to opozycja i media podnios\u0105 rwetes, wi\u0119c byli humanitarni i oto do czego prowadzi cackanie si\u0119 z podejrzanymi.<\/p>\n<p>Tymczasem go\u0142ym okiem wida\u0107, \u017ce od lat w\u0142adza pos\u0142uguje si\u0119 aparatem \u015bcigania do cel\u00f3w politycznych. Temu mia\u0142o np. s\u0142u\u017cy\u0107 na pocz\u0105tku lat 90. aresztowanie na peronie dworca kolejowego, jak pospolitego przest\u0119pcy, \u00f3wczesnego prezesa NBP, Grzegorza Wojtowicza (okaza\u0142 si\u0119 niewinny), spektakularne i nieuzasadnione aresztowanie prezesa Modrzejewskiego na ulicy, aresztowanie Emila W\u0105sacza \u2013 najlepszego podobno ministra Prywatyzacji, prowadzenie w kajdankach Aleksandry Jakubowskiej. Wszystko to \u2013 jak pisze mec. Jan Widacki w \u201ePrzegl\u0105dzie\u201d \u2013 \u201erobienie obrzydliwych spektakli z zatrzymywania os\u00f3b powszechnie znanych, poniewieranie ich godno\u015bci ludzkiej, upokarzanie w czasie, gdy s\u0142u\u017cy im domniemanie niewinno\u015bci i nie obci\u0105\u017ca \u017caden prawomocny wyrok s\u0105dowy\u201d. To samo dotyczy dra M.G. Dla niejednej osoby takie potraktowanie mo\u017ce by\u0107 powodem do samob\u00f3jstwa, a przecie\u017c nawet przest\u0119pca ma prawo do \u017cycia, do respektowania jego praw, do sprawiedliwego s\u0105du, do odbycia kary i do powrotu do spo\u0142ecze\u0144stwa. Wystarczy przypomnie\u0107 g\u0142o\u015bn\u0105 przed kilku laty spraw\u0119 czarnosk\u00f3rego sportowca O.J.Simpsona w Kalifornii, o kt\u00f3rym ca\u0142a Ameryka by\u0142a przekonana, \u017ce zamordowa\u0142 by\u0142\u0105 \u017con\u0119, a s\u0105d go uniewinni\u0142. Ciekawe, co by na to powiedzia\u0142 min. Ziobro.<\/p>\n<p>Wypada zgodzi\u0107 si\u0119 z prof. Bronis\u0142awem \u0141agowskim, w tym\u017ce \u201ePrzegl\u0105dzie\u201d, \u017ce nie wida\u0107 w Polsce czynnik\u00f3w (ani Platforma, ani SLD), kt\u00f3re mog\u0142yby si\u0119 przeciwstawi\u0107 bezsensownym prze\u015bladowaniom, brutalno\u015bci, aresztowaniom, i w z\u0142ej wierze wysuwanym oskar\u017ceniom.<\/p>\n<p>Wszystko to w imi\u0119 oczyszczenia i walki z rzekomym uk\u0142adem, kt\u00f3rego ci\u0105gle nie wida\u0107, ci\u0105gle nie obna\u017cono, ci\u0105gle \u017cadnej jego sprawki nie os\u0105dzono przed niezawis\u0142ym s\u0105dem. Z\u0142o trzeba zwalcza\u0107 i za to ka\u017cdemu chwa\u0142a, ale nie na pokaz i nie pod publiczk\u0119. Raczej ogl\u0105damy fars\u0119, w kt\u00f3rej wr\u00f3g publiczny nr 1, prezes PZPN, ojciec chrzestny mafii pi\u0142karskiej, jeszcze wczoraj skazany przez rz\u0105d na infami\u0119, zmienia si\u0119 w autora sukcesu, jakim jest przyznanie Polsce Euro 2012.<\/p>\n<p>Niestety, nie zawsze mamy do czynienia z fars\u0105. Ostatnio wr\u0119cz przeciwnie \u2013 z tragedi\u0105.<\/p>\n","protected":false},"excerpt":{"rendered":"<p>Zwolnienie przez s\u0105d dra Miros\u0142awa G. za kaucj\u0105 z aresztu, w kt\u00f3rym przesiedzia\u0142 ponad dwa miesi\u0105ce, wywo\u0142a\u0142o zdziwienie ministra Ziobro i stanowcz\u0105 reakcj\u0119 podleg\u0142ej mu prokuratury. Zdaniem s\u0105du, nic nie wskazywa\u0142o na to, \u017ce dr M.G. jest potencjalnym zab\u00f3jc\u0105 i b\u0119dzie mataczy\u0142. Na takie dictum prokuratura twierdzi, \u017ce to, czy dr M.G. jest czy nie [&hellip;]<\/p>\n","protected":false},"author":4,"featured_media":0,"comment_status":"open","ping_status":"open","sticky":false,"template":"","format":"standard","meta":{"footnotes":""},"categories":[1],"tags":[],"_links":{"self":[{"href":"https:\/\/blog.polityka.pl\/passent\/wp-json\/wp\/v2\/posts\/264"}],"collection":[{"href":"https:\/\/blog.polityka.pl\/passent\/wp-json\/wp\/v2\/posts"}],"about":[{"href":"https:\/\/blog.polityka.pl\/passent\/wp-json\/wp\/v2\/types\/post"}],"author":[{"embeddable":true,"href":"https:\/\/blog.polityka.pl\/passent\/wp-json\/wp\/v2\/users\/4"}],"replies":[{"embeddable":true,"href":"https:\/\/blog.polityka.pl\/passent\/wp-json\/wp\/v2\/comments?post=264"}],"version-history":[{"count":0,"href":"https:\/\/blog.polityka.pl\/passent\/wp-json\/wp\/v2\/posts\/264\/revisions"}],"wp:attachment":[{"href":"https:\/\/blog.polityka.pl\/passent\/wp-json\/wp\/v2\/media?parent=264"}],"wp:term":[{"taxonomy":"category","embeddable":true,"href":"https:\/\/blog.polityka.pl\/passent\/wp-json\/wp\/v2\/categories?post=264"},{"taxonomy":"post_tag","embeddable":true,"href":"https:\/\/blog.polityka.pl\/passent\/wp-json\/wp\/v2\/tags?post=264"}],"curies":[{"name":"wp","href":"https:\/\/api.w.org\/{rel}","templated":true}]}}