
{"id":2644,"date":"2014-10-29T18:47:03","date_gmt":"2014-10-29T17:47:03","guid":{"rendered":"http:\/\/passent.blog.polityka.pl\/?p=2644"},"modified":"2014-10-29T19:06:02","modified_gmt":"2014-10-29T18:06:02","slug":"muzeum-skazane-na-sukces","status":"publish","type":"post","link":"https:\/\/blog.polityka.pl\/passent\/2014\/10\/29\/muzeum-skazane-na-sukces\/","title":{"rendered":"Muzeum skazane na sukces"},"content":{"rendered":"<p>Nie spos\u00f3b przeceni\u0107 znaczenia otwartego wczoraj Muzeum Historii \u017byd\u00f3w Polskich. To jak gdyby piecz\u0119\u0107, dokument, \u017ce losy Polak\u00f3w i \u017byd\u00f3w s\u0105 splecione od stuleci.<br \/>\n<!--more--><br \/>\nTo uznanie partnerstwa w narodzie i \u2013 mimo chwil bolesnych, wr\u0119cz tragicznych &#8211; braterstwa. Bez \u017byd\u00f3w nar\u00f3d polski by\u0142by niepe\u0142ny, podobnie jak nar\u00f3d \u017cydowski bez Polak\u00f3w. Dla tych, kt\u00f3rzy przetrwali Zag\u0142ad\u0119, jest to jak gdyby okno w nasz\u0105 przesz\u0142o\u015b\u0107, ku naszym przodkom, ku naszym korzeniom. Dla naszych dzieci i wnuk\u00f3w jest to \u015bwiadectwo sk\u0105d pochodzimy, gdzie tkwi i jaka by\u0142a nasz\u0105 przesz\u0142o\u015b\u0107. <\/p>\n<p>Jestem pe\u0142en uznania dla wszystkich, kt\u00f3rzy przyczynili si\u0119 do tego epokowego wydarzenia, jakim jest utworzenie Muzeum. Dla jego inicjator\u00f3w, dla tych, kt\u00f3rzy latami projektowali gmach i wystaw\u0119, dla w\u0142adz polskich, kolejnych prezydent\u00f3w naszego kraju i naszego miasta, dla kwestor\u00f3w i sponsor\u00f3w, dla setek autor\u00f3w tego wielkiego przedsi\u0119wzi\u0119cia. Dzisiaj nie czas na spory i targi o roz\u0142o\u017cenie akcent\u00f3w.<\/p>\n<p>Muzeum b\u0119dzie mia\u0142o ogromny wp\u0142yw na stosunki Polak\u00f3w i \u017byd\u00f3w, na wzajemne postrzeganie, na wizerunek Polski w \u015bwiecie. Ju\u017c pierwsze reakcje medi\u00f3w zagranicznych s\u0105 buduj\u0105ce. Korespondent \u201eNew York Times&#8221;, gazety bardzo miarodajnej w ko\u0142ach \u017cydowskich USA, Rick Lyman, pisze w artykule pt. \u201eAby uczci\u0107 swoj\u0105 \u017cydowska histori\u0119, Polska przedstawia Muzeum \u017bycia\u201d: \u201ePodczas gdy w ca\u0142ej Europie zn\u00f3w powraca antysemityzm, z Polski dochodzi inny g\u0142os. Najbardziej okaza\u0142a instytucja kulturalna w Polsce od upadku komunizmu, poparta przez wszystkie si\u0142y polityczne, poza nielicznymi i s\u0142abymi g\u0142osami sprzeciwu. \u201eWystawa nabiera znaczenia w czasie, kiedy nastroje anty\u017cydowskie narastaj\u0105 w innych cz\u0119\u015bciach Europy\u201d.<\/p>\n<p>\u201eNYT\u201d zwraca uwag\u0119 na renesans \u017cydowski w naszym kraju. Chocia\u017c w Polsce \u017cyje ok. 25 tys. \u017byd\u00f3w, \u201em\u0142odzi ludzie czynnie powracaj\u0105 do \u017cydowskiej przesz\u0142o\u015bci. Coroczne festiwale w Krakowie i w Warszawie regularnie przyci\u0105gaj\u0105 dziesi\u0105tki tysi\u0119cy ludzi, kt\u00f3rzy ta\u0144cz\u0105 do muzyki klezmerskiej, zajadaj\u0105 kugel i ryb\u0119 faszerowan\u0105. Prawie wszyscy z nich to polscy katolicy\u201d.<\/p>\n<p>\u201eOczywi\u015bcie, antysemityzm w Polsce jest, ale taki sam jak na ca\u0142ym \u015bwiecie, nie wi\u0119kszy i nie mniejszy\u201d \u2013 m\u00f3wi Piotr Wi\u015blicki, przewodnicz\u0105cy Stowarzyszenia \u017bydowski Instytut Historyczny w Polsce. Idea muzeum sta\u0142a si\u0119 nieodwracalna, gdy wsparli j\u0105 trzej bogaci Amerykanie \u2013 Victor Markowicz, Tad Taube i Zygmunt  Rolat &#8211; czytamy. \u201eNajwi\u0119kszy prze\u0142om mia\u0142 miejsce w 2005 roku, kiedy \u00f3wczesny prezydent Warszawy i p\u00f3\u017aniejszy prezydent Polski, Lech Kaczy\u0144ski, i minister Kultury Waldemar D\u0105browski zgodzili si\u0119, \u017ceby przekaza\u0107 teren i sfinansowa\u0107 budow\u0119 gmachu\u201d. Najwi\u0119kszym sponsorem indywidualnym jest Jan Kulczyk (6,5 mln dol.).<\/p>\n<p>\u201eTo nie jest jeszcze jedno muzeum Holokaustu. Jeste\u015bmy wi\u0119cej ni\u017c ofiarami. To muzeum \u017cycia\u201d \u2013 m\u00f3wi pan Rolat. <\/p>\n<p>Tak\u017ce wp\u0142ywowy dziennik niemiecki, \u201eDie Welt\u201d, nie szcz\u0119dzi s\u0142\u00f3w uznania. Gazeta uznaje Muzeum za kolejny sukces Polski w rozpoznaniu swojej historii, jak r\u00f3wnie\u017c we wsp\u00f3\u0142czesnym marszu ku demokratycznej, pluralistycznej Europie. <\/p>\n<p>Ma to szczeg\u00f3lne znaczenie w obliczu agresywnej polityki \u201eresowietyzacji\u201d Rosji Putina. \u201eTo nie jest Muzeum Holokaustu&#8221; \u2013 zaznacza kuratorka wystawy sta\u0142ej, Barbara Kirshenblatt-Gimblett. Opowiada ona o \u201eNadziei w obliczu Tragedii\u201d i przypomina, \u017ce w\u015br\u00f3d uhonorowanych tytu\u0142em Sprawiedliwych W\u015br\u00f3d Narod\u00f3w \u015awiata zdecydowanie najwi\u0119cej jest Polak\u00f3w. <\/p>\n<p>\u201eTo, \u017ce nazi\u015bci wybrali Polsk\u0119 na g\u0142\u00f3wny teren zag\u0142ady \u017byd\u00f3w, w \u017cadnym stopniu nie wynika z historii pokonanej Polski\u201d \u2013 czytamy w \u201eDie Welt\u201d, kt\u00f3ra to gazeta nie u\u017cywa w tym tek\u015bcie okre\u015blenia \u201ezbrodnie niemieckie\u201d, a tylko \u201eNS\u201d (narodowo-socjalistyczne). RFN przeznaczy\u0142a na budow\u0119 Muzeum 5 mln euro.<\/p>\n<p>\u201ePolska ponownie odkrywa swoj\u0105 wielk\u0105 tradycj\u0119 \u017cydowsk\u0105 i uznaje j\u0105 za nieod\u0142\u0105czn\u0105 cz\u0119\u015b\u0107 swojej to\u017csamo\u015bci i historii\u201d \u2013 czytamy w \u201eDie Welt\u201d.<br \/>\nPodobnych g\u0142os\u00f3w jest znacznie wi\u0119cej. To muzeum jest skazane na sukces. Mo\u017cna powiedzie\u0107: ku chwale ojczyzny.<\/p>\n","protected":false},"excerpt":{"rendered":"<p>Nie spos\u00f3b przeceni\u0107 znaczenia otwartego wczoraj Muzeum Historii \u017byd\u00f3w Polskich. To jak gdyby piecz\u0119\u0107, dokument, \u017ce losy Polak\u00f3w i \u017byd\u00f3w s\u0105 splecione od stuleci.<\/p>\n","protected":false},"author":4,"featured_media":0,"comment_status":"open","ping_status":"closed","sticky":false,"template":"","format":"standard","meta":{"footnotes":""},"categories":[1],"tags":[],"_links":{"self":[{"href":"https:\/\/blog.polityka.pl\/passent\/wp-json\/wp\/v2\/posts\/2644"}],"collection":[{"href":"https:\/\/blog.polityka.pl\/passent\/wp-json\/wp\/v2\/posts"}],"about":[{"href":"https:\/\/blog.polityka.pl\/passent\/wp-json\/wp\/v2\/types\/post"}],"author":[{"embeddable":true,"href":"https:\/\/blog.polityka.pl\/passent\/wp-json\/wp\/v2\/users\/4"}],"replies":[{"embeddable":true,"href":"https:\/\/blog.polityka.pl\/passent\/wp-json\/wp\/v2\/comments?post=2644"}],"version-history":[{"count":5,"href":"https:\/\/blog.polityka.pl\/passent\/wp-json\/wp\/v2\/posts\/2644\/revisions"}],"predecessor-version":[{"id":2649,"href":"https:\/\/blog.polityka.pl\/passent\/wp-json\/wp\/v2\/posts\/2644\/revisions\/2649"}],"wp:attachment":[{"href":"https:\/\/blog.polityka.pl\/passent\/wp-json\/wp\/v2\/media?parent=2644"}],"wp:term":[{"taxonomy":"category","embeddable":true,"href":"https:\/\/blog.polityka.pl\/passent\/wp-json\/wp\/v2\/categories?post=2644"},{"taxonomy":"post_tag","embeddable":true,"href":"https:\/\/blog.polityka.pl\/passent\/wp-json\/wp\/v2\/tags?post=2644"}],"curies":[{"name":"wp","href":"https:\/\/api.w.org\/{rel}","templated":true}]}}