
{"id":265,"date":"2007-05-10T00:04:59","date_gmt":"2007-05-09T22:04:59","guid":{"rendered":"http:\/\/passent.blog.polityka.pl\/?p=265"},"modified":"2007-05-09T23:39:25","modified_gmt":"2007-05-09T21:39:25","slug":"biedni-dziennikarze","status":"publish","type":"post","link":"https:\/\/blog.polityka.pl\/passent\/2007\/05\/10\/biedni-dziennikarze\/","title":{"rendered":"Biedni dziennikarze"},"content":{"rendered":"<blockquote><p>&#8211; Oczywi\u015bcie, w Polsce s\u0105 dziennikarze, kt\u00f3rzy, jak chc\u0105 napisa\u0107 co\u015b, powiedzmy sobie, mocno prorz\u0105dowego, antyopozycyjnego, to pisz\u0105 pod pseudonimami \u2013 <em>powiedzia\u0142 premier Kaczy\u0144ski w Sygna\u0142ach Dnia<\/em>. &#8211; S\u0105 tacy dziennikarze. Wi\u0119c je\u017celi kto\u015b w Polsce ogranicza wolno\u015b\u0107, to to z ca\u0142a pewno\u015bci\u0105 nie jest w\u0142adza. Tak, tamta strona ogranicza wolno\u015b\u0107, wprowadza tak\u0105 sytuacj\u0119, \u017ce jak kto\u015b chce na rodzin\u0119 zarobi\u0107, to nie mo\u017ce prawdy, tego, co naprawd\u0119 my\u015bli, napisa\u0107 pod nazwiskiem.<\/p><\/blockquote>\n<p>Racja, racja, po stokro\u0107 racja! Dooko\u0142a pe\u0142no jest dziennikarzy, kt\u00f3rzy broni\u0105 rz\u0105du pod pseudonimami, poniewa\u017c boj\u0105 si\u0119 czerwonego terroru. Cho\u0107by w Polskim Radiu, gdzie premier wypowiedzia\u0142 powy\u017csze s\u0142owa. Wszystko to pseudonimy: prorz\u0105dowy prezes Czaba\u0144ski, prorz\u0105dowy wiceprezes Targalski, antyopozycyjny szef Tr\u00f3jki \u2013 Krzysztof Skowro\u0144ski, prorz\u0105dowi felietoni\u015bci Polskiego Radia Michalkiewicz i Pietrzak \u2013 to wszystko nazwiska wymy\u015blone, oni boj\u0105 si\u0119 ujawni\u0107 swoje prawdziwe nazwiska. A telewizyjne demaskatorki \u2013 Anita Gargas i Dorota Kania? Jak one nazywaj\u0105 si\u0119 naprawd\u0119? A ci, kt\u00f3rzy z nara\u017ceniem \u017cycia broni\u0105 IV RP przed czerwonym salonem polskim i europejskim \u2013 Rafa\u0142 Ziemkiewicz, Bronis\u0142aw Wildstein, red. red. Lisicki, Zdort, bracia Karnowscy, Piotr Semka, Jan Pospieszalski, Piotr Zaremba i legion innych, na czele ze Springerem \u2013 wszystko to fikcja, pseudonimy, inicja\u0142y, twory chorej wyobra\u017ani, a publikuj\u0105 je nielegalne biuletyny i podziemne wydawnictwa, ulotki odbijane na hektografach, jak \u201eFakt\u201d, \u201eDziennik\u201d czy \u201eRzeczpospolita\u201d, emituj\u0105 zakazane radiostacje, ukryte za granic\u0105 nadajniki TVP. Wszyscy oni tak naprawd\u0119 nazywaj\u0105 si\u0119 inaczej i my\u015bl\u0105 inaczej, a pisz\u0105 to, co pisz\u0105, bo chc\u0105 zarobi\u0107 na rodzin\u0119.<\/p>\n<p>Ju\u017c dawno niekt\u00f3rzy ludzie uwa\u017cali, \u017ce wspomniane wy\u017cej postaci nie s\u0105 autentyczne, \u017ce to niemo\u017cliwe, \u017ceby kto\u015b autentyczny pisa\u0142 to, co one, \u017ce s\u0105 z Witkacego, \u017ce pod tym, co one g\u0142osz\u0105, nikt swoim nazwiskiem si\u0119 nie podpisze. I teraz sam premier te domniemania potwierdzi\u0142.<\/p>\n<p>Co za ulga, \u017ce s\u0105 jeszcze dziennikarze, kt\u00f3rzy kr\u0119puj\u0105 si\u0119 podpisa\u0107 pod tym, co napisali, bo szanuj\u0105 swoje nazwiska.<\/p>\n","protected":false},"excerpt":{"rendered":"<p>&#8211; Oczywi\u015bcie, w Polsce s\u0105 dziennikarze, kt\u00f3rzy, jak chc\u0105 napisa\u0107 co\u015b, powiedzmy sobie, mocno prorz\u0105dowego, antyopozycyjnego, to pisz\u0105 pod pseudonimami \u2013 powiedzia\u0142 premier Kaczy\u0144ski w Sygna\u0142ach Dnia. &#8211; S\u0105 tacy dziennikarze. Wi\u0119c je\u017celi kto\u015b w Polsce ogranicza wolno\u015b\u0107, to to z ca\u0142a pewno\u015bci\u0105 nie jest w\u0142adza. Tak, tamta strona ogranicza wolno\u015b\u0107, wprowadza tak\u0105 sytuacj\u0119, \u017ce [&hellip;]<\/p>\n","protected":false},"author":4,"featured_media":0,"comment_status":"open","ping_status":"open","sticky":false,"template":"","format":"standard","meta":{"footnotes":""},"categories":[1],"tags":[],"_links":{"self":[{"href":"https:\/\/blog.polityka.pl\/passent\/wp-json\/wp\/v2\/posts\/265"}],"collection":[{"href":"https:\/\/blog.polityka.pl\/passent\/wp-json\/wp\/v2\/posts"}],"about":[{"href":"https:\/\/blog.polityka.pl\/passent\/wp-json\/wp\/v2\/types\/post"}],"author":[{"embeddable":true,"href":"https:\/\/blog.polityka.pl\/passent\/wp-json\/wp\/v2\/users\/4"}],"replies":[{"embeddable":true,"href":"https:\/\/blog.polityka.pl\/passent\/wp-json\/wp\/v2\/comments?post=265"}],"version-history":[{"count":0,"href":"https:\/\/blog.polityka.pl\/passent\/wp-json\/wp\/v2\/posts\/265\/revisions"}],"wp:attachment":[{"href":"https:\/\/blog.polityka.pl\/passent\/wp-json\/wp\/v2\/media?parent=265"}],"wp:term":[{"taxonomy":"category","embeddable":true,"href":"https:\/\/blog.polityka.pl\/passent\/wp-json\/wp\/v2\/categories?post=265"},{"taxonomy":"post_tag","embeddable":true,"href":"https:\/\/blog.polityka.pl\/passent\/wp-json\/wp\/v2\/tags?post=265"}],"curies":[{"name":"wp","href":"https:\/\/api.w.org\/{rel}","templated":true}]}}