
{"id":2650,"date":"2014-11-02T16:23:19","date_gmt":"2014-11-02T15:23:19","guid":{"rendered":"http:\/\/passent.blog.polityka.pl\/?p=2650"},"modified":"2014-11-02T16:44:07","modified_gmt":"2014-11-02T15:44:07","slug":"nie-oddamy-ani-guzika","status":"publish","type":"post","link":"https:\/\/blog.polityka.pl\/passent\/2014\/11\/02\/nie-oddamy-ani-guzika\/","title":{"rendered":"Nie oddamy ani guzika!"},"content":{"rendered":"<p>Niekt\u00f3rzy rodacy ch\u0119tnie nawi\u0105zuj\u0105 do czas\u00f3w wojennych i nie mog\u0105 si\u0119 doczeka\u0107, kiedy kto\u015b (zapewne Putin) na nas napadnie.<br \/>\n<!--more--><br \/>\nCh\u0119tnie by sobie powojowali, bo z licznych pami\u0119tnik\u00f3w, piosenek i wspomnie\u0144 mo\u017cna si\u0119 dowiedzie\u0107, jak to na wojence \u0142adnie.  Doro\u015bli wpajaj\u0105 im to od dziecka, przy pomocy rozmaitych gier, zabaw i rekonstrukcji, kiedy nie mo\u017cna jeszcze strzela\u0107 ostrymi nabojami z drewnianych karabin\u00f3w, ale celowa\u0107, mierzy\u0107 i odpala\u0107 \u2013 ju\u017c tak. <\/p>\n<p>W\u015br\u00f3d ros\u0142ych te\u017c nie brak ch\u0119tnych.<\/p>\n<p>W obszernej informacji pod znamiennym tytu\u0142em \u201ePolacy nie przestraszyli si\u0119 Rosji\u201d (\u201eRz.\u201d) czytamy, \u017ce wed\u0142ug bada\u0144 Domu Badawczego Maison (\u201ebutik badawczy\u201d w dziedzinie konsumpcji) \u201epolskie spo\u0142ecze\u0144stwo ma bardzo wysokie morale\u201d.  <\/p>\n<p>Dr Tomasz Baran z tego\u017c Maison twierdzi, \u017ce Polacy nie przestraszyli si\u0119 sytuacji na Ukrainie i \u201es\u0105 gotowi stawi\u0107 op\u00f3r potencjalnemu okupantowi\u201d. Niemal po\u0142owa badanych deklaruje ch\u0119\u0107 wst\u0105pienia na ochotnika do formacji obrony terytorialnej i odbywania szkole\u0144. <\/p>\n<p>\u201eJest du\u017ce zainteresowanie organizacjami, kt\u00f3re chc\u0105 tworzy\u0107 Armi\u0119 Krajow\u0105&#8221; &#8211; uwa\u017ca G. Matyjasik, prezes stowarzyszenia Obrona Narodowa. Eksperci chc\u0105 tworzy\u0107 zwarte oddzia\u0142y terytorialne NSR\/AK, zw\u0142aszcza w Polsce p\u00f3\u0142nocno-wschodniej. \u017bo\u0142nierze NSR\/AK mieliby chroni\u0107 obiekty strategiczne, a tak\u017ce prowadzi\u0107 dzia\u0142ania partyzanckie \u2013 czytamy w \u201eRz.\u201d.<\/p>\n<p>Jednym z ch\u0119tnych jest Pawe\u0142 Kukiz, \u201epiosenkarz i spo\u0142ecznik\u201d, jak o nim pisze tygodnik \u201eDo Rzeczy\u201d. \u201eNie ma u nas systemu wspierania przez pa\u0144stwo organizacji strzeleckich, a przecie\u017c samych my\u015bliwych jest w Polsce 116 tys. S\u0105 te\u017c grupy rekonstrukcyjne, \u00bbch\u0142opaki kapitalnie kieruj\u0105cy pojazdami wojskowymi\u00ab, jest Bractwo Kurkowe, Liga Obrony Kraju i kluby strzeleckie&#8221; \u2013 wymienia Kukiz. Wystarczy\u0142oby, \u017ceby pa\u0144stwo mia\u0142o w zanadrzu jaki\u015b plan wykorzystania pasjonat\u00f3w.  Piosenkarz radzi po\u0142\u0105czy\u0107 zwi\u0105zki strzeleckie z ochotnicz\u0105 stra\u017c\u0105 po\u017carn\u0105 \u201ei szkoli\u0107 tych ch\u0142opc\u00f3w militarnie\u201d.<\/p>\n<p>Sam Kukiz zamierza zadba\u0107 o swoje bezpiecze\u0144stwo. Gdyby mia\u0142 teraz kas\u0119 \u2013 m\u00f3wi \u2013 na pewno kupi\u0142by sobie glauberyta, uzi, no i mo\u017ce H&#038;K. \u201ePodczas wojny \u2013 m\u00f3wi \u2013 na pewno nast\u0105pi\u0142aby destabilizacja gospodarcza, wi\u0119c karabin si\u0119 przyda, aby upolowa\u0107 zwierzyn\u0119 i przetrwa\u0107 z rodzin\u0105\u201d.<\/p>\n<p>Bia\u0142y wywiad Kremla, kt\u00f3ry na pewno studiuje polskie media, mo\u017ce ostrzec W\u0142adimira W\u0142adimirowicza, \u017ce Polska to nie Ukraina, \u017ceby lepiej z nami nie zaczyna\u0142, bo Polacy ducha nie gasz\u0105, Bractwo Kurkowe i Pawe\u0142 Kukiz s\u0105 silni, zwarci i gotowi.<\/p>\n<p><strong>PS ZAPROSZENIE<\/strong><br \/>\nWybory tu\u017c-tu\u017c. Kto wygra, kto straci? Zapraszam do Radia TOK FM, wtorek, 4 listopada, g. 20.05.<br \/>\nW dyskusji udzia\u0142 wezm\u0105: Andrzej CELI\u0143SKI (lewica), Joanna MUCHA (PO) i prof. Krystyna IGLICKA-OK\u00d3LSKA (Polska Razem).<br \/>\nZapraszam!<\/p>\n","protected":false},"excerpt":{"rendered":"<p>Niekt\u00f3rzy rodacy ch\u0119tnie nawi\u0105zuj\u0105 do czas\u00f3w wojennych i nie mog\u0105 si\u0119 doczeka\u0107, kiedy kto\u015b (zapewne Putin) na nas napadnie.<\/p>\n","protected":false},"author":4,"featured_media":0,"comment_status":"open","ping_status":"closed","sticky":false,"template":"","format":"standard","meta":{"footnotes":""},"categories":[1],"tags":[],"_links":{"self":[{"href":"https:\/\/blog.polityka.pl\/passent\/wp-json\/wp\/v2\/posts\/2650"}],"collection":[{"href":"https:\/\/blog.polityka.pl\/passent\/wp-json\/wp\/v2\/posts"}],"about":[{"href":"https:\/\/blog.polityka.pl\/passent\/wp-json\/wp\/v2\/types\/post"}],"author":[{"embeddable":true,"href":"https:\/\/blog.polityka.pl\/passent\/wp-json\/wp\/v2\/users\/4"}],"replies":[{"embeddable":true,"href":"https:\/\/blog.polityka.pl\/passent\/wp-json\/wp\/v2\/comments?post=2650"}],"version-history":[{"count":3,"href":"https:\/\/blog.polityka.pl\/passent\/wp-json\/wp\/v2\/posts\/2650\/revisions"}],"predecessor-version":[{"id":2652,"href":"https:\/\/blog.polityka.pl\/passent\/wp-json\/wp\/v2\/posts\/2650\/revisions\/2652"}],"wp:attachment":[{"href":"https:\/\/blog.polityka.pl\/passent\/wp-json\/wp\/v2\/media?parent=2650"}],"wp:term":[{"taxonomy":"category","embeddable":true,"href":"https:\/\/blog.polityka.pl\/passent\/wp-json\/wp\/v2\/categories?post=2650"},{"taxonomy":"post_tag","embeddable":true,"href":"https:\/\/blog.polityka.pl\/passent\/wp-json\/wp\/v2\/tags?post=2650"}],"curies":[{"name":"wp","href":"https:\/\/api.w.org\/{rel}","templated":true}]}}