
{"id":2659,"date":"2014-11-13T23:18:26","date_gmt":"2014-11-13T22:18:26","guid":{"rendered":"http:\/\/passent.blog.polityka.pl\/?p=2659"},"modified":"2014-11-14T09:16:46","modified_gmt":"2014-11-14T08:16:46","slug":"wybory-zastepcze","status":"publish","type":"post","link":"https:\/\/blog.polityka.pl\/passent\/2014\/11\/13\/wybory-zastepcze\/","title":{"rendered":"Wybory zast\u0119pcze"},"content":{"rendered":"<p>Wybory samorz\u0105dowe 16 listopada 2014 to wybory zast\u0119pcze. Nie jest to w\u0142a\u015bciwy mecz, tylko tzw. przedmecz junior\u00f3w, nie jest to autentyczny spektakl, tylko pr\u00f3ba generalna.<br \/>\n<!--more--><br \/>\nScenografia jest wyborcza \u2013 ulotki, plakaty, bilbordy, jest urna i komisja wyborcza (plus ochotnicy PiS). Ale tak faktycznie &#8211; jeden sejmik mniej czy wi\u0119cej dla tej lub innej partii to tylko prognoza pogody, jaka b\u0119dzie za rok, kiedy odb\u0119d\u0105 si\u0119 jedyne wybory na serio \u2013 wybory parlamentarne.<\/p>\n<p>Jest kilka powod\u00f3w, dla kt\u00f3rych wybory samorz\u0105dowe maj\u0105 charakter zast\u0119pczy. Jednym z nich jest rozczarowanie funkcjonowaniem samorz\u0105d\u00f3w. Innym jest zaanga\u017cowanie czo\u0142\u00f3wki polityk\u00f3w i medi\u00f3w w polityk\u0119 centraln\u0105. Afera trzech pos\u0142\u00f3w, podr\u00f3\u017cnik\u00f3w i cwaniak\u00f3w przes\u0142oni\u0142a wszystkie \u017c\u0142obki, przedszkola i inwestycje lokalne. Og\u0142oszenie przez PiS kandydatury Andrzeja Dudy w wyborach prezydenckich na tydzie\u0144 przed wyborami samorz\u0105dowymi \u015bwiadczy, \u017ce tych ostatnich partia nie traktuje powa\u017cnie. Reszt\u0119 zrobi frekwencja.<\/p>\n<p>Co prawda Amerykanie m\u00f3wi\u0105, \u017ce \u201eall politics is local\u201d, ale w Polsce to si\u0119 nie przyj\u0119\u0142o.  <\/p>\n<p>U nas wszelka polityka jest centralna. Ma\u0142o kto wie, co by si\u0119 zmieni\u0142o w Krakowie, w Warszawie czy w \u0141odzi w zale\u017cno\u015bci od wyniku wybor\u00f3w. Pan Lasota zapowiada \u201euwolnienie energii\u201d, pan Sasin obiecuje darmow\u0105 komunikacj\u0119, ale poza tym programy nie docieraj\u0105 do wyborc\u00f3w, a w przypadku pani Hanny Gronkiewicz-Waltz mo\u017cemy si\u0119 spodziewa\u0107 mniej wi\u0119cej tego samego, co w ostatnich latach. Nazwiska PP. Adamowicz, Lasota, Dutkiewicz, Karnowski i inne przypominaj\u0105 nazwiska sportowc\u00f3w na koszulkach dru\u017cyny przoduj\u0105cej lub opozycyjnej. Wybory s\u0105 samorz\u0105dowe, zdecentralizowane, ale wynik liczy si\u0119 wsp\u00f3lny, jeden jedyny \u2013 partyjny.<\/p>\n<p>Na tle bezbarwnej kampanii jedyne o\u017cywienie wnosz\u0105 skandale. Fakt, \u017ce ich negatywnymi bohaterami s\u0105 pos\u0142owie, \u201eelyta\u201d, ludzie z g\u00f3rnej p\u00f3\u0142ki, podr\u00f3\u017cnicy na koszt pa\u0144stwa albo mi\u0142o\u015bnicy kosztownych zegark\u00f3w, \u015bwiadczy o tym, \u017ce mamy \u201etr\u0105d w pa\u0142acu sprawiedliwo\u015bci\u201d. Jak powszechne i bezkarne musi by\u0107 cwaniactwo, je\u017celi ludzie uprawiaj\u0105 je nie po kryjomu, pod os\u0142on\u0105 nocy, ale w bia\u0142y dzie\u0144, pod sejmowym \u017cyrandolem. Jeszcze jedna komisja, jeszcze jeden pe\u0142nomocnik nie rozwi\u0105\u017ce sprawy.<\/p>\n<p>Przedwyborcz\u0105 smut\u0119 o\u017cywiaj\u0105 skandale parlamentarzyst\u00f3w i zdziczenie wandali w kominiarkach 11 listopada. Nazajutrz po Dniu Niepodleg\u0142o\u015bci jecha\u0142em Autostrad\u0105 Wolno\u015bci z Poznania do Warszawy, naliczy\u0142em 9 konwoj\u00f3w policyjnych, ka\u017cdy licz\u0105cy od kilkunastu do kilkudziesi\u0119ciu pojazd\u00f3w (w tym armatki wodne), wracaj\u0105ce ze stolicy.  <\/p>\n<p>A prezydencki projekt zakazu zas\u0142aniania twarzy podczas zgromadze\u0144 publicznych le\u017cy w Sejmie ju\u017c rok. Nic dziwnego \u2013 pos\u0142owie s\u0105 w rozjazdach.<\/p>\n","protected":false},"excerpt":{"rendered":"<p>Wybory samorz\u0105dowe 16 listopada 2014 to wybory zast\u0119pcze. Nie jest to w\u0142a\u015bciwy mecz, tylko tzw. przedmecz junior\u00f3w, nie jest to autentyczny spektakl, tylko pr\u00f3ba generalna.<\/p>\n","protected":false},"author":4,"featured_media":0,"comment_status":"open","ping_status":"closed","sticky":false,"template":"","format":"standard","meta":{"footnotes":""},"categories":[1],"tags":[],"_links":{"self":[{"href":"https:\/\/blog.polityka.pl\/passent\/wp-json\/wp\/v2\/posts\/2659"}],"collection":[{"href":"https:\/\/blog.polityka.pl\/passent\/wp-json\/wp\/v2\/posts"}],"about":[{"href":"https:\/\/blog.polityka.pl\/passent\/wp-json\/wp\/v2\/types\/post"}],"author":[{"embeddable":true,"href":"https:\/\/blog.polityka.pl\/passent\/wp-json\/wp\/v2\/users\/4"}],"replies":[{"embeddable":true,"href":"https:\/\/blog.polityka.pl\/passent\/wp-json\/wp\/v2\/comments?post=2659"}],"version-history":[{"count":4,"href":"https:\/\/blog.polityka.pl\/passent\/wp-json\/wp\/v2\/posts\/2659\/revisions"}],"predecessor-version":[{"id":2663,"href":"https:\/\/blog.polityka.pl\/passent\/wp-json\/wp\/v2\/posts\/2659\/revisions\/2663"}],"wp:attachment":[{"href":"https:\/\/blog.polityka.pl\/passent\/wp-json\/wp\/v2\/media?parent=2659"}],"wp:term":[{"taxonomy":"category","embeddable":true,"href":"https:\/\/blog.polityka.pl\/passent\/wp-json\/wp\/v2\/categories?post=2659"},{"taxonomy":"post_tag","embeddable":true,"href":"https:\/\/blog.polityka.pl\/passent\/wp-json\/wp\/v2\/tags?post=2659"}],"curies":[{"name":"wp","href":"https:\/\/api.w.org\/{rel}","templated":true}]}}