
{"id":2676,"date":"2014-11-23T18:38:19","date_gmt":"2014-11-23T17:38:19","guid":{"rendered":"http:\/\/passent.blog.polityka.pl\/?p=2676"},"modified":"2014-11-24T14:56:30","modified_gmt":"2014-11-24T13:56:30","slug":"spaprane-wybory","status":"publish","type":"post","link":"https:\/\/blog.polityka.pl\/passent\/2014\/11\/23\/spaprane-wybory\/","title":{"rendered":"Spaprane wybory"},"content":{"rendered":"<p>Przy ca\u0142ym szacunku dla tysi\u0119cy cz\u0142onk\u00f3w komisji wyborczych, z PKW na czele, kt\u00f3rzy pracowali dniami i nocami, trzeba stwierdzi\u0107, \u017ce wybory samorz\u0105dowe zosta\u0142y spaprane.<br \/>\n<!--more--><br \/>\nNa podsumowanie jeszcze  za wcze\u015bnie, wybory trwaj\u0105 i zako\u0144cz\u0105 si\u0119 dopiero po rozpatrzeniu skarg wyborczych przez s\u0105dy apelacyjne. Ale ju\u017c wida\u0107, \u017ce od strony organizacyjnej wybory nie s\u0105 dobrze przygotowane.  <\/p>\n<p>Wobec awarii komputerowej nie by\u0142o \u201eplanu B\u201d, powr\u00f3t do liczenia i przekazywania wynik\u00f3w metod\u0105 tradycyjn\u0105 (czytaj: r\u0119cznie) nast\u0105pi\u0142 za p\u00f3\u017ano, decyzje odwlekano, przetarg na obs\u0142ug\u0119 komputerow\u0105 by\u0142 kulawy, PKW i KBW nie alarmowa\u0142y opinii, \u017ce nadchodzi kryzys, kartki nie zosta\u0142y sprawdzone, trafia\u0142y si\u0119 podw\u00f3jne, niewyra\u017ane itp., a kiedy mleko si\u0119 rozla\u0142o, PKW by\u0142a zdezorientowana, wyborcy r\u00f3wnie\u017c, \u201eksi\u0105\u017ceczka\u201d mia\u0142a by\u0107 \u201ekart\u0105\u201d, kartka mia\u0142a by\u0107 \u201estronic\u0105\u201d, chaos doprowadzi\u0142 do znacznego wzrostu liczby g\u0142os\u00f3w niewa\u017cnych. Dzi\u0119ki temu cudowi nad urn\u0105 PSL odnotowa\u0142o znaczny przyrost g\u0142os\u00f3w, co wzmacnia ob\u00f3z rz\u0105dz\u0105cy. <\/p>\n<p>Te wybory nie odda\u0142y prawid\u0142owo  uk\u0142adu si\u0142, przynios\u0142y rezultat wypaczony. Gdyby to by\u0142o mo\u017cliwe, by\u0142bym za ich powt\u00f3rzeniem, ale to jest niemo\u017cliwe, pa\u0144stwo nie mo\u017ce \u0142ama\u0107 prawa, w\u0142adze i politycy powinni trzyma\u0107 si\u0119 od wybor\u00f3w daleko, nawet je\u017celi krew si\u0119 burzy.<\/p>\n<p>ALE od tego chaosu do zarzutu o \u201efa\u0142szerstwo\u201d, wschodnie standardy etc. &#8211; jest daleko. Te oskar\u017cenia o oszustwo s\u0105 na razie bezpodstawne i szkodliwe, ju\u017c doprowadzi\u0142y do ataku na siedzib\u0119 PKW \u2013 fatalny przejaw anarchizacji. A zapowied\u017a demonstracji na 13 grudnia, czyli wyprowadzenia tysi\u0119cy ludzi na ulice, mo\u017ce doprowadzi\u0107 do sytuacji zapalnej, kiedy jedna iskra mo\u017ce spowodowa\u0107 wybuch. <\/p>\n<p>(B\u0119dzie si\u0119 wtedy m\u00f3wi\u0142o o prowokacyjnej obecno\u015bci policji&#8230;). <\/p>\n<p>Podczas incydentu w siedzibie PKW mo\u017cna by\u0142o zobaczy\u0107 p\u0142ynn\u0105 granic\u0119 pomi\u0119dzy dziennikarzami, kt\u00f3rzy tylko relacjonuj\u0105, a uczestnikami naj\u015bcia na siedzib\u0119 urz\u0119du. Nast\u0105pi\u0142a zamiana r\u00f3l. <\/p>\n<p>Widzieli\u015bmy, jak uczestnicy zaj\u015b\u0107 fotografuj\u0105, filmuj\u0105 i na gor\u0105co, wynoszeni przez policj\u0119, opowiadaj\u0105 co si\u0119 dzieje. Wygl\u0105dali na dziennikarzy. Z kolei autentyczni dziennikarze, kt\u00f3rzy pe\u0142nili swoje obowi\u0105zki, zostali zatrzymani przez policj\u0119, bez rozr\u00f3\u017cnienia \u201ewho\u2019s who\u201d. <\/p>\n<p>Wreszcie by\u0142a i trzecia kategoria os\u00f3b, dziennikarze \u2013 uczestnicy zaj\u015bcia. Dziennikarka, re\u017cyser, publicysta &#8211; te\u017c maj\u0105 prawo do udzia\u0142u w demonstracji, maj\u0105 takie same prawa i ponosz\u0105 tak\u0105 sam\u0105 odpowiedzialno\u015b\u0107 jak ka\u017cdy inny. Jak policja ma ich wszystkich rozr\u00f3\u017cni\u0107 w trakcie akcji, na gor\u0105co \u2013 tego nie wiem.   <\/p>\n<p>Niekt\u00f3rzy ludzie s\u0105 sk\u0142onni usprawiedliwia\u0107 naj\u015bcie na siedzib\u0119 PKW uzasadnionym gniewem wyborc\u00f3w. Gniew wyborc\u00f3w? \u2013 OK, ale pami\u0119tajmy, \u017ce przez 25 minionych lat wybory nie budzi\u0142y w\u0105tpliwo\u015bci, tylko jeden prezes od lat m\u00f3wi\u0142 o fa\u0142szerstwach, powo\u0142ywa\u0142 swoich m\u0119\u017c\u00f3w zaufania w ka\u017cdym lokalu wyborczym i podwa\u017ca\u0142 zaufanie do uczciwo\u015bci wybor\u00f3w w Polsce, gdy\u017c je przegrywa\u0142. Gdy wi\u0119c zapanowa\u0142 prawdziwy chaos, co bardziej zapalczywi oburzeni ruszyli do ataku, na czele ci, co zawsze \u2013 Ewa Stankiewicz, re\u017c. Grzegorz Braun, JK-M, Przemys\u0142aw Wipler&#8230; <\/p>\n<p>To nie \u017caden margines, to ikony radykalnej prawicy. Co prawda PiS natychmiast odci\u0105\u0142 si\u0119 od napa\u015bci na lokal PKW, ale uczestnicy zaj\u015b\u0107 przej\u0119li si\u0119 oskar\u017ceniami o fa\u0142szerstwo i inne nieprawo\u015bci. <\/p>\n<p>Kiedy imigranci w Pary\u017cu czy w USA podpalaj\u0105 samochody \u2013 te\u017c maj\u0105 powody, a mimo wszystko trudno to zaakceptowa\u0107.<\/p>\n<p>Wybory ujawni\u0142y szereg zaniedba\u0144 i dobrze si\u0119 sta\u0142o, \u017ce cz\u0142onkowie PKW i szef biura z\u0142o\u017cyli rezygnacj\u0119. Troch\u0119 im wsp\u00f3\u0142czuj\u0119, za poprzednie lata pracy nale\u017cy im si\u0119 podzi\u0119kowanie, ale i sprawiedliwa ocena. <\/p>\n<p>Na ostatniej  konferencji prasowej zabrak\u0142o z ich strony wyraz\u00f3w ubolewania i s\u0142owa \u201eprzepraszam\u201d.    <\/p>\n<p>Co dalej? Wybory trwaj\u0105. Powinny zosta\u0107 doprowadzone do ko\u0144ca w atmosferze spokoju i powagi. Kto uwa\u017ca, \u017ce ma dowody naruszenia Kodeksu Wyborczego, mo\u017ce z\u0142o\u017cy\u0107 skarg\u0119 w s\u0105dzie. S\u0105dy, i tylko s\u0105dy, maj\u0105 prawo uniewa\u017cni\u0107 wybory w swoim okr\u0119gu. Mimo tegorocznej pora\u017cki, kt\u00f3r\u0105 trzeba wyja\u015bni\u0107, dobrze, \u017ce wybory w Polsce odbywaj\u0105 si\u0119 na odpowiedzialno\u015b\u0107 w\u0142adzy s\u0105downiczej. Inne pomys\u0142y,  np. postawienia na czele instytucji organizuj\u0105cej wybory niezale\u017cnego komisarza-fachowca, na wz\u00f3r prezesa NBP, uwa\u017cam za chybione. Jego wyb\u00f3r by\u0142by kolejnym powodem do awantury.   <\/p>\n<p>Opozycja ma prawo bi\u0107 na alarm i wykorzystywa\u0107 zaistnia\u0142\u0105 sytuacj\u0119 dla swoich cel\u00f3w politycznych, cho\u0107 nie zawsze jest to estetyczne (mam na my\u015bli spotkanie Kaczy\u0144ski \u2013 Miller), ca\u0142a ta sprawa b\u0119dzie  kosztowa\u0107 ob\u00f3z rz\u0105dz\u0105cy, jest argumentem na rzecz tezy o s\u0142abo\u015bci pa\u0144stwa. Wsp\u00f3ln\u0105 trosk\u0105 \u2013 koalicji rz\u0105dz\u0105cej i opozycji \u2013 powinno by\u0107 zadbanie o to, by konflikt nie przybra\u0142 gro\u017anych rozmiar\u00f3w, nie dolewa\u0107 benzyny do ognia.<\/p>\n<p>ZAPROSZENIE<br \/>\nWybory? Jakie wybory?!<br \/>\nZapraszam do wys\u0142uchania dyskusji, w kt\u00f3rej udzia\u0142 wezm\u0105: Pawe\u0142 Kowal &#8211; polityk i historyk, Jaros\u0142aw Guga\u0142a &#8211; dziennikarz i dyplomata oraz dr Renata Mie\u0144kowska-Norkiene &#8211; politilog.<br \/>\nRadio TOKFM, wtorek 25 bm, godz. 20.05<\/p>\n","protected":false},"excerpt":{"rendered":"<p>Przy ca\u0142ym szacunku dla tysi\u0119cy cz\u0142onk\u00f3w komisji wyborczych, z PKW na czele, kt\u00f3rzy pracowali dniami i nocami, trzeba stwierdzi\u0107, \u017ce wybory samorz\u0105dowe zosta\u0142y spaprane.<\/p>\n","protected":false},"author":4,"featured_media":0,"comment_status":"open","ping_status":"closed","sticky":false,"template":"","format":"standard","meta":{"footnotes":""},"categories":[1],"tags":[],"_links":{"self":[{"href":"https:\/\/blog.polityka.pl\/passent\/wp-json\/wp\/v2\/posts\/2676"}],"collection":[{"href":"https:\/\/blog.polityka.pl\/passent\/wp-json\/wp\/v2\/posts"}],"about":[{"href":"https:\/\/blog.polityka.pl\/passent\/wp-json\/wp\/v2\/types\/post"}],"author":[{"embeddable":true,"href":"https:\/\/blog.polityka.pl\/passent\/wp-json\/wp\/v2\/users\/4"}],"replies":[{"embeddable":true,"href":"https:\/\/blog.polityka.pl\/passent\/wp-json\/wp\/v2\/comments?post=2676"}],"version-history":[{"count":5,"href":"https:\/\/blog.polityka.pl\/passent\/wp-json\/wp\/v2\/posts\/2676\/revisions"}],"predecessor-version":[{"id":2683,"href":"https:\/\/blog.polityka.pl\/passent\/wp-json\/wp\/v2\/posts\/2676\/revisions\/2683"}],"wp:attachment":[{"href":"https:\/\/blog.polityka.pl\/passent\/wp-json\/wp\/v2\/media?parent=2676"}],"wp:term":[{"taxonomy":"category","embeddable":true,"href":"https:\/\/blog.polityka.pl\/passent\/wp-json\/wp\/v2\/categories?post=2676"},{"taxonomy":"post_tag","embeddable":true,"href":"https:\/\/blog.polityka.pl\/passent\/wp-json\/wp\/v2\/tags?post=2676"}],"curies":[{"name":"wp","href":"https:\/\/api.w.org\/{rel}","templated":true}]}}