
{"id":268,"date":"2007-05-14T08:15:43","date_gmt":"2007-05-14T06:15:43","guid":{"rendered":"http:\/\/passent.blog.polityka.pl\/?p=268"},"modified":"2007-05-14T01:57:18","modified_gmt":"2007-05-13T23:57:18","slug":"walka-w-blocie","status":"publish","type":"post","link":"https:\/\/blog.polityka.pl\/passent\/2007\/05\/14\/walka-w-blocie\/","title":{"rendered":"Walka w b\u0142ocie"},"content":{"rendered":"<p>Wcale bym si\u0119 nie zdziwi\u0142, gdyby premier Kaczy\u0144ski nie opublikowa\u0142 wyroku Trybuna\u0142u Konstytucyjnego \u201eniezw\u0142ocznie\u201d. Niezw\u0142ocznie to premier publikuje ustaw\u0119 wtedy, kiedy mu zale\u017cy, jak ustaw\u0119 o KRRiTV. Niezw\u0142ocznie, to IPN znajduje papiery na s\u0119dzi\u00f3w Trybuna\u0142u. Oni nie dbaj\u0105 o pozory.<\/p>\n<p>To, co funduj\u0105 nam rz\u0105dz\u0105cy, to walka w b\u0142ocie, kt\u00f3re trudno b\u0119dzie zmy\u0107 z oblicza Polski. Oto kilka \u017cenuj\u0105cych przyk\u0142ad\u00f3w.<\/p>\n<p>Minister Obrony, Aleksander Szczyg\u0142o, do niedawna szef Kancelarii Prezydenta, powiedzia\u0142 o wyroku Trybuna\u0142u Konstytucyjnego, \u017ce \u201egrupa os\u00f3b z towarzystwa przed\u0142o\u017cy\u0142a swoje interesy\u201d ponad interes publiczny. Nazwa\u0107 najwy\u017cszy Trybuna\u0142 \u201egrup\u0105 os\u00f3b z towarzystwa\u201d to wyj\u0105tkowe chamstwo. W dodatku w wykonaniu ministra Obrony, kt\u00f3ry powinien by\u0107 wzorem zachowa\u0144 rycerskich i honorowych. To, co m\u00f3wi minister Obrony, to przecie\u017c \u015bwi\u0119to\u015b\u0107 dla si\u0142 zbrojnych. Powinien on si\u0119 trzyma\u0107 z dala od polityki, \u017ceby wychowywa\u0107 wojsko w duchu jak najbardziej apolitycznym. Min. Szczyg\u0142o \u2013 autor pomys\u0142u ulokowania muzeum katy\u0144skiego naprzeciwko ambasady rosyjskiej i innych r\u00f3wnie udanych pomys\u0142\u00f3w &#8211; to prawdziwy \u201eg\u0142os jego pana\u201d, nie przeprosi honorowo cz\u0142onk\u00f3w Trybuna\u0142u.<\/p>\n<p>Przyk\u0142ad rzadkiego cynizmu dali tak\u017ce \u201em\u0142otkowy\u201d pose\u0142 Mularczyk i &#8211; wielce sk\u0105din\u0105d zas\u0142u\u017ceni &#8211; senator Romaszewski oraz marsza\u0142ek Dorn. Dwaj pierwsi powiadaj\u0105, \u017ce prezes St\u0119pie\u0144, wy\u0142\u0105czaj\u0105c ze sprawy dw\u00f3ch s\u0119dzi\u00f3w Trybuna\u0142u, po przedstawieniu przez Mularczyka ich \u201eteczek\u201d, naruszy\u0142 prawa obywatelskie obu s\u0119dzi\u00f3w, bo nie zapozna\u0142 si\u0119 z zawarto\u015bci\u0105 przedstawionych dokument\u00f3w. To naprawd\u0119 hucpa tak twierdzi\u0107, gdy\u017c nawet prezes TK nie jest uprawniony do lustracji s\u0119dzi\u00f3w, i to w czasie innej sprawy. Pose\u0142 Mularczyk najpierw poni\u017cy\u0142 dw\u00f3ch s\u0119dzi\u00f3w przed ca\u0142\u0105 Polsk\u0105, a potem roni krokodyle \u0142zy nad niesprawiedliwo\u015bci\u0105, jaka ich spotka\u0142a. I tego wszystkiego gratuluje mu Marsza\u0142ek Sejmu. Oczywi\u015bcie, \u017ce PiSowi chodzi\u0142o o odwleczenie og\u0142oszenie wyroku Trybuna\u0142u, a nie o prawa obywatelskie dw\u00f3ch s\u0119dzi\u00f3w.<\/p>\n<p>Dalej: Andrzej Gwiazda poni\u017ca Marsza\u0142ka Senatu, Bogdana Borusewicza i\u2026 zostaje cz\u0142onkiem Kolegium IPN. To, \u017ce Gwiazda otrzyma\u0142 najwy\u017csze odznaczenie za dawne zas\u0142ugi, jest jak najbardziej zrozumia\u0142e. Ale to, \u017ce twierdzi, jakoby Borusewicz inicjowa\u0142 strajk w stoczni na zlecenie jakiej\u015b tajnej s\u0142u\u017cby to skandal! Borusewicz dopytywa\u0142 si\u0119, czyim by\u0142 agentem \u2013 SB? Mosadu? KGB? Maniacy w rodzaju Gwiazdy, Macierewicza i Wyszkowskiego maj\u0105 dzi\u015b swoje pi\u0119\u0107 minut (kt\u00f3re bardzo si\u0119 d\u0142u\u017c\u0105), niszcz\u0105 kogo mog\u0105, oczywi\u015bcie w wyj\u0105tkiem braci. Je\u017celi nie Wa\u0142\u0119sa, Borusewicz, Mazowiecki, Kuro\u0144, Michnik \u2013 to z kim Walentynowicz i Gwiazda obalili komunizm? Wygl\u0105da na to, \u017ce z bezpiek\u0105. Bezpieka obali\u0142a si\u0119 sama r\u0119koma swoich agent\u00f3w \u2013 Wa\u0142\u0119sy, Borusewicza i innych. Obsesja Gwiazdy (i innych) nie jest ich spraw\u0105 prywatn\u0105. To realizacja tezy premiera, kt\u00f3ry w kontek\u015bcie TK powiedzia\u0142, \u017ce ka\u017cdemu mo\u017cna postawi\u0107 jaki\u015b zarzut. Gdy s\u0142ucha si\u0119 Gwiazdy, politycy i my\u015bliciele prawicy kiwaj\u0105 g\u0142owami i dodaj\u0105 aluzyjnie, \u017ce \u201epo otwarciu teczek histori\u0119 trzeba b\u0119dzie pisa\u0107 od nowa\u201d.<\/p>\n<p>Niekt\u00f3rzy ju\u017c j\u0105 pisz\u0105 \u2013 b\u0142otem.<\/p>\n<p>***<\/p>\n<p><strong>PS<\/strong>.<\/p>\n<p><strong>KATOWICE<\/strong>. Zapraszam do Katowic, w poniedzia\u0142ek, 14 maja, godz. 17.00, na spotkanie w Miejskiej Bibliotece Publicznej, ul. Piast\u00f3w 20.<\/p>\n<p><strong>TR\u00d3JMIASTO<\/strong>. Zapraszam do Salonu \u201ePolityki\u201d w Sopocie, \u015broda, 16 maja, godz. 18.30, spotkanie z okazji 50-lecia \u201ePolityki\u201d. Udzia\u0142 wezm\u0105 m.in. redaktor naczelny, Jerzy Baczy\u0144ski, red. red. Marek Ostrowski, Ryszarda Socha, Ewa Winnicka i ni\u017cej podpisany. Urz\u0105d Miejski, ul. Ko\u015bciuszki.<\/p>\n<p>Zapraszamy!<\/p>\n","protected":false},"excerpt":{"rendered":"<p>Wcale bym si\u0119 nie zdziwi\u0142, gdyby premier Kaczy\u0144ski nie opublikowa\u0142 wyroku Trybuna\u0142u Konstytucyjnego \u201eniezw\u0142ocznie\u201d. Niezw\u0142ocznie to premier publikuje ustaw\u0119 wtedy, kiedy mu zale\u017cy, jak ustaw\u0119 o KRRiTV. Niezw\u0142ocznie, to IPN znajduje papiery na s\u0119dzi\u00f3w Trybuna\u0142u. Oni nie dbaj\u0105 o pozory. To, co funduj\u0105 nam rz\u0105dz\u0105cy, to walka w b\u0142ocie, kt\u00f3re trudno b\u0119dzie zmy\u0107 z oblicza [&hellip;]<\/p>\n","protected":false},"author":4,"featured_media":0,"comment_status":"open","ping_status":"open","sticky":false,"template":"","format":"standard","meta":{"footnotes":""},"categories":[1],"tags":[],"_links":{"self":[{"href":"https:\/\/blog.polityka.pl\/passent\/wp-json\/wp\/v2\/posts\/268"}],"collection":[{"href":"https:\/\/blog.polityka.pl\/passent\/wp-json\/wp\/v2\/posts"}],"about":[{"href":"https:\/\/blog.polityka.pl\/passent\/wp-json\/wp\/v2\/types\/post"}],"author":[{"embeddable":true,"href":"https:\/\/blog.polityka.pl\/passent\/wp-json\/wp\/v2\/users\/4"}],"replies":[{"embeddable":true,"href":"https:\/\/blog.polityka.pl\/passent\/wp-json\/wp\/v2\/comments?post=268"}],"version-history":[{"count":0,"href":"https:\/\/blog.polityka.pl\/passent\/wp-json\/wp\/v2\/posts\/268\/revisions"}],"wp:attachment":[{"href":"https:\/\/blog.polityka.pl\/passent\/wp-json\/wp\/v2\/media?parent=268"}],"wp:term":[{"taxonomy":"category","embeddable":true,"href":"https:\/\/blog.polityka.pl\/passent\/wp-json\/wp\/v2\/categories?post=268"},{"taxonomy":"post_tag","embeddable":true,"href":"https:\/\/blog.polityka.pl\/passent\/wp-json\/wp\/v2\/tags?post=268"}],"curies":[{"name":"wp","href":"https:\/\/api.w.org\/{rel}","templated":true}]}}