
{"id":2684,"date":"2014-11-30T23:03:01","date_gmt":"2014-11-30T22:03:01","guid":{"rendered":"http:\/\/passent.blog.polityka.pl\/?p=2684"},"modified":"2014-12-01T13:19:49","modified_gmt":"2014-12-01T12:19:49","slug":"chwila-oddechu","status":"publish","type":"post","link":"https:\/\/blog.polityka.pl\/passent\/2014\/11\/30\/chwila-oddechu\/","title":{"rendered":"Chwila oddechu"},"content":{"rendered":"<p>Sonda\u017cowe wyniki II tury wybor\u00f3w samorz\u0105dowych s\u0105 raczej pomy\u015blne dla Platformy, ale i PiS  ma powody do zadowolenia.<br \/>\n<!--more--><br \/>\nPami\u0119tajmy, \u017ce du\u017ce miasta to \u015brodowisko naturalne PO i gdyby na tym terenie PiS odnotowa\u0142 spektakularne sukcesy, by\u0142aby to kl\u0119ska Platformy, bardzo z\u0142y prognostyk na wybory parlamentarne. <\/p>\n<p>Tymczasem wybory samorz\u0105dowe okaza\u0142y si\u0119 do\u015b\u0107 wyr\u00f3wnane i nie przes\u0105dzi\u0142y o wyborach parlamentarnych 2015 r. <\/p>\n<p>Pierwsz\u0105 wygran\u0105 jest wi\u0119c Ewa Kopacz, jej m\u0142ode przyw\u00f3dztwo partii, os\u0142abione po I turze, zosta\u0142o wzmocnione. Nie na tyle, \u017ceby mie\u0107 wybory parlamentarne \u201ew kieszeni\u201d, ale jednak.  <\/p>\n<p>W \u017cadnym z 6 najwi\u0119kszych miast kandydat PiS nie wygra\u0142, przynajmniej w sonda\u017cu. Najlepszy wynik po stronie PiS uzyska\u0142a Miros\u0142awa Stachowiak-R\u00f3\u017cecka (Wroc\u0142aw, 47 proc.) i Jacek Sasin w Warszawie (43 proc.). Na ten wynik z\u0142o\u017cy\u0142 si\u0119 wierny elektorat PiS, d\u0142ugie, wieloletnie panowanie dotychczasowych prezydent\u00f3w, Grobelnego i Gronkiewicz-Waltz, znu\u017cenie dotychczasow\u0105 w\u0142adz\u0105, naturalne pragnienie zmiany w\u015br\u00f3d cz\u0119\u015bci wyborc\u00f3w oraz pozosta\u0142e ugrupowania opozycyjne (w stolicy Piotr Guzia\u0142 + SLD i Tw\u00f3j Ruch). Jacek Sasin ma pow\u00f3d do zadowolenia, szkoda tylko, \u017ce w pierwszych dw\u00f3ch wyst\u0105pieniach po og\u0142oszeniu wyniku sonda\u017cu pose\u0142 zapomnia\u0142 (?) pogratulowa\u0107 HGW.<\/p>\n<p>Z wi\u0119ksz\u0105 klas\u0105 zachowa\u0142 si\u0119 zdecydowanie przegrany prezydent Poznania Ryszard Grobelny (42,4 proc.), kt\u00f3ry ju\u017c w pierwszych s\u0142owach pogratulowa\u0142 swojemu pogromcy. Zwyci\u0119zca, Jacek Ja\u015bkowiak (57,6 proc.), jest jednym z bohater\u00f3w wybor\u00f3w samorz\u0105dowych, autorem najwi\u0119kszej niespodzianki, pomy\u015blnej dla Platformy, podobnie jak pani Stachowiak z PiS we Wroc\u0142awiu.<\/p>\n<p>W Krakowie, mie\u015bcie tradycyjnie konserwatywnym, kandydat popierany przez PiS Marek Lasota (44 proc.) nie mo\u017ce podskakiwa\u0107 z rado\u015bci, mia\u0142 kampani\u0119 banaln\u0105 (\u201eprzywr\u00f3ci\u0107 energi\u0119 mieszka\u0144com Krakowa\u201d) i musia\u0142 uzna\u0107 wy\u017cszo\u015b\u0107 Jacka Majchrowskiego, kandydata lewicy, kt\u00f3rego kolejny sukces ka\u017ce si\u0119 zastanowi\u0107, czy stanowiska prezydent\u00f3w i burmistrz\u00f3w nie powinny by\u0107 ograniczone do np. dw\u00f3ch kadencji  4- lub 5-letnich.<\/p>\n<p>W Gda\u0144sku, podobnie jak w Warszawie, obie g\u0142\u00f3wne partie mog\u0105 by\u0107 zadowolone. W bastionie Platformy prezydent Adamowicz zebra\u0142 prawie 60 proc. g\u0142os\u00f3w, ale jego rywal, Andrzej Jaworski z PiS, uzyska\u0142 ca\u0142kiem przyzwoity wynik 42,4 proc. (W odr\u00f3\u017cnieniu od Andrzeja So\u015bnierza, kt\u00f3ry ma w Katowicach tylko nieco powy\u017cej 30 proc.).  <\/p>\n<p>Wsz\u0119dzie tam, gdzie kandydaci PiS zdobyli ponad 40 proc. g\u0142os\u00f3w, maj\u0105 prawo do zadowolenia. Przypomnijmy, \u017ce chodzi o elektorat wielkomiejski. W  mniejszych miejscowo\u015bciach wyniki Platformy nie b\u0119d\u0105 tak dobre.<\/p>\n<p>Prawo i Sprawiedliwo\u015b\u0107 odnotowa\u0142o pewne sukcesy. W \u017cadnym z najwi\u0119kszych miast nie zdoby\u0142o jednak prezydentury.  <\/p>\n<p>Ale walka by\u0142a bardziej wyr\u00f3wnana ni\u017c w latach ubieg\u0142ych. Powody do zadowolenia ma Platforma, zm\u0119czona sprawowaniem w\u0142adzy, nieszczeg\u00f3lnym wynikiem wybor\u00f3w do rad i sejmik\u00f3w oraz spapranym liczeniem wynik\u00f3w, za co cz\u0119\u015b\u0107 wyborc\u00f3w na pewno wini parti\u0119 rz\u0105dz\u0105c\u0105. <\/p>\n<p>Elektorat Platformy jednak si\u0119 zmobilizowa\u0142 i widz\u0105c zagro\u017cenie po I turze, pofatygowa\u0142 si\u0119 do urn. Przynajmniej w stolicy. Gdzie indziej frekwencja w granicach 1\/3, a wi\u0119c przygn\u0119biaj\u0105ca.  <\/p>\n<p>Ewa Kopacz mo\u017ce odetchn\u0105\u0107, ale tylko na chwil\u0119, gdy\u017c opozycja ma powody do zadowolenia. Wybory umocni\u0142y dwubiegunowy uk\u0142ad si\u0142 w Polsce, inni aktorzy \u2013 z wyj\u0105tkiem Roberta Biedronia (?) &#8211; pozostali za kurtyn\u0105.<\/p>\n<p>ZAPROSZENIE<br \/>\nKRAJOBRAZ PO WYBORACH to temat dyskusji, w kt\u00f3rej udzia\u0142 wezm\u0105: pose\u0142 prof. Stefan Niesio\u0142owski, prof. Andrzej Rychard, prof. Ewa Marciniak (UW). Radio TOK FM,  wtorek, 2 grudnia, godz. 20.05<br \/>\nZAPRASZAM!<\/p>\n","protected":false},"excerpt":{"rendered":"<p>Sonda\u017cowe wyniki II tury wybor\u00f3w samorz\u0105dowych s\u0105 raczej pomy\u015blne dla Platformy, ale i PiS ma powody do zadowolenia.<\/p>\n","protected":false},"author":4,"featured_media":0,"comment_status":"open","ping_status":"closed","sticky":false,"template":"","format":"standard","meta":{"footnotes":""},"categories":[1],"tags":[],"_links":{"self":[{"href":"https:\/\/blog.polityka.pl\/passent\/wp-json\/wp\/v2\/posts\/2684"}],"collection":[{"href":"https:\/\/blog.polityka.pl\/passent\/wp-json\/wp\/v2\/posts"}],"about":[{"href":"https:\/\/blog.polityka.pl\/passent\/wp-json\/wp\/v2\/types\/post"}],"author":[{"embeddable":true,"href":"https:\/\/blog.polityka.pl\/passent\/wp-json\/wp\/v2\/users\/4"}],"replies":[{"embeddable":true,"href":"https:\/\/blog.polityka.pl\/passent\/wp-json\/wp\/v2\/comments?post=2684"}],"version-history":[{"count":4,"href":"https:\/\/blog.polityka.pl\/passent\/wp-json\/wp\/v2\/posts\/2684\/revisions"}],"predecessor-version":[{"id":2688,"href":"https:\/\/blog.polityka.pl\/passent\/wp-json\/wp\/v2\/posts\/2684\/revisions\/2688"}],"wp:attachment":[{"href":"https:\/\/blog.polityka.pl\/passent\/wp-json\/wp\/v2\/media?parent=2684"}],"wp:term":[{"taxonomy":"category","embeddable":true,"href":"https:\/\/blog.polityka.pl\/passent\/wp-json\/wp\/v2\/categories?post=2684"},{"taxonomy":"post_tag","embeddable":true,"href":"https:\/\/blog.polityka.pl\/passent\/wp-json\/wp\/v2\/tags?post=2684"}],"curies":[{"name":"wp","href":"https:\/\/api.w.org\/{rel}","templated":true}]}}