
{"id":2690,"date":"2014-12-05T22:18:10","date_gmt":"2014-12-05T21:18:10","guid":{"rendered":"http:\/\/passent.blog.polityka.pl\/?p=2690"},"modified":"2014-12-06T02:06:16","modified_gmt":"2014-12-06T01:06:16","slug":"zasr-iii-rp","status":"publish","type":"post","link":"https:\/\/blog.polityka.pl\/passent\/2014\/12\/05\/zasr-iii-rp\/","title":{"rendered":"Zasr\u2026 III RP"},"content":{"rendered":"<p>Dziennikarze niepokorni, prawdziwi Polacy i patrioci maj\u0105 cz\u0119sto za z\u0142e swoim oponentom z \u201eg\u0142\u00f3wnego nurtu\u201d, \u017ce uprawiaj\u0105 pedagogik\u0119 wstydu, rozkr\u0119caj\u0105 przemys\u0142 pogardy, nie s\u0105 wystarczaj\u0105co dumni ze swojej ojczyzny, a nawet wieszaj\u0105 na niej psy, np. w upowszechnianiu antypolskiej wersji historii.<br \/>\n<!--more--><br \/>\nDu\u017co m\u00f3wi si\u0119 o antypolskich nastrojach, o pogardzie dla naszego kraju, o fa\u0142szowaniu prawdy \u2013 tej historycznej i tej bie\u017c\u0105cej. Dziennikarze niepokorni cz\u0119sto upominaj\u0105 si\u0119 o dobre imi\u0119 Polski, kalane nieustannie przez wrogie nam \u201eko\u0142a\u201d albo \u201eo\u015brodki\u201d za granic\u0105.  <\/p>\n<p>Zamiast jednak si\u0119ga\u0107 do temat\u00f3w dra\u017cliwych &#8211; takich jak Jedwabne, \u017co\u0142nierze \u201e wykl\u0119ci\u201d lub inne dramaty &#8211; sp\u00f3jrzmy na dzie\u0144 powszedni, czyli co prawicowy portal \u201ewPolityce\u201d pisze o Polsce, a konkretnie o jednym tylko przedsi\u0119wzi\u0119ciu pod nazw\u0105 Pendolino.<\/p>\n<p>\u201eCzy Pendolino zalej\u0105 fekalia?\u201d \u2013 czytamy na stronie tytu\u0142owej. Zanosi si\u0119 na to, \u017ce luksusowy poci\u0105g nie b\u0119dzie ani czysty, ani pachn\u0105cy. Okazuje si\u0119, \u017ce zanim poci\u0105gi si\u0119 zepsuj\u0105, mog\u0105 uton\u0105\u0107 w brudzie. \u201eMo\u017ce b\u0119dzie brudno, mo\u017ce b\u0119dzie \u015bmierdz\u0105co, ale za to poci\u0105g b\u0119dzie \u00bbmkn\u0105\u0142\u00ab jak strza\u0142a po polskich torach. To w ko\u0144cu duma III RP\u201d.<\/p>\n<p>Uczynny portal kieruje nas na pozosta\u0142e informacje \u201ewPolityce\u201d na temat Pendolino. Przytaczam wszystkie &#8211; powtarzam: wszystkie &#8211; wskazane doniesienia tego portalu na ten temat.<\/p>\n<p>\u201eZmory Pendolino ci\u0105g dalszy\u201d. Z powodu Pendolino inne poci\u0105gi b\u0119d\u0105 je\u017adzi\u0142y wolniej. <\/p>\n<p>\u201ePendolino b\u0119dzie kara\u0107 pasa\u017cer\u00f3w za jazd\u0119\u201d (jak \u2013 przeczytajcie sami).<\/p>\n<p>\u201eKoniec Pendolino! Komisja Europejska cofa 14 mln euro na ten projekt\u201d.<\/p>\n<p>\u201eZgin\u0105\u0142 cz\u0142owiek podczas test\u00f3w Pendolino\u201d. <\/p>\n<p>\u201eJak dosz\u0142o do tragedii. Pendolino zabi\u0142o cz\u0142owieka podczas jazdy pr\u00f3bnej\u201d. <\/p>\n<p>I to by by\u0142o na tyle, jak mawia\u0142 Jan Tadeusz Stanis\u0142awski. Wi\u0119cej grzech\u00f3w Pendolino (czytaj: III RP) nie pami\u0119tam. Ani jednego dobrego s\u0142owa, \u017cadnej pr\u00f3by obiektywizmu.<\/p>\n<p>Trudno oprze\u0107 si\u0119 wra\u017ceniu, \u017ce najlepiej zosta\u0142aby odebrana jeszcze wi\u0119ksza wpadka, a\u017c strach pomy\u015ble\u0107, jaka. Najlepiej, \u017ceby to by\u0142a katastrofa III RP, z kt\u00f3rej popio\u0142\u00f3w wy\u0142oni si\u0119 jej poprzedniczka i nast\u0119pczyni. <\/p>\n<p>Je\u017celi to nie jest pedagogika wstydu, to nie wiem, co ni\u0105 jest. Nie s\u0105 potrzebni Niemcy, \u017ceby wbija\u0107 czytelnikom do g\u0142owy, co to jest polnische Wirtschaft. Wystarcz\u0105 Polacy.<\/p>\n","protected":false},"excerpt":{"rendered":"<p>Dziennikarze niepokorni, prawdziwi Polacy i patrioci maj\u0105 cz\u0119sto za z\u0142e swoim oponentom z \u201eg\u0142\u00f3wnego nurtu\u201d, \u017ce uprawiaj\u0105 pedagogik\u0119 wstydu, rozkr\u0119caj\u0105 przemys\u0142 pogardy, nie s\u0105 wystarczaj\u0105co dumni ze swojej ojczyzny, a nawet wieszaj\u0105 na niej psy, np. w upowszechnianiu antypolskiej wersji historii.<\/p>\n","protected":false},"author":4,"featured_media":0,"comment_status":"open","ping_status":"closed","sticky":false,"template":"","format":"standard","meta":{"footnotes":""},"categories":[1],"tags":[],"_links":{"self":[{"href":"https:\/\/blog.polityka.pl\/passent\/wp-json\/wp\/v2\/posts\/2690"}],"collection":[{"href":"https:\/\/blog.polityka.pl\/passent\/wp-json\/wp\/v2\/posts"}],"about":[{"href":"https:\/\/blog.polityka.pl\/passent\/wp-json\/wp\/v2\/types\/post"}],"author":[{"embeddable":true,"href":"https:\/\/blog.polityka.pl\/passent\/wp-json\/wp\/v2\/users\/4"}],"replies":[{"embeddable":true,"href":"https:\/\/blog.polityka.pl\/passent\/wp-json\/wp\/v2\/comments?post=2690"}],"version-history":[{"count":3,"href":"https:\/\/blog.polityka.pl\/passent\/wp-json\/wp\/v2\/posts\/2690\/revisions"}],"predecessor-version":[{"id":2693,"href":"https:\/\/blog.polityka.pl\/passent\/wp-json\/wp\/v2\/posts\/2690\/revisions\/2693"}],"wp:attachment":[{"href":"https:\/\/blog.polityka.pl\/passent\/wp-json\/wp\/v2\/media?parent=2690"}],"wp:term":[{"taxonomy":"category","embeddable":true,"href":"https:\/\/blog.polityka.pl\/passent\/wp-json\/wp\/v2\/categories?post=2690"},{"taxonomy":"post_tag","embeddable":true,"href":"https:\/\/blog.polityka.pl\/passent\/wp-json\/wp\/v2\/tags?post=2690"}],"curies":[{"name":"wp","href":"https:\/\/api.w.org\/{rel}","templated":true}]}}