
{"id":2694,"date":"2014-12-07T14:31:57","date_gmt":"2014-12-07T13:31:57","guid":{"rendered":"http:\/\/passent.blog.polityka.pl\/?p=2694"},"modified":"2014-12-07T15:21:08","modified_gmt":"2014-12-07T14:21:08","slug":"wybory-i-kryterium-uliczne","status":"publish","type":"post","link":"https:\/\/blog.polityka.pl\/passent\/2014\/12\/07\/wybory-i-kryterium-uliczne\/","title":{"rendered":"Wybory i kryterium uliczne"},"content":{"rendered":"<p>Kryzys lewicy jest ju\u017c tak g\u0142\u0119boki, \u017ce s\u0142abuj\u0105cy SLD nie mo\u017ce si\u0119 dogada\u0107 co do kandydata w wyborach prezydenckich.<!--more--><\/p>\n<p>Kontredans w wykonaniu pos\u0142a Kalisza i Leszka Millera pokazuje, \u017ce ten pierwszy chce kandydowa\u0107 (nie wiem, po co mu to), a ten drugi nie mo\u017ce go narzuci\u0107. <\/p>\n<p>To by \u015bwiadczy\u0142o, \u017ce kontrola przewodnicz\u0105cego nad parti\u0105 s\u0142abnie. Moim zdaniem Kaliszowi brak powagi i konsekwencji, trudno by\u0142oby nam\u00f3wi\u0107 coraz mniej licznych wyborc\u00f3w lewicy na jego kandydatur\u0119. Miller Kalisza si\u0119 chwyta, bo to pozwala odsun\u0105\u0107 w cie\u0144 rozliczenie za pora\u017ck\u0119 w wyborach samorz\u0105dowych, poza tym nie widzi lepszego kandydata. <\/p>\n<p>Powinien do wybor\u00f3w stan\u0105\u0107 sam i pokaza\u0107, jak ko\u0144czy prawdziwy m\u0119\u017cczyzna. Po wyborach powinien przekaza\u0107 przewodnictwo SLD wybranemu nast\u0119pcy. W ten spos\u00f3b zosta\u0142by zamkni\u0119ty rozdzia\u0142 lewicy post-PZPR, a do wybor\u00f3w parlamentarnych parti\u0119 prowadzi\u0142oby ju\u017c nowe pokolenie, kt\u00f3re \u0142atwiej dogada si\u0119 z niedobitkami Twojego Ruchu.<\/p>\n<p>PiS ma natomiast kandydata, tam bezkr\u00f3lewia nie ma, jest jeden kr\u00f3l i basta. Kr\u00f3l Kaczy\u0144ski nie wa\u017cy si\u0119 kandydowa\u0107 przeciwko Komorowskiemu, wobec tego wystawia Andrzeja Dud\u0119. To ca\u0142kiem niez\u0142y kandydat, wykszta\u0142cony, elokwentny, ledwo po czterdziestce. By\u0142 w Kancelarii prezydenta Lecha Kaczy\u0144skiego, nie jest tak ostry w s\u0142owach jak wielu w PiS, z prezesem na czele. Ma na koncie swoje b\u0142\u0119dy, np. wzywa\u0142 prezydenta do zdymisjonowania cz\u0142onk\u00f3w PKW. Ale kt\u00f3\u017c jest bez grzechu?<\/p>\n<p>Manifestanci 13 grudnia b\u0119d\u0105 ju\u017c mogli nie\u015b\u0107 portrety Andrzeja Dudy, je\u015bli \u201eg\u00f3ra\u201d da zielone \u015bwiat\u0142o. Mimo \u017ce PiS krwawi (Kurski, Bielan, jeden i drugi Kami\u0144ski, Hofman&#8230;), to ci\u0105gle ma jeszcze kilku dzia\u0142aczy o cechach typowych dla tej partii \u2013 inteligentni, wygadani, zdyscyplinowani, niezawodni w realizowaniu linii partii, plus transfery \u2013 Gowin i Ziobro. Prezes Kaczy\u0144ski ma drugi garnitur.<\/p>\n<p>13 grudnia zobaczymy ich wszystkich w pochodzie. Sama inicjatywa jest jak najbardziej legalna i w obliczu zamieszania wyborczego nawet naturalna, bo nieudolno\u015b\u0107 PKW, zdumiewaj\u0105ce zdobycze PSL, liczba g\u0142os\u00f3w niewa\u017cnych \u2013 wszystko to \u015bwietne paliwo dla marszu oburzonych, trudno  przej\u015b\u0107 w tym roku nad wyborami spokojnie do porz\u0105dku dziennego.<\/p>\n<p>Szkoda tylko, \u017ce 13 grudnia, bo to skojarzenie jest nadu\u017cyciem. Wtedy by\u0142y czo\u0142gi i WRON, masowe aresztowania. Teraz jest marsz r\u00f3\u017c, dymisja PKW i pa\u0144stwo prawa. Obecno\u015b\u0107 biskup\u00f3w w Komitecie Honorowym jest nie na miejscu, podobnie jak by\u0142aby obecno\u015b\u0107 generalicji. Jest to sprzeczne z zasad\u0105 apolityczno\u015bci wojska czy ko\u015bcio\u0142\u00f3w. Nie mieszajmy sacrum z profanum. Obecno\u015b\u0107 znanych dziennikarzy propisowskich w Komitecie Honorowym marszu organizowanego przez PiS mnie nie dziwi. Oni s\u0105 na swoim miejscu.<\/p>\n","protected":false},"excerpt":{"rendered":"<p>Kryzys lewicy jest ju\u017c tak g\u0142\u0119boki, \u017ce s\u0142abuj\u0105cy SLD nie mo\u017ce si\u0119 dogada\u0107 co do kandydata w wyborach prezydenckich.<\/p>\n","protected":false},"author":4,"featured_media":0,"comment_status":"open","ping_status":"closed","sticky":false,"template":"","format":"standard","meta":{"footnotes":""},"categories":[1],"tags":[],"_links":{"self":[{"href":"https:\/\/blog.polityka.pl\/passent\/wp-json\/wp\/v2\/posts\/2694"}],"collection":[{"href":"https:\/\/blog.polityka.pl\/passent\/wp-json\/wp\/v2\/posts"}],"about":[{"href":"https:\/\/blog.polityka.pl\/passent\/wp-json\/wp\/v2\/types\/post"}],"author":[{"embeddable":true,"href":"https:\/\/blog.polityka.pl\/passent\/wp-json\/wp\/v2\/users\/4"}],"replies":[{"embeddable":true,"href":"https:\/\/blog.polityka.pl\/passent\/wp-json\/wp\/v2\/comments?post=2694"}],"version-history":[{"count":3,"href":"https:\/\/blog.polityka.pl\/passent\/wp-json\/wp\/v2\/posts\/2694\/revisions"}],"predecessor-version":[{"id":2697,"href":"https:\/\/blog.polityka.pl\/passent\/wp-json\/wp\/v2\/posts\/2694\/revisions\/2697"}],"wp:attachment":[{"href":"https:\/\/blog.polityka.pl\/passent\/wp-json\/wp\/v2\/media?parent=2694"}],"wp:term":[{"taxonomy":"category","embeddable":true,"href":"https:\/\/blog.polityka.pl\/passent\/wp-json\/wp\/v2\/categories?post=2694"},{"taxonomy":"post_tag","embeddable":true,"href":"https:\/\/blog.polityka.pl\/passent\/wp-json\/wp\/v2\/tags?post=2694"}],"curies":[{"name":"wp","href":"https:\/\/api.w.org\/{rel}","templated":true}]}}