
{"id":27,"date":"2006-05-17T10:58:29","date_gmt":"2006-05-17T08:58:29","guid":{"rendered":"http:\/\/passent.blog.polityka.pl\/?p=27"},"modified":"2006-05-18T15:16:14","modified_gmt":"2006-05-18T13:16:14","slug":"zyc-nie-umierac","status":"publish","type":"post","link":"https:\/\/blog.polityka.pl\/passent\/2006\/05\/17\/zyc-nie-umierac\/","title":{"rendered":"\u017by\u0107 &#8211; nie umiera\u0107"},"content":{"rendered":"<p>Kilka dni temu spotka\u0142em znajom\u0105 Amerykank\u0119, pani\u0105 ju\u017c mocno starsz\u0105 i bardzo sympatyczn\u0105. Podziwia\u0142em, jak \u015bwietnie si\u0119 trzyma i doskonale prowadzi rozmow\u0119. \u2013 Ale\u017c, panie Danielu, ja mam nowe kolana i nowe ramiona \u2013 powiedzia\u0142a z dum\u0105. Wszystkie cztery operacje, przeprowadzone w dw\u00f3ch r\u00f3\u017cnych krajach, jedna w USA, a druga w Szwajcarii,\u00a0 si\u0119 uda\u0142y.\u00a0 Co prawda nasi Internauci s\u0105 na og\u00f3\u0142 przed osiemdziesi\u0105tk\u0105, ale\u00a0 mam i dla nich dobre wiadomo\u015bci. W Unii Europejskiej coraz bardziej rozwija si\u0119 turystyka medyczna. Jak donosi brytyjski dziennik \u201eDaily Mail\u201d, Anglicy coraz cz\u0119\u015bciej wyje\u017cd\u017caj\u0105 na operacje zagranic\u0119. W Wielkiej Brytanii na operacj\u0119 stawu biodrowego w uspo\u0142ecznionej s\u0142u\u017cbie zdrowia trzeba czeka\u0107 rok. Pani Rachel Jenkins (76) uda\u0142a si\u0119 wiec do kliniki we Francji. Z tamtejszego szpitala przyjecha\u0142 po ni\u0105 samoch\u00f3d z kierowc\u0105 i przez tunel pod kana\u0142em La Manche zawi\u00f3z\u0142 na operacj\u0119, plus dwa tygodnie rekonwalescencji \u2013 wszystko odby\u0142o si\u0119 wspaniale.<\/p>\n<p>Inny chory, Kneale Talbot (68), notabene o preferencjach seksualnych niezbyt ulubionych przez pos\u0142a LPR Wojciecha Wierzejskiego, nie m\u00f3g\u0142 si\u0119 doczeka\u0107\u00a0 na operacj\u0119 kardiologiczn\u0105 w Anglii, i wybra\u0142 ofert\u0119 znanej kliniki niemieckiej w Lahr\/Baden. Wstawiono mu trzy bypassy i jest zachwycony. Nie mo\u017ce si\u0119 nachwali\u0107 lekarzy i opieki. Jedyne, co mu nie smakowa\u0142o, to niemiecki \u2018cup of tea\u2019.<\/p>\n<p>Anglicy coraz cz\u0119\u015bciej je\u017cd\u017c\u0105 na operacje kr\u0119gos\u0142upa do Indii, katarakty \u2013 do Afryki Po\u0142udniowej, a do dentysty na W\u0119gry. Masz chore kolano \u2013 jedz do Polski! Gazeta z du\u017cym uznaniem wyra\u017ca si\u0119 o Klinice Ortopedycznej Uniwersytetu Jagiello\u0144skiego (operacja kolana od 6 tys. do 8 tys. funt\u00f3w, tj. o po\u0142ow\u0119 taniej ni\u017c w Anglii). Gazeta zapewnia, \u017ce polscy chirurdzy stosuj\u0105 te same protezy, co w Anglii, a klinika w Krakowie oferuje doskona\u0142\u0105 rehabilitacje po operacji.<\/p>\n<p>W Wielkiej Brytanii jest pe\u0142no firm, kt\u00f3re specjalizuj\u0105 si\u0119 w turystyce medycznej, ale na tym nie koniec. Jak si\u0119 dowiadujemy z \u201eGazety Wyborczej\u201d, Niemcy coraz cz\u0119\u015bciej wybieraj\u0105 si\u0119 na kremacj\u0119 zw\u0142ok do pobliskich Czech. Nabo\u017ce\u0144stwo w Berlinie, kremacja w Czechach, poch\u00f3wek z powrotem w Niemczech, lub rozproszenie popio\u0142\u00f3w w powietrzu, nad terytorium Unii. &#8211; Turystyka cmentarna to dumping \u2013 oburza si\u0119 niemiecki przedsi\u0119biorca.<\/p>\n<p>Unia dzia\u0142a wi\u0119c na wszystkich frontach \u2013 mo\u017cna urodzi\u0107 w Polsce, pracowa\u0107 w Hiszpanii, operowa\u0107 w Niemczech, kremowa\u0107 w Czechach, a szcz\u0105tki pochowa\u0107 w ojczy\u017anie. Wszystko dobrze, dop\u00f3ki do tej turystyki nie przy\u0142\u0105czy si\u0119 pogotowie i przedsi\u0119biorstwa pogrzebowe w \u0141odzi.<\/p>\n","protected":false},"excerpt":{"rendered":"<p>Kilka dni temu spotka\u0142em znajom\u0105 Amerykank\u0119, pani\u0105 ju\u017c mocno starsz\u0105 i bardzo sympatyczn\u0105. Podziwia\u0142em, jak \u015bwietnie si\u0119 trzyma i doskonale prowadzi rozmow\u0119. \u2013 Ale\u017c, panie Danielu, ja mam nowe kolana i nowe ramiona \u2013 powiedzia\u0142a z dum\u0105. Wszystkie cztery operacje, przeprowadzone w dw\u00f3ch r\u00f3\u017cnych krajach, jedna w USA, a druga w Szwajcarii,\u00a0 si\u0119 uda\u0142y.\u00a0 Co [&hellip;]<\/p>\n","protected":false},"author":4,"featured_media":0,"comment_status":"open","ping_status":"open","sticky":false,"template":"","format":"standard","meta":{"footnotes":""},"categories":[1],"tags":[],"_links":{"self":[{"href":"https:\/\/blog.polityka.pl\/passent\/wp-json\/wp\/v2\/posts\/27"}],"collection":[{"href":"https:\/\/blog.polityka.pl\/passent\/wp-json\/wp\/v2\/posts"}],"about":[{"href":"https:\/\/blog.polityka.pl\/passent\/wp-json\/wp\/v2\/types\/post"}],"author":[{"embeddable":true,"href":"https:\/\/blog.polityka.pl\/passent\/wp-json\/wp\/v2\/users\/4"}],"replies":[{"embeddable":true,"href":"https:\/\/blog.polityka.pl\/passent\/wp-json\/wp\/v2\/comments?post=27"}],"version-history":[{"count":0,"href":"https:\/\/blog.polityka.pl\/passent\/wp-json\/wp\/v2\/posts\/27\/revisions"}],"wp:attachment":[{"href":"https:\/\/blog.polityka.pl\/passent\/wp-json\/wp\/v2\/media?parent=27"}],"wp:term":[{"taxonomy":"category","embeddable":true,"href":"https:\/\/blog.polityka.pl\/passent\/wp-json\/wp\/v2\/categories?post=27"},{"taxonomy":"post_tag","embeddable":true,"href":"https:\/\/blog.polityka.pl\/passent\/wp-json\/wp\/v2\/tags?post=27"}],"curies":[{"name":"wp","href":"https:\/\/api.w.org\/{rel}","templated":true}]}}