
{"id":270,"date":"2007-05-17T06:25:06","date_gmt":"2007-05-17T04:25:06","guid":{"rendered":"http:\/\/passent.blog.polityka.pl\/?p=270"},"modified":"2007-05-16T13:25:36","modified_gmt":"2007-05-16T11:25:36","slug":"%e2%80%9epolska-kaczka-w-europejskim-stawie%e2%80%9d","status":"publish","type":"post","link":"https:\/\/blog.polityka.pl\/passent\/2007\/05\/17\/%e2%80%9epolska-kaczka-w-europejskim-stawie%e2%80%9d\/","title":{"rendered":"\u201ePolska kaczka w europejskim stawie\u201d"},"content":{"rendered":"<p>Wczoraj rano, przed wyjazdem do salonu \u201ePolityki\u201d w Sopocie, wys\u0142ucha\u0142em porannej dyskusji w Radiu TOK FM, w sk\u0142adzie: Klaus Bachmann, Marcin Kr\u00f3l, Waldemar Kuczy\u0144ski i Jaros\u0142aw Kurski. \u015awietne grono, robi\u0142em notatki, dla tych z Pa\u0144stwa, kt\u00f3rzy nie s\u0142yszeli. Bachmann, publicysta niemiecko-polski, doskona\u0142y znawca naszego kraj, autor \u015bwietnej, a nie do\u015b\u0107 zauwa\u017conej ksi\u0105\u017cki \u201e<a href=\"http:\/\/www.merlin.com.pl\/frontend\/towar\/481082?skad=cemxbieqfm\" target=\"_blank\">Polska kaczka w europejskim stawie<\/a>\u201d (2006), por\u00f3wna\u0142 lustracj\u0119 w Niemczech i w Polsce.<\/p>\n<p>\u2013 <em>W Niemczech<\/em> \u2013 m\u00f3wi Bachmann \u2013 <em>lustracja s\u0142u\u017cy\u0142a przej\u0119ciu w\u0142adzy w by\u0142ej NRD, odsuni\u0119ciu starych rz\u0105dc\u00f3w zosta\u0142a przeprowadzona szybko i sprawnie przez kompetentny aparat urz\u0119dniczy RFN. Natomiast lustracja w Polsce, prowadzona 18 lat po upadku systemu, kiedy walka o w\u0142adz\u0119 jest rozstrzygni\u0119ta, SLD jest na marginesie, prawdziwym celem lustracji jest wymiana kadr, zdyskredytowanie dawnej elity. R\u00f3wnie dobrze mo\u017cna by postawi\u0107 wszystkim osobom na stanowiskach wym\u00f3g znajomo\u015bci j\u0119zyka angielskiego, ale poniewa\u017c to by\u0142oby trudne do zaakceptowania \u2013 wybrano inne kryterium<\/em>,\u00a0stwierdza Bachmann.<\/p>\n<p>Czyli \u2013 dodam od siebie &#8211; pod has\u0142ami walki z komun\u0105 i jej pozosta\u0142o\u015bciami, chodzi o to, \u017ceby zwolni\u0107 jak najwi\u0119cej stanowisk dla swoich.<\/p>\n<p>Z kolei prof. Marcin Kr\u00f3l powiedzia\u0142, \u017ce czyta\u0142 swoje teczki i nie m\u00f3g\u0142 si\u0119 nadziwi\u0107, co mu wk\u0142adano w usta, z nieudolnego pods\u0142uchu telefonicznego (dodajmy: jak w przypadku M. Niezabitowskiej). Ot\u00f3\u017c mia\u0142 on np. rzekomo rozmawia\u0107 z Wojciechem Karpi\u0144skim o VIII Plenum KC PZPR, co by\u0142o niemo\u017cliwe, gdy\u017c podobn\u0105 tematyk\u0105 panowie si\u0119 nie interesowali. Wreszcie, powiedzia\u0142 Kr\u00f3l, rozpowszechniony jest pogl\u0105d , jakoby w PRL ka\u017cdy, kto wyje\u017cd\u017ca\u0142 za granice by\u0142 nagabywany przez s\u0142u\u017cby. Tymczasem Marcin Kr\u00f3l podr\u00f3\u017cowa\u0142 wiele (gdy akurat dosta\u0142 paszport) i nigdy go nie indagowano.<\/p>\n<p>Od siebie dodam, \u017ce ja podr\u00f3\u017cowa\u0142em wiele, indagowano mnie przy innych okazjach, ale nigdy w zwi\u0105zku z wyjazdami, ani przed, ani po. Tymczasem wmawia si\u0119 dzi\u015b ludziom, \u017ce ka\u017cdy, kto podr\u00f3\u017cowa\u0142, przechodzi\u0142 takie rozmowy. Na moje wyczucie prawda le\u017cy po \u015brodku \u2013 jednych zahaczano, innych \u2013 nie, a pogl\u0105d, jakoby ka\u017cdy wyje\u017cd\u017caj\u0105cy mia\u0142 za sob\u0105 takie kontakty ma na celu zdyskredytowa\u0107 ca\u0142\u0105 \u0142\u017ce-elit\u0119. Nawet g\u00f3rali, kt\u00f3rzy je\u017adzili pracowa\u0107 na czarno do \u201eHameryki\u201d.<\/p>\n<p>Drugi temat rozmowy, to Polska w Europie, jak nas widz\u0105. Tu Bachmann, jako Niemiec w Polsce, jest bardzo miarodajny. Jego zdaniem, stosunki polsko- niemieckie za poprzednich rz\u0105d\u00f3w to by\u0142 \u201ekicz\u201d \u2013 w imi\u0119 dobrej atmosfery pomijano sprawy trudne, sprzeczne interesy. Podniesienie tych spraw, jak rozumiem, to dla obecnego rz\u0105du \u201eplus dodatni\u201d. Teraz natomiast Polska jest kaczk\u0105 \u2013 dziwaczk\u0105. Z jednej strony lansuje projekt unijnych si\u0142 zbrojnych, czyli garnie si\u0119 do integracji, a z drugiej \u2013 podwa\u017ca unijn\u0105 konstytucj\u0119, zmierza do unii pa\u0144stw, a nie do federacji, czyli w przeciwnym kierunku. Polska \u2013 m\u00f3wili Bachmann i Kuczy\u0144ski \u2013 na arenie europejskiej jest zagadkowa, nieobliczalna. Skutek: wzrost zainteresowania, ale spadek powa\u017cania.<\/p>\n<p>Ciekawa dyskusja. Teraz p\u0119dz\u0119 do Czytelnik\u00f3w w Sopocie.<\/p>\n","protected":false},"excerpt":{"rendered":"<p>Wczoraj rano, przed wyjazdem do salonu \u201ePolityki\u201d w Sopocie, wys\u0142ucha\u0142em porannej dyskusji w Radiu TOK FM, w sk\u0142adzie: Klaus Bachmann, Marcin Kr\u00f3l, Waldemar Kuczy\u0144ski i Jaros\u0142aw Kurski. \u015awietne grono, robi\u0142em notatki, dla tych z Pa\u0144stwa, kt\u00f3rzy nie s\u0142yszeli. Bachmann, publicysta niemiecko-polski, doskona\u0142y znawca naszego kraj, autor \u015bwietnej, a nie do\u015b\u0107 zauwa\u017conej ksi\u0105\u017cki \u201ePolska kaczka w [&hellip;]<\/p>\n","protected":false},"author":4,"featured_media":0,"comment_status":"open","ping_status":"open","sticky":false,"template":"","format":"standard","meta":{"footnotes":""},"categories":[1],"tags":[],"_links":{"self":[{"href":"https:\/\/blog.polityka.pl\/passent\/wp-json\/wp\/v2\/posts\/270"}],"collection":[{"href":"https:\/\/blog.polityka.pl\/passent\/wp-json\/wp\/v2\/posts"}],"about":[{"href":"https:\/\/blog.polityka.pl\/passent\/wp-json\/wp\/v2\/types\/post"}],"author":[{"embeddable":true,"href":"https:\/\/blog.polityka.pl\/passent\/wp-json\/wp\/v2\/users\/4"}],"replies":[{"embeddable":true,"href":"https:\/\/blog.polityka.pl\/passent\/wp-json\/wp\/v2\/comments?post=270"}],"version-history":[{"count":0,"href":"https:\/\/blog.polityka.pl\/passent\/wp-json\/wp\/v2\/posts\/270\/revisions"}],"wp:attachment":[{"href":"https:\/\/blog.polityka.pl\/passent\/wp-json\/wp\/v2\/media?parent=270"}],"wp:term":[{"taxonomy":"category","embeddable":true,"href":"https:\/\/blog.polityka.pl\/passent\/wp-json\/wp\/v2\/categories?post=270"},{"taxonomy":"post_tag","embeddable":true,"href":"https:\/\/blog.polityka.pl\/passent\/wp-json\/wp\/v2\/tags?post=270"}],"curies":[{"name":"wp","href":"https:\/\/api.w.org\/{rel}","templated":true}]}}