
{"id":271,"date":"2007-05-18T00:02:27","date_gmt":"2007-05-17T22:02:27","guid":{"rendered":"http:\/\/passent.blog.polityka.pl\/?p=271"},"modified":"2007-05-18T00:04:40","modified_gmt":"2007-05-17T22:04:40","slug":"czy-bezczelnosc-jest-karalna","status":"publish","type":"post","link":"https:\/\/blog.polityka.pl\/passent\/2007\/05\/18\/czy-bezczelnosc-jest-karalna\/","title":{"rendered":"Czy bezczelno\u015b\u0107 jest karalna"},"content":{"rendered":"<p>Ozdob\u0105 \u201eGazety Wyborczej\u201d w tych dniach by\u0142y obszerne przeprosiny Jacka Kurskiego, czyli fina\u0142 afery billbordowej. Najbardziej agresywny (po odej\u015bciu Artura Zawiszy) pose\u0142 PiS musia\u0142 przeprosi\u0107 dwie firmy oraz by\u0142\u0105 dyrektor w PZU, pani\u0105 Iwon\u0119 Ryniewicz, za bezpodstawne oskar\u017cenia. Bardzo si\u0119 ciesz\u0119, \u017ce demaskator z PiS zosta\u0142 wreszcie doprowadzony do s\u0105du i przyk\u0142adnie ukarany. Na przysz\u0142o\u015b\u0107 (miejmy nadziej\u0119) b\u0119dzie uwa\u017ca\u0107.<\/p>\n<p>Niestety, przed nikczemnymi atakami trudno si\u0119 broni\u0107 i trudno uzyska\u0107 satysfakcj\u0119. Co maj\u0105 zrobi\u0107 s\u0119dziowie Trybuna\u0142u Konstytucyjnego zniewa\u017ceni przed ca\u0142\u0105 Polsk\u0105 przez innego demaskatora z PiS, w dodatku adwokata?! Formalnie demaskator jest by\u0107 mo\u017ce w porz\u0105dku, on \u201etylko\u201d og\u0142osi\u0142 dokumenty, jakie otrzyma\u0142 z IPN (po\u0142ow\u0119 przemilczaj\u0105c) i to na \u017cyczenie Marsza\u0142ka Sejmu! Faktycznie zdemolowa\u0142 dw\u00f3ch cenionych prawnik\u00f3w, kt\u00f3rzy musieli zosta\u0107 wy\u0142\u0105czeni ze sprawy o historycznym znaczeniu. Co wi\u0119cej, b\u0119d\u0105 musieli si\u0119 t\u0142umaczy\u0107, \u017ce nie s\u0105 wielb\u0142\u0105dami. A demaskator bryluje w mediach, straszy pozwaniem do s\u0105du prof. Zolla, kt\u00f3ry (i tak \u0142agodnie) powiedzia\u0142, co my\u015bli o jego post\u0119pku. Ch\u0119tnie bym widzia\u0142 kolejnego demaskatora, jak musi przeprosi\u0107, ale nie wiem, czy tego doczekamy. Wreszcie Marsza\u0142ek Sejmu, kt\u00f3ry macza palce w obrzydliwej aferze, jak\u0105 jest poszukiwanie kwit\u00f3w na s\u0119dzi\u00f3w. W sumie &#8211; obrzydliwe, jak to okre\u015bli\u0142 prof. Osiaty\u0144ski.<br \/>\n\u00a0<br \/>\nCh\u0119tnie bym te\u017c widzia\u0142, jak Andrzej Gwiazda przeprasza Borusewicza i Wa\u0142\u0119s\u0119. Pierwszego za to, \u017ce zarzuci\u0142 mu, i\u017c og\u0142osi\u0142 strajk w stoczni z inspiracji SB, a drugiego za ataki, jakoby by\u0142 agentem, mimo \u017ce by\u0142y prezydent otrzyma\u0142 z IPN status pokrzywdzonego. Ani Borusewicz, ani Wa\u0142\u0119sa nie s\u0105 moimi idolami, ale przecie\u017c to s\u0105 \u017cywe pomniki naszej historii, a zakompleksia\u0142y Gwiazda (sk\u0105din\u0105d te\u017c pomnik, ale nie spi\u017cowy) postanowi\u0142 je podwa\u017cy\u0107 i jeszcze m\u00f3wi, \u017ce ka\u017cdy jest podejrzany. \u015awiadczy to o jego mentalno\u015bci, bliskiej Jaros\u0142awowi Kaczy\u0144skiemu, kt\u00f3ry mniej wi\u0119cej to samo powiedzia\u0142 o s\u0119dziach Trybuna\u0142u. Ci ludzie cierpi\u0105 na chroniczn\u0105 podejrzliwo\u015b\u0107.<\/p>\n<p>Niestety, Wa\u0142\u0119sa odpowiedzia\u0142 innym dokumentem, tym razem w sprawie Gwiazdy, ma\u0142o zreszt\u0105 przekonuj\u0105cym, ale najgorsze jest to, \u017ce \u2013 jak pisze \u201eDziennik Ba\u0142tycki\u201d \u2013 \u201elegendy ok\u0142adaj\u0105 si\u0119 teczkami\u201d. Wa\u0142\u0119sa zapowiedzia\u0142, \u017ce w miar\u0119 potrzeby b\u0119dzie ujawnia\u0142 inne dokumenty. G\u00f3r\u0119 bierze zawi\u015b\u0107, agresja, frustracja, i to ze strony ludzi, kt\u00f3rym si\u0119 uda\u0142o, kt\u00f3rym si\u0119 powiod\u0142o: Kaczy\u0144ski rz\u0105dzi, Kurski jest pos\u0142em partii rz\u0105dz\u0105cej, pupilkiem rz\u0105dz\u0105cej braci, Gwiazda jest kawalerem najwy\u017cszych odznacze\u0144, cz\u0142onkiem Kolegium IPN \u2013 ministerstwa prawdy, kt\u00f3re decyduje o by\u0107 albo nie by\u0107 ka\u017cdej osoby publicznej. A mimo to ludzie ci s\u0105 sfrustrowani, agresywni, fanatyczni, powiedzia\u0142bym: \u017ali.<\/p>\n<p>Doszli oni do g\u0142osu, poniewa\u017c rz\u0105dzi jeden z nich: Jaros\u0142aw Kaczy\u0144ski, kt\u00f3ry w tych dniach zada\u0142 retoryczne pytanie:<\/p>\n<blockquote><p>Czy (Michnik) walczy\u0142 o zwyci\u0119stwo Pu\u0142aw nad Natolinem, czy o niepodleg\u0142\u0105 Polsk\u0119?<\/p><\/blockquote>\n<p>I dalej:<\/p>\n<blockquote><p>Adam Michnik jest cz\u0142owiekiem w istocie z tej samej formacji co SLD, to jest od wielu lat zupe\u0142nie oczywiste.<\/p><\/blockquote>\n<p>Ch\u0119tnie bym widzia\u0142, \u017ceby Michnik zawl\u00f3k\u0142 Kaczy\u0144skiego do s\u0105du i doczeka\u0142 si\u0119 przeprosin na \u0142amach \u201eGazety\u201d. Nie jestem prawnikiem i nie wiem, czy mo\u017cna skaza\u0107 Gwiazd\u0119, Mularczyka i Kaczy\u0144skiego, proces z nimi to zreszt\u0105 \u017cadna przyjemno\u015b\u0107, ale by\u0142oby dobrze, gdyby bezczelno\u015b\u0107 by\u0142a karalna.<\/p>\n","protected":false},"excerpt":{"rendered":"<p>Ozdob\u0105 \u201eGazety Wyborczej\u201d w tych dniach by\u0142y obszerne przeprosiny Jacka Kurskiego, czyli fina\u0142 afery billbordowej. Najbardziej agresywny (po odej\u015bciu Artura Zawiszy) pose\u0142 PiS musia\u0142 przeprosi\u0107 dwie firmy oraz by\u0142\u0105 dyrektor w PZU, pani\u0105 Iwon\u0119 Ryniewicz, za bezpodstawne oskar\u017cenia. Bardzo si\u0119 ciesz\u0119, \u017ce demaskator z PiS zosta\u0142 wreszcie doprowadzony do s\u0105du i przyk\u0142adnie ukarany. Na przysz\u0142o\u015b\u0107 [&hellip;]<\/p>\n","protected":false},"author":4,"featured_media":0,"comment_status":"open","ping_status":"open","sticky":false,"template":"","format":"standard","meta":{"footnotes":""},"categories":[1],"tags":[],"_links":{"self":[{"href":"https:\/\/blog.polityka.pl\/passent\/wp-json\/wp\/v2\/posts\/271"}],"collection":[{"href":"https:\/\/blog.polityka.pl\/passent\/wp-json\/wp\/v2\/posts"}],"about":[{"href":"https:\/\/blog.polityka.pl\/passent\/wp-json\/wp\/v2\/types\/post"}],"author":[{"embeddable":true,"href":"https:\/\/blog.polityka.pl\/passent\/wp-json\/wp\/v2\/users\/4"}],"replies":[{"embeddable":true,"href":"https:\/\/blog.polityka.pl\/passent\/wp-json\/wp\/v2\/comments?post=271"}],"version-history":[{"count":0,"href":"https:\/\/blog.polityka.pl\/passent\/wp-json\/wp\/v2\/posts\/271\/revisions"}],"wp:attachment":[{"href":"https:\/\/blog.polityka.pl\/passent\/wp-json\/wp\/v2\/media?parent=271"}],"wp:term":[{"taxonomy":"category","embeddable":true,"href":"https:\/\/blog.polityka.pl\/passent\/wp-json\/wp\/v2\/categories?post=271"},{"taxonomy":"post_tag","embeddable":true,"href":"https:\/\/blog.polityka.pl\/passent\/wp-json\/wp\/v2\/tags?post=271"}],"curies":[{"name":"wp","href":"https:\/\/api.w.org\/{rel}","templated":true}]}}