
{"id":2715,"date":"2014-12-22T13:59:07","date_gmt":"2014-12-22T12:59:07","guid":{"rendered":"http:\/\/passent.blog.polityka.pl\/?p=2715"},"modified":"2014-12-22T14:14:25","modified_gmt":"2014-12-22T13:14:25","slug":"porzadki-swiateczne","status":"publish","type":"post","link":"https:\/\/blog.polityka.pl\/passent\/2014\/12\/22\/porzadki-swiateczne\/","title":{"rendered":"Porz\u0105dki \u015bwi\u0105teczne"},"content":{"rendered":"<p>\u015awi\u0105teczne porz\u0105dki, w ruch id\u0105 odkurzacze, froterki i trzepaczki. Do przetrzepania zosta\u0142o kilka spraw.<!--more--><\/p>\n<p>Pani premier mianowa\u0142a cztery pos\u0142anki jako swoje przedstawicielki w czterech ministerstwach (edukacja, infrastruktura, zdrowie i skarb), gdzie maj\u0105 pilnowa\u0107 dotrzymania obietnic Ewy Kopacz z jej expos\u00e9, z kt\u00f3rego b\u0119dzie rozliczana, i to wkr\u00f3tce, przed wyborami. Inicjatywa ta budzi w\u0105tpliwo\u015bci. Pierwsza: przecie\u017c \u201eprzedstawicielami\u201d premiera w resortach s\u0105 ministrowie i wiceministrowie. Po c\u00f3\u017c wi\u0119c mno\u017cy\u0107 byty? Czy\u017cby brak zaufania do cz\u0142onk\u00f3w w\u0142asnego rz\u0105du? Chyba \u017ce chodzi o to, \u017ceby zwi\u0119kszy\u0107 rol\u0119 kobiet we w\u0142adzach, przygotowa\u0107 je do obj\u0119cia wa\u017cnych stanowisk \u2013 wtedy rozumiem, ale bez entuzjazmu.<\/p>\n<p>Ko\u015bci\u00f3\u0142 katolicki w Polsce znalaz\u0142 pod choink\u0105 wiele prezent\u00f3w, widocznie by\u0142 bardzo grzeczny. 16 mln z\u0142otych \u2013 kolejna rata na \u015awi\u0105tyni\u0119 Opatrzno\u015bci Bo\u017cej, zwanej w mediach \u015aOB. Pardon, nie na \u017cadn\u0105 \u015bwi\u0105tyni\u0119, tylko na muzeum Jana Paw\u0142a II i Stefana Kardyna\u0142a Wyszy\u0144skiego. Nie mam nic przeciwko muzeum, ale nazywanie \u015bwi\u0105tyni muzeum to hipokryzja, pretekst, by przechrzci\u0107 danin\u0119 na Ko\u015bci\u00f3\u0142 na danin\u0119 na muzeum. Muzeum powsta\u0107 powinno (mo\u017ce w Wadowicach?), ale pilniejsze jest chyba muzeum historii Polski, bo teraz mamy dziwn\u0105 sytuacj\u0119: jest Muzeum Historii \u017byd\u00f3w Polskich, a nie zbudowano Muzeum Historii Polski, kt\u00f3re co prawda istnieje i dzia\u0142a, ale siedziby nie wida\u0107.<\/p>\n<p>Kolejny prezent to zawieszenie \u015bledztwa w sprawie J\u00f3zefa Weso\u0142owskiego, podejrzanego o pedofili\u0119, by\u0142ego duchownego, biskupa, nuncjusza apostolskiego w kilku krajach postradzieckich, a  ostatnio w Dominikanie i na Haiti. Pow\u00f3d zawieszenia: oczekiwanie na pomoc prawn\u0105 z Watykanu i Dominikany. Znaj\u0105c cierpliwo\u015b\u0107 polskiej prokuratury, \u201ezawieszenie\u201d mo\u017ce trwa\u0107 latami.<\/p>\n<p>Kolejne prezenty Pa\u0144stwa dla Ko\u015bcio\u0142a to od\u0142o\u017cenie prac nad ustaw\u0105 o \u201ein vitro\u201d, ratyfikacji konwencji \u201eantyprzemocowej\u201d oraz rozm\u00f3w o funduszu ko\u015bcielnym (do 2016 roku!). To tylko niekt\u00f3re upominki, nie zdziwi\u0142bym si\u0119, gdyby \u2013 jak chc\u0105 tego biskupi \u2013 w szko\u0142ach religia trafi\u0142a na \u015bwiadectwa maturalne. Wszak kolejne wybory Platforma te\u017c b\u0119dzie chcia\u0142a wygra\u0107, a pomoc o\u0142tarza dla tronu ci\u0105gle ma znaczenie. <\/p>\n<p>Co Platforma i PSL dostaj\u0105 w zamian? Mo\u017ce pow\u015bci\u0105gliwo\u015b\u0107 Episkopatu przed wyborami. W\u0105tpi\u0119, Ko\u015bci\u00f3\u0142 nie omieszka wspomnie\u0107, kto reprezentuje warto\u015bci. Wycofanie biskup\u00f3w z marszu PiS 13 grudnia to raczej prezent od Watykanu ni\u017c od polskiego Episkopatu.<\/p>\n<p>Polska \u015bwiecka takich prezent\u00f3w nie dostaje, musi je sobie wywalczy\u0107, tak jak Donald Tusk, kt\u00f3ry dotar\u0142 a\u017c na stanowisko przewodnicz\u0105cego Rady Europejskiej, i film \u201eIda\u201d, kt\u00f3ry idzie jak burza \u2013 oby dotar\u0142 tam, gdzie wszyscy mu \u017cyczymy. No nie \u201ewszyscy\u201d, bo niekt\u00f3rzy uwa\u017caj\u0105 go za film antypolski, ale o tym innym razem. Na razie wybieram si\u0119 na ten film po raz drugi, ze specjalnym termometrem, kt\u00f3ry mierzy temperatur\u0119 uczu\u0107 patriotycznych.<\/p>\n<p>Weso\u0142ych \u015awi\u0105t, przede wszystkim zdrowia i spokoju \u017cycz\u0119 wszystkim na naszym blogu.<\/p>\n","protected":false},"excerpt":{"rendered":"<p>\u015awi\u0105teczne porz\u0105dki, w ruch id\u0105 odkurzacze, froterki i trzepaczki. Do przetrzepania zosta\u0142o kilka spraw.<\/p>\n","protected":false},"author":4,"featured_media":0,"comment_status":"open","ping_status":"closed","sticky":false,"template":"","format":"standard","meta":{"footnotes":""},"categories":[1],"tags":[],"_links":{"self":[{"href":"https:\/\/blog.polityka.pl\/passent\/wp-json\/wp\/v2\/posts\/2715"}],"collection":[{"href":"https:\/\/blog.polityka.pl\/passent\/wp-json\/wp\/v2\/posts"}],"about":[{"href":"https:\/\/blog.polityka.pl\/passent\/wp-json\/wp\/v2\/types\/post"}],"author":[{"embeddable":true,"href":"https:\/\/blog.polityka.pl\/passent\/wp-json\/wp\/v2\/users\/4"}],"replies":[{"embeddable":true,"href":"https:\/\/blog.polityka.pl\/passent\/wp-json\/wp\/v2\/comments?post=2715"}],"version-history":[{"count":2,"href":"https:\/\/blog.polityka.pl\/passent\/wp-json\/wp\/v2\/posts\/2715\/revisions"}],"predecessor-version":[{"id":2718,"href":"https:\/\/blog.polityka.pl\/passent\/wp-json\/wp\/v2\/posts\/2715\/revisions\/2718"}],"wp:attachment":[{"href":"https:\/\/blog.polityka.pl\/passent\/wp-json\/wp\/v2\/media?parent=2715"}],"wp:term":[{"taxonomy":"category","embeddable":true,"href":"https:\/\/blog.polityka.pl\/passent\/wp-json\/wp\/v2\/categories?post=2715"},{"taxonomy":"post_tag","embeddable":true,"href":"https:\/\/blog.polityka.pl\/passent\/wp-json\/wp\/v2\/tags?post=2715"}],"curies":[{"name":"wp","href":"https:\/\/api.w.org\/{rel}","templated":true}]}}