
{"id":272,"date":"2007-05-21T00:02:05","date_gmt":"2007-05-20T22:02:05","guid":{"rendered":"http:\/\/passent.blog.polityka.pl\/?p=272"},"modified":"2007-05-20T23:00:06","modified_gmt":"2007-05-20T21:00:06","slug":"zawijasy-polityczne","status":"publish","type":"post","link":"https:\/\/blog.polityka.pl\/passent\/2007\/05\/21\/zawijasy-polityczne\/","title":{"rendered":"Zawijasy polityczne"},"content":{"rendered":"<p>Na czele rz\u0105du nie stoi wytworny dyplomata, kt\u00f3ry owija w bawe\u0142n\u0119, tylko cz\u0142owiek, kt\u00f3ry dobrze czuje si\u0119 w walce z cz\u0119\u015bci\u0105 spo\u0142ecze\u0144stwa. To polityk konfrontacji, a nie otwarcia, potwornie nieufny, kt\u00f3ry nie ma rachunku bankowego, poniewa\u017c obawia si\u0119, \u017ce kto\u015b (Urban? Michnik? Kiszczak? Baranina? Wo\u0142owina? Wieprzowina?) wp\u0142aci na jego rachunek pieni\u0105dze i nazajutrz to uka\u017ce si\u0119 w gazetach. Za to sam codziennie wbija komu\u015b szpil\u0119.<\/p>\n<p>Ostatnio powiedzia\u0142, \u017ce gdyby dr G. zosta\u0142 zwolniony przez s\u0105d o jeden dzie\u0144 wcze\u015bniej, to by\u0142by owacyjnie powitany na spotkaniu na Uniwersytecie Warszawskim w obronie demokracji. (Inny pose\u0142 PiS, dr Girzy\u0144ski, nazwa\u0142 to zgromadzenie \u201eTargowic\u0105\u201d). To typowa insynuacja, ka\u017cdy uczciwy cz\u0142owiek przyzna, \u017ce w sprawie dra G. nie chodzi o 50 zarzut\u00f3w, kt\u00f3re czekaj\u0105 na rozpatrzenie przez s\u0105d, ale o lekkomy\u015blne oskar\u017cenie przez ministra Ziobr\u0119 o zab\u00f3jstwo i spektakularne aresztowanie dla potrzeb medialno &#8211; politycznych, bo polityka represyjna dobrze si\u0119 sprzedaje. (St\u0105d i t\u0119sknota do kary \u015bmierci). Podobnie jak aresztowanie min. W\u0105sacza, przedtem (za poprzedniego rz\u0105du) prezesa Modrzejewskiego, a ostatnio najazd z kamerami na Barbar\u0119 Blid\u0119, kt\u00f3rej wystarczy\u0142oby wys\u0142a\u0107 wezwanie przez listonosza. Nie by\u0142oby \u017ale, gdyby premier Kaczy\u0144ski zastanowi\u0142 si\u0119, dlaczego \u015al\u0105sk nie odwr\u00f3ci\u0142 si\u0119 od Blidy, dlaczego &#8211; cho\u0107 odebra\u0142a sobie \u017cycie &#8211; zosta\u0142a pochowana na cmentarzu katolickim, a w jej pogrzebie wzi\u0105\u0142 udzia\u0142 katolicki ksi\u0105dz.<\/p>\n<p>Zar\u00f3wno w sprawie Barbary Blidy, jak i dra G.\u00a0nie chodzi o to, czy s\u0105 winni, ale jak zostali potraktowani oni, a po\u015brednio my wszyscy, kt\u00f3rym zafundowano podobne widowisko. Kiedy w\u0142adza zak\u0142ada kominiarki, to chce pokaza\u0107 narodowi, jak bardzo krzewi prawo i sprawiedliwo\u015b\u0107.<\/p>\n<p>Ob\u00f3z rz\u0105dz\u0105cy narzuci\u0142 Polsce atmosfer\u0119 wolnej amerykanki. Sztuczki maj\u0105ce na celu op\u00f3\u017anienie orzeczenia TK w sprawie lustracji przypomina\u0142y manewry adwokat\u00f3w ameryka\u0144skich w sprawie cywilnej o milion dolar\u00f3w. Co prawda demokracja formalnie nie zosta\u0142a pogwa\u0142cona, ale dobre obyczaje \u2013 chyba tak. Marsza\u0142ek Sejmu w przeddzie\u0144 rozprawy w Trybunale Konstytucyjnym ka\u017ce grzeba\u0107 w teczkach s\u0119dzi\u00f3w oraz os\u00f3b im bliskich. Sekretarz Generalny PiS, Joachim Brudzi\u0144ski, m\u00f3wi (w Radiu Zet) o cz\u0142onkach by\u0142ej Unii Demokratycznej per \u201epo\u017cyteczni idioci\u201d, a wyrok TK nazywa \u201ekuriozalnym\u201d i \u201etani\u0105 publicystyk\u0105\u201d. Premier z kolei twierdzi, \u017ce na ka\u017cdego cz\u0142onka trybuna\u0142u mo\u017cna co\u015b znale\u017a\u0107. W ubieg\u0142ym tygodniu s\u0105dy co najmniej trzykrotnie okaza\u0142y si\u0119 zapor\u0105 przeciwko psuciu obyczaj\u00f3w: Trybuna\u0142 Konstytucyjny w sprawie ustawy lustracyjnej, s\u0105dy powszechne w sprawie dra G. i w sprawie Jacka Kurskiego. Wszystkie te sprawy w\u0142adza przegra\u0142a. Nic dziwnego, \u017ce zmierza do ograniczenia niezawis\u0142o\u015bci s\u0119dzi\u00f3w.<\/p>\n<p>A premier to cz\u0142owiek bezkompromisowy, brutalny, jego styl udziela si\u0119 pp. Kurskiemu, Brudzi\u0144skiemu, Girzy\u0144skiemu i innym. Swoimi oskar\u017ceniami podsycaj\u0105 zimn\u0105 wojn\u0119 domow\u0105, argumenty w tzw. debacie publicznej coraz cz\u0119\u015bciej przypominaj\u0105 te w rodzaju \u201ea u was bij\u0105 Murzyn\u00f3w\u201d. Czy Jaros\u0142aw Kaczy\u0144ski i jego dru\u017cyna wierz\u0105 w to, co m\u00f3wi\u0105? Nie potrafi\u0119 wnikn\u0105\u0107 w zakamarki cudzej duszy, ale podejrzewam, \u017ce Kaczy\u0144ski m\u00f3wi to, co my\u015bli, nie jest do ko\u0144ca cyniczny \u2013 jak niekt\u00f3rzy s\u0105dz\u0105. To raczej cz\u0142owiek, kt\u00f3ry nie cierpi inaczej my\u015bl\u0105cych, na sw\u00f3j spos\u00f3b ideowy, fanatyczny je\u015bli chodzi o cele i wyrachowany gdy idzie o motywy. On naprawd\u0119 uwa\u017ca, \u017ce demokracja w Polsce ma si\u0119 dobrze, a kto twierdzi inaczej, ten jest ZOMO.<\/p>\n<p>***<\/p>\n<p><strong><em>JerzyK<\/em><\/strong> pisze, \u017ce \u201emedia ka\u017cdy temat \u0142ykaj\u0105 jak g\u0119\u015b kluski\u201d. Niestety, to prawda. Z ma\u0142ymi wyj\u0105tkami, media wykazuj\u0105 odruch stadny, nie mog\u0105 sobie pozwoli\u0107 (tak\u017ce w sensie rynkowym) na pomini\u0119cie kolejnej sensacji. Vide ksi\u0105\u017cka M. Niezabitowskiej, o kt\u00f3rej niedawno pisa\u0142em.<\/p>\n<p><strong><em>PK<\/em><\/strong>: \u201eKaczy\u0144scy maj\u0105 dobre wyczucie potrzeb spo\u0142ecznych.\u201d Zgoda. Dobrze zidentyfikowali elektorat \u201ewykluczonych\u201d przez transformacj\u0119, celnie wskazali s\u0142abe punkty (korupcja), ale te\u017c i nie stroni\u0105 od demagogii i populizmu, st\u0105d wskazywanie palcem na winnych, na \u0142\u017ce-elity, spiski, uk\u0142ady, na Niemcy, Rosj\u0119 i B\u00f3g wie kogo \u2013 kogo trzeba wyrzuci\u0107, ukara\u0107, im surowiej tym lepiej.<\/p>\n<p><em><strong>abisynia11<\/strong><\/em> \u2013 ja r\u00f3wnie\u017c zwr\u00f3ci\u0142em uwag\u0119 na artyku\u0142 (\u201eForum\u201d) o tym, \u017ce Uniwersytet Karola w Pradze zrezygnowa\u0142 z nadania doktoratu honoris causa Michnikowi. Mo\u017ce jacy\u015b politycy nastraszyli ich, \u017ce Kaczy\u0144scy si\u0119 obra\u017c\u0105? \u017ba\u0142osne. Ch\u0119tnie bym przeczyta\u0142 reporta\u017c na ten temat pi\u00f3ra Mariusza Szczyg\u0142a \u2013 autora ciekawej ksi\u0105\u017cki o czeskich zawijasach politycznych (\u201eGottland\u201d).<\/p>\n","protected":false},"excerpt":{"rendered":"<p>Na czele rz\u0105du nie stoi wytworny dyplomata, kt\u00f3ry owija w bawe\u0142n\u0119, tylko cz\u0142owiek, kt\u00f3ry dobrze czuje si\u0119 w walce z cz\u0119\u015bci\u0105 spo\u0142ecze\u0144stwa. To polityk konfrontacji, a nie otwarcia, potwornie nieufny, kt\u00f3ry nie ma rachunku bankowego, poniewa\u017c obawia si\u0119, \u017ce kto\u015b (Urban? Michnik? Kiszczak? Baranina? Wo\u0142owina? Wieprzowina?) wp\u0142aci na jego rachunek pieni\u0105dze i nazajutrz to uka\u017ce [&hellip;]<\/p>\n","protected":false},"author":4,"featured_media":0,"comment_status":"open","ping_status":"open","sticky":false,"template":"","format":"standard","meta":{"footnotes":""},"categories":[1],"tags":[],"_links":{"self":[{"href":"https:\/\/blog.polityka.pl\/passent\/wp-json\/wp\/v2\/posts\/272"}],"collection":[{"href":"https:\/\/blog.polityka.pl\/passent\/wp-json\/wp\/v2\/posts"}],"about":[{"href":"https:\/\/blog.polityka.pl\/passent\/wp-json\/wp\/v2\/types\/post"}],"author":[{"embeddable":true,"href":"https:\/\/blog.polityka.pl\/passent\/wp-json\/wp\/v2\/users\/4"}],"replies":[{"embeddable":true,"href":"https:\/\/blog.polityka.pl\/passent\/wp-json\/wp\/v2\/comments?post=272"}],"version-history":[{"count":0,"href":"https:\/\/blog.polityka.pl\/passent\/wp-json\/wp\/v2\/posts\/272\/revisions"}],"wp:attachment":[{"href":"https:\/\/blog.polityka.pl\/passent\/wp-json\/wp\/v2\/media?parent=272"}],"wp:term":[{"taxonomy":"category","embeddable":true,"href":"https:\/\/blog.polityka.pl\/passent\/wp-json\/wp\/v2\/categories?post=272"},{"taxonomy":"post_tag","embeddable":true,"href":"https:\/\/blog.polityka.pl\/passent\/wp-json\/wp\/v2\/tags?post=272"}],"curies":[{"name":"wp","href":"https:\/\/api.w.org\/{rel}","templated":true}]}}