
{"id":2720,"date":"2014-12-28T13:44:40","date_gmt":"2014-12-28T12:44:40","guid":{"rendered":"http:\/\/passent.blog.polityka.pl\/?p=2720"},"modified":"2014-12-28T14:07:25","modified_gmt":"2014-12-28T13:07:25","slug":"trzesienia-ziemi-nie-bedzie","status":"publish","type":"post","link":"https:\/\/blog.polityka.pl\/passent\/2014\/12\/28\/trzesienia-ziemi-nie-bedzie\/","title":{"rendered":"Trz\u0119sienia ziemi nie b\u0119dzie"},"content":{"rendered":"<p>Pr\u00f3ba bilansu mijaj\u0105cego roku pod dyskusj\u0119 szanownego blogowiska.<!--more--><\/p>\n<p><strong>PLUSY:<\/strong> Oko\u0142o 3 procent wzrostu PKB, wyb\u00f3r Donalda Tuska na przewodnicz\u0105cego Rady Europejskiej, umocnienie pozycji Polski w Unii, sprawna sukcesja na stanowisku premiera i przebudowa rz\u0105du (nie zawsze zrozumia\u0142a i niekoniecznie na lepsze, jak np. na stanowiskach szefa rz\u0105du oraz ministra spraw zagranicznych). <\/p>\n<p>Mimo k\u0142\u00f3tni i awantur \u2013 stabilizacja polityczna z lekkim wzmocnieniem PiS, o czym \u015bwiadcz\u0105 wyniki wybor\u00f3w samorz\u0105dowych (kompromitacja PKW to inna sprawa). Spokojna demonstracja PiS 13 grudnia (mimo absurdalnych hase\u0142), wzmocnienie pozycji PSL jako \u201etrzeciej si\u0142y\u201d. Brak szerszego poparcia dla skrajnej prawicy i narodowc\u00f3w. O\u017cywienie \u017cycia politycznego w zwi\u0105zku z \u201etr\u00f3jskokiem wyborczym\u201d, pojawienie si\u0119 pierwszych kandydatur w wyborach prezydenckich, w tym Andrzeja Dudy i Janusza Palikota \u2013 obie interesuj\u0105ce. <\/p>\n<p>Odwo\u0142anie prof. Chazana ze stanowiska dyrektora szpitala \u2013 rzadki, wr\u0119cz wyj\u0105tkowy przyk\u0142ad stanowczo\u015bci w\u0142adzy w sprawie \u015bwiatopogl\u0105dowej.<\/p>\n<p>Wizyta Baracka Obamy na obchodach 25-lecia odzyskania wolno\u015bci i wzmocnienie zobowi\u0105za\u0144 sojuszniczych przez Waszyngton\/NATO. <\/p>\n<p>Zej\u015bcie problematyki smole\u0144skiej na dalszy plan (powr\u00f3ci w ograniczonej formie przed wyborami).<\/p>\n<p>Sukcesy w dziedzinie kultury, \u015bwietny rok kinematografii (\u201eBogowie\u201d, \u201eIda\u201d, filmy o Powstaniu). Doskona\u0142y rok w sporcie: dobra postawa pi\u0142karzy, rewelacyjni siatkarze, medale w Soczi.<\/p>\n<p><strong>MINUSY:<\/strong> Pogorszenie bezpiecze\u0144stwa pa\u0144stwa w \u015bwietle wojny ukrai\u0144sko-rosyjskiej i wzrostu napi\u0119cia Zach\u00f3d\u2013Rosja. Z\u0142e stosunki z Rosj\u0105, g\u0142\u00f3wnie z winy Putina. Os\u0142abienie g\u0142osu Polski w sprawie Ukrainy. <\/p>\n<p>Totalna negacja struktur pa\u0144stwa przez opozycj\u0119 prawicow\u0105. Afery, oskar\u017cenia  i skandale pogr\u0105\u017caj\u0105ce i tak niskie zaufanie do polityki i polityk\u00f3w, afera ta\u015bmowa, \u201ekilometr\u00f3wki\u201d marsza\u0142ka Sejmu i kilku czo\u0142owych polityk\u00f3w PiS, przyk\u0142ady s\u0142abo\u015bci funkcjonowania organ\u00f3w pa\u0144stwa, takich jak prokuratura, policja (brak zabezpieczenia PKW przed \u0142obuzeri\u0105 polityczn\u0105, zatrzymanie dw\u00f3ch dziennikarzy), s\u0105downictwo. <\/p>\n<p>Kontrowersje wok\u00f3\u0142 tajnego wi\u0119zienia CIA, tortury i naruszenie konstytucji. Spadek zaufania do g\u0142\u00f3wnego sojusznika \u2013 USA (w Kiejkutach najpierw oszukali, potem zdradzili, a wiz i dw\u00f3ch brygad jak nie ma \u2013 tak nie ma). <\/p>\n<p>Anarchizowanie pa\u0144stwa \u2013 zarzuty fa\u0142szowania wybor\u00f3w, atakowanie najwy\u017cszych organ\u00f3w w\u0142adzy wykonawczej (prezydent) i s\u0105downiczej.<\/p>\n<p>Coraz bardziej widoczna dominacja prawicy i s\u0142abo\u015b\u0107 lewicy (brak ratyfikacji konwencji antyprzemocowej, kolejne 16 mln na \u201emuzeum\u201d, czyli \u015bwi\u0105tyni\u0119, brak ustawy o in vitro). Post\u0119puj\u0105ca degrengolada \u201edebaty\u201d politycznej (\u201eKopacz \u2013 Urban w sp\u00f3dnicy\u201d, aluzja premier do rzekomej lojalki Kaczy\u0144skiego), dowcipy w rodzaju \u201ewszyscy odchudzamy redaktora&#8230;&#8221; (aczkolwiek oty\u0142o\u015b\u0107 jest coraz wi\u0119kszym problemem \u2013 od dzieci po osoby cz\u0119sto ogl\u0105dane w telewizji). Agonia lewicy.<\/p>\n<p><strong>PROGNOZA:<\/strong> Rok 2015 przyniesie wi\u0119cej tego samego. Trz\u0119sienia ziemi nie b\u0119dzie.<\/p>\n<p>ZAPROSZENIE<br \/>\nCo si\u0119 ko\u0144czy, a co zaczyna? Zapraszam do dyskusji na nowy rok w Radiu TOK FM. Naszymi go\u015b\u0107mi b\u0119d\u0105 m.in. prof. Micha\u0142 KOMAR \u2013 pisarz, krytyk, publicysta, i Kazimiera SZCZUKA \u2013 krytyczka, feministka, aktywistka. Jak zwykle \u2013 wtorek (30 grudnia), godz. 20.05.<\/p>\n","protected":false},"excerpt":{"rendered":"<p>Pr\u00f3ba bilansu mijaj\u0105cego roku pod dyskusj\u0119 szanownego blogowiska.<\/p>\n","protected":false},"author":4,"featured_media":0,"comment_status":"open","ping_status":"closed","sticky":false,"template":"","format":"standard","meta":{"footnotes":""},"categories":[1],"tags":[],"_links":{"self":[{"href":"https:\/\/blog.polityka.pl\/passent\/wp-json\/wp\/v2\/posts\/2720"}],"collection":[{"href":"https:\/\/blog.polityka.pl\/passent\/wp-json\/wp\/v2\/posts"}],"about":[{"href":"https:\/\/blog.polityka.pl\/passent\/wp-json\/wp\/v2\/types\/post"}],"author":[{"embeddable":true,"href":"https:\/\/blog.polityka.pl\/passent\/wp-json\/wp\/v2\/users\/4"}],"replies":[{"embeddable":true,"href":"https:\/\/blog.polityka.pl\/passent\/wp-json\/wp\/v2\/comments?post=2720"}],"version-history":[{"count":3,"href":"https:\/\/blog.polityka.pl\/passent\/wp-json\/wp\/v2\/posts\/2720\/revisions"}],"predecessor-version":[{"id":2722,"href":"https:\/\/blog.polityka.pl\/passent\/wp-json\/wp\/v2\/posts\/2720\/revisions\/2722"}],"wp:attachment":[{"href":"https:\/\/blog.polityka.pl\/passent\/wp-json\/wp\/v2\/media?parent=2720"}],"wp:term":[{"taxonomy":"category","embeddable":true,"href":"https:\/\/blog.polityka.pl\/passent\/wp-json\/wp\/v2\/categories?post=2720"},{"taxonomy":"post_tag","embeddable":true,"href":"https:\/\/blog.polityka.pl\/passent\/wp-json\/wp\/v2\/tags?post=2720"}],"curies":[{"name":"wp","href":"https:\/\/api.w.org\/{rel}","templated":true}]}}