
{"id":2724,"date":"2015-01-02T16:33:09","date_gmt":"2015-01-02T15:33:09","guid":{"rendered":"http:\/\/passent.blog.polityka.pl\/?p=2724"},"modified":"2015-01-02T16:47:44","modified_gmt":"2015-01-02T15:47:44","slug":"nie-ma-madrych","status":"publish","type":"post","link":"https:\/\/blog.polityka.pl\/passent\/2015\/01\/02\/nie-ma-madrych\/","title":{"rendered":"Nie ma m\u0105drych"},"content":{"rendered":"<p>Wys\u0142ucha\u0142em czterech m\u0119drc\u00f3w w Radiu TOK FM (pan\u00f3w Lisa, W\u0142adyki, Wo\u0142ka i \u017bakowskiego), a tak\u017ce obejrza\u0142em i wys\u0142ucha\u0142em w TVN trzech znawc\u00f3w polityki mi\u0119dzynarodowej: pan\u00f3w Rotfelda, Kowala i Olechowskiego. Trzeba przyzna\u0107, \u017ce t\u0119gie g\u0142owy, ale wi\u0119cej mieli panowie pyta\u0144 ni\u017c odpowiedzi. Wchodzimy w rok szalonej niepewno\u015bci.<br \/>\n<!--more--><br \/>\nNa arenie mi\u0119dzynarodowej nikt nie wie, co zrobi Putin. Mo\u017ce nawet on sam nie wie, bo \u2013 jak kto\u015b s\u0142usznie powiedzia\u0142 \u2013 to nie jest strateg (poza g\u0142\u00f3wnym celem, jakim jest reinkarnacja mocarstwa rosyjskiego). To taktyk, kt\u00f3ry reaguje zale\u017cnie od okoliczno\u015bci. A te si\u0119 zmieniaj\u0105 na niekorzy\u015b\u0107 Rosji. Granica Europy przesuwa si\u0119 coraz bardziej na Wsch\u00f3d, najpierw by\u0142a na  \u0141abie, potem na Odrze, a teraz jest blisko Doniecka.<\/p>\n<p>Scena mi\u0119dzynarodowa zaskakuje nawet wybitnych znawc\u00f3w. Kto przewidzia\u0142 tak znaczny spadek cen ropy? Kto oczekiwa\u0142, \u017ce Obama \u201eodblokuje\u201d Kub\u0119? Zbyt wiele jest niewiadomych, \u017ceby trafnie przewidywa\u0107, jak daleko posunie si\u0119 Putin, a tak\u017ce jak silnie zareaguj\u0105 kanclerz Merkel, Europa i  Polska wraz z ni\u0105.<\/p>\n<p>Przypomina to czasy ZSRR, kiedy armia kremlinolog\u00f3w, zwanych tak\u017ce sowietologami, g\u0142owi\u0142a si\u0119 nad kolejnymi posuni\u0119ciami Kremla i sytuacj\u0105, jaka tam panuje, opieraj\u0105c si\u0119 nawet na tak s\u0142abych poszlakach, jak miejsce Iksa czy Ygreka w prezydium kolejnej akademii b\u0105d\u017a przy Mauzoleum Lenina podczas defilady. Wys\u0142ucha\u0142em tak\u017ce rozmowy z ministrem spraw zagranicznych Schetyn\u0105 i nadal wiem, \u017ce nic nie wiem. On tak\u017ce nie wszystko wie, bo zagadni\u0119ty o plan, jaki mamy w sprawie Ukrainy, odpowiedzia\u0142, \u017ce na to za wcze\u015bnie.<\/p>\n<p>Jaka jest skuteczno\u015b\u0107 sankcji \u2013 nie wie nikt, trwaj\u0105 szacunki, obliczenia, domys\u0142y. Nie spe\u0142ni\u0142y si\u0119 sny o pot\u0119dze, o tym, \u017ce b\u0119dziemy liderem regionalnym. Ukraina zapowiedzia\u0142a, \u017ce jej celem jest cz\u0142onkostwo w NATO. Trudno oczekiwa\u0107, \u017ce Putin  odbierze to jako gest przyjazny, umacnia wi\u0119c swoj\u0105 wsp\u00f3lnot\u0119 euroazjatyck\u0105 i czeka na okazj\u0119. Wodzi Zach\u00f3d za nos, ale najm\u0105drzejsi (Brzezi\u0144ski, Rotfeld) nie uwa\u017caj\u0105 go za szale\u0144ca.<\/p>\n<p>Na scenie krajowej gor\u0105co. Konflikt lekarzy z Porozumienia Zielonog\u00f3rskiego z rz\u0105dem jest gro\u017any, bo ochrona zdrowia to grz\u0119zawisko, nie tylko u nas. Rosn\u0105 nastroje antylekarskie, co wcale nie jest buduj\u0105ce, bo w tej dziedzinie zaufanie jest konieczne.<\/p>\n<p>Ile lekarze mog\u0105 \u017c\u0105da\u0107, ile bud\u017cet jest w stanie wytrzyma\u0107? Czy nie staj\u0105 si\u0119 aby grup\u0105 nacisku, kt\u00f3ra wykorzystuje swoj\u0105  si\u0142\u0119, podobnie jak niekt\u00f3re inne grupy zawodowe \u2013 nauczyciele, g\u00f3rnicy, mundurowi? Czy rz\u0105d b\u0119dzie p\u0142aci\u0142 za spok\u00f3j, byle dotrwa\u0107 do wybor\u00f3w?<\/p>\n<p>A czekaj\u0105 nas podw\u00f3jne wybory i bardzo wa\u017cne rozstrzygni\u0119cia. I tu nic nie jest pewne. Bronis\u0142aw Komorowski jest faworytem, ale nie wolno nie docenia\u0107 Andrzeja Dudy. Inteligentny, elokwentny, \u015bwie\u017cy, nieopatrzony, w dodatku z Kancelarii Lecha Kaczy\u0144skiego. Prezes Kaczy\u0144ski wyra\u017anie Dud\u0119 oszcz\u0119dza, nie chcia\u0142 go nawet postawi\u0107 na honorowym miejscu obok siebie podczas manifestacji 13 grudnia. Duda ma by\u0107 powa\u017cny, koncyliacyjny, nie od \u201esfa\u0142szowanych wybor\u00f3w\u201d. Zgarnie ca\u0142y elektorat PiS oraz mniejszych ugrupowa\u0144 prawicowych, 40 proc. g\u0142os\u00f3w jest w jego zasi\u0119gu. To by\u0142aby solidna zaliczka na wybory parlamentarne.<\/p>\n<p>A konflikt zielonog\u00f3rski to ju\u017c przedsmak kampanii. PiS wzywa premier Kopacz do dzie\u0142a, na pierwsz\u0105 lini\u0119 frontu. Jak to si\u0119 sko\u0144czy \u2013 nie wie nikt.<\/p>\n","protected":false},"excerpt":{"rendered":"<p>Wys\u0142ucha\u0142em czterech m\u0119drc\u00f3w w Radiu TOK FM (pan\u00f3w Lisa, W\u0142adyki, Wo\u0142ka i \u017bakowskiego), a tak\u017ce obejrza\u0142em i wys\u0142ucha\u0142em w TVN trzech znawc\u00f3w polityki mi\u0119dzynarodowej: pan\u00f3w Rotfelda, Kowala i Olechowskiego. Trzeba przyzna\u0107, \u017ce t\u0119gie g\u0142owy, ale wi\u0119cej mieli panowie pyta\u0144 ni\u017c odpowiedzi. Wchodzimy w rok szalonej niepewno\u015bci.<\/p>\n","protected":false},"author":4,"featured_media":0,"comment_status":"open","ping_status":"closed","sticky":false,"template":"","format":"standard","meta":{"footnotes":""},"categories":[1],"tags":[],"_links":{"self":[{"href":"https:\/\/blog.polityka.pl\/passent\/wp-json\/wp\/v2\/posts\/2724"}],"collection":[{"href":"https:\/\/blog.polityka.pl\/passent\/wp-json\/wp\/v2\/posts"}],"about":[{"href":"https:\/\/blog.polityka.pl\/passent\/wp-json\/wp\/v2\/types\/post"}],"author":[{"embeddable":true,"href":"https:\/\/blog.polityka.pl\/passent\/wp-json\/wp\/v2\/users\/4"}],"replies":[{"embeddable":true,"href":"https:\/\/blog.polityka.pl\/passent\/wp-json\/wp\/v2\/comments?post=2724"}],"version-history":[{"count":3,"href":"https:\/\/blog.polityka.pl\/passent\/wp-json\/wp\/v2\/posts\/2724\/revisions"}],"predecessor-version":[{"id":2727,"href":"https:\/\/blog.polityka.pl\/passent\/wp-json\/wp\/v2\/posts\/2724\/revisions\/2727"}],"wp:attachment":[{"href":"https:\/\/blog.polityka.pl\/passent\/wp-json\/wp\/v2\/media?parent=2724"}],"wp:term":[{"taxonomy":"category","embeddable":true,"href":"https:\/\/blog.polityka.pl\/passent\/wp-json\/wp\/v2\/categories?post=2724"},{"taxonomy":"post_tag","embeddable":true,"href":"https:\/\/blog.polityka.pl\/passent\/wp-json\/wp\/v2\/tags?post=2724"}],"curies":[{"name":"wp","href":"https:\/\/api.w.org\/{rel}","templated":true}]}}