
{"id":2735,"date":"2015-01-11T18:01:39","date_gmt":"2015-01-11T17:01:39","guid":{"rendered":"http:\/\/passent.blog.polityka.pl\/?p=2735"},"modified":"2015-01-11T20:19:07","modified_gmt":"2015-01-11T19:19:07","slug":"czarny-tydzien","status":"publish","type":"post","link":"https:\/\/blog.polityka.pl\/passent\/2015\/01\/11\/czarny-tydzien\/","title":{"rendered":"Czarny tydzie\u0144"},"content":{"rendered":"<p>To by\u0142 czarny tydzie\u0144. Przede wszystkim z powodu bestialskich zamach\u00f3w we Francji.<br \/>\n<!--more--><br \/>\nOd\u017cy\u0142a dyskusja na temat imigrant\u00f3w i mniejszo\u015bci etnicznych w Europie, ich podrz\u0119dnego statusu spo\u0142ecznego, przyczyn frustracji, od lokalnych po mi\u0119dzynarodowe (Irak, Libia, Syria i inne). Rozwi\u0105zanie wielu tych problem\u00f3w (cho\u0107by ich z\u0142agodzenie) wymaga pokole\u0144. <\/p>\n<p>Moim zdaniem pierwszym skutkiem b\u0119dzie krok w kierunku pa\u0144stw policyjnych \u2013 jeszcze wi\u0119cej nadzoru, inwigilacji, kontroli, jeszcze wi\u0119cej uprawnie\u0144 i pieni\u0119dzy dla organ\u00f3w \u015bcigania. Obro\u0144cy praw obywatelskich b\u0119d\u0105 si\u0119 z\u017cyma\u0107 z powodu rozszerzenia uprawnie\u0144 pa\u0144stwa policyjnego (nagrywanie, pods\u0142uchiwanie, rejestracja obraz\u00f3w, d\u017awi\u0119k\u00f3w, rozm\u00f3w, korespondencji, rozmaite kontrole itd. itp.), ale to wydaje si\u0119 nieuchronne. <\/p>\n<p>Innym skutkiem zamach\u00f3w b\u0119dzie pogorszenie stosunk\u00f3w &#8211; nazwijmy to: etnicznych i religijnych &#8211; w Europie, wzrost podejrzliwo\u015bci i agresji. Wzrost napi\u0119cia (demonstracje i kontrdemonstracje w Niemczech), wzrost poparcia dla ugrupowa\u0144 nacjonalistycznych (Marie le Pen). Przesuni\u0119cie sceny politycznej na prawo, poniewa\u017c eksperyment multi-kulti nie rozwi\u0105za\u0142 problem\u00f3w.<\/p>\n<p>W Polsce to by\u0142 (i b\u0119dzie) tydzie\u0144 czarny od w\u0119gla. Je\u017celi g\u00f3rnicy maj\u0105 racj\u0119, \u017ce rz\u0105d nie konsultowa\u0142 z nimi planu restrukturyzacji, to \u015bwiadczy\u0142oby to o arogancji i braku kwalifikacji w\u0142adz. Ale nietrudno sobie wyobrazi\u0107, jakby takie konsultacje wygl\u0105da\u0142y. Po stronie g\u00f3rniczej dominuj\u0105 tony i czyny radykalne, strajk zacz\u0105\u0142 si\u0119 szybko, nastroje s\u0105 bojowe. <\/p>\n<p>Premier Kopacz i jej otoczenie licz\u0105 chyba na to, \u017ce wi\u0119kszo\u015b\u0107 opinii publicznej rozumie racje ekonomiczne. Konflikt rozprzestrzenia si\u0119 bardzo szybko, zaanga\u017cowanie opozycji po stronie g\u00f3rnik\u00f3w doda energii obu stronom \u2013 strajkuj\u0105cym oraz ich sojusznikom. Nie bardzo wida\u0107 rozwi\u0105zanie. Je\u015bli rz\u0105d si\u0119 nie dogada z g\u00f3rnikami, to b\u0119dzie to kolejny (po konflikcie z lekarzami) uszczerbek na jego wizerunku, \u015bwiadectwo du\u017cej nieudolno\u015bci. Co wi\u0119cej \u2013 katastrofalna sytuacja w g\u00f3rnictwie pog\u0142\u0119bia\u0142aby si\u0119 nadal. <\/p>\n<p>Jedyne wyj\u015bcie \u2013 negocjacje. Ale czy kompromis jest mo\u017cliwy? Bo na pewno konieczny.<\/p>\n<p>By\u0142 to tak\u017ce czarny tydzie\u0144 dla SLD. Wysuni\u0119cie kandydatury dr Magdaleny Og\u00f3rek na stanowisko prezydenta RP to dow\u00f3d bezradno\u015bci i kryzysu tej partii. Kandydatka SLD ma na pewno wiele zalet, ale brak jej do\u015bwiadczenia politycznego, brak dorobku w tej dziedzinie, nie kojarzy si\u0119 w og\u00f3le z lewic\u0105 \u2013 w sumie jest to kandydatura ekscentryczna. A og\u0142oszenie tej kandydatury w dniu \u015bmierci J\u00f3zefa Oleksego to wstyd i \u017cenada.  <\/p>\n<p><strong>PS ZAPROSZENIE <\/strong><br \/>\n\u201eCzarny tydzie\u0144&#8221; komentowa\u0107 b\u0119d\u0105: dr Anna MATERSKA-SOSNOWSKA (UW), Pawe\u0142 WRO\u0143SKI (GW), Tomasz WR\u00d3BLEWSKI (Warsaw Institute, \u201eDo Rzeczy&#8221;). Radio TOK FM, wtorek, 13 stycznia br, godz. 20.05. Zapraszam!<\/p>\n","protected":false},"excerpt":{"rendered":"<p>To by\u0142 czarny tydzie\u0144. Przede wszystkim z powodu bestialskich zamach\u00f3w we Francji.<\/p>\n","protected":false},"author":4,"featured_media":0,"comment_status":"open","ping_status":"closed","sticky":false,"template":"","format":"standard","meta":{"footnotes":""},"categories":[1],"tags":[],"_links":{"self":[{"href":"https:\/\/blog.polityka.pl\/passent\/wp-json\/wp\/v2\/posts\/2735"}],"collection":[{"href":"https:\/\/blog.polityka.pl\/passent\/wp-json\/wp\/v2\/posts"}],"about":[{"href":"https:\/\/blog.polityka.pl\/passent\/wp-json\/wp\/v2\/types\/post"}],"author":[{"embeddable":true,"href":"https:\/\/blog.polityka.pl\/passent\/wp-json\/wp\/v2\/users\/4"}],"replies":[{"embeddable":true,"href":"https:\/\/blog.polityka.pl\/passent\/wp-json\/wp\/v2\/comments?post=2735"}],"version-history":[{"count":3,"href":"https:\/\/blog.polityka.pl\/passent\/wp-json\/wp\/v2\/posts\/2735\/revisions"}],"predecessor-version":[{"id":2738,"href":"https:\/\/blog.polityka.pl\/passent\/wp-json\/wp\/v2\/posts\/2735\/revisions\/2738"}],"wp:attachment":[{"href":"https:\/\/blog.polityka.pl\/passent\/wp-json\/wp\/v2\/media?parent=2735"}],"wp:term":[{"taxonomy":"category","embeddable":true,"href":"https:\/\/blog.polityka.pl\/passent\/wp-json\/wp\/v2\/categories?post=2735"},{"taxonomy":"post_tag","embeddable":true,"href":"https:\/\/blog.polityka.pl\/passent\/wp-json\/wp\/v2\/tags?post=2735"}],"curies":[{"name":"wp","href":"https:\/\/api.w.org\/{rel}","templated":true}]}}