
{"id":2740,"date":"2015-01-15T23:48:26","date_gmt":"2015-01-15T22:48:26","guid":{"rendered":"http:\/\/passent.blog.polityka.pl\/?p=2740"},"modified":"2015-01-16T21:56:04","modified_gmt":"2015-01-16T20:56:04","slug":"mordercy-nie-maja-alibi","status":"publish","type":"post","link":"https:\/\/blog.polityka.pl\/passent\/2015\/01\/15\/mordercy-nie-maja-alibi\/","title":{"rendered":"Mordercy nie maj\u0105 alibi"},"content":{"rendered":"<p>Moje uwagi w kilku sprawach.<br \/>\n<!--more--><br \/>\n<strong>CHARLIE HEBDO.<\/strong> Co my\u015bl\u0119 o tej ohydnej zbrodni &#8211; ju\u017c pisa\u0142em. Po pierwszym szoku wywi\u0105za\u0142a si\u0119 dyskusja na temat \u017ar\u00f3de\u0142 terroryzmu islamskiego, przyczyn spo\u0142ecznych i religijnych. \u201eObywatele drugiej kategorii, rachunek za kolonie, dyskryminacja, alienacja, kara dla blu\u017anierc\u00f3w, fanatyzm religijny\u201d i wiele innych argument\u00f3w.  <\/p>\n<p>Dyskusje s\u0105 oczywi\u015bcie jak najbardziej potrzebne, nale\u017cy walczy\u0107 z dyskryminacj\u0105, fanatyzmem etc. Nie nale\u017cy tak\u017ce blu\u017ani\u0107, obra\u017ca\u0107 cudzej godno\u015bci, nale\u017cy szanowa\u0107 wiar\u0119 innych. Ale nic nie usprawiedliwia takiej zbrodni. Akty terroru w Nowym Jorku, Bostonie, Madrycie, Londynie, Pary\u017cu i w innych miastach maj\u0105 r\u00f3\u017cne przyczyny, ale nic nie usprawiedliwia takich egzekucji ani \u015blepego terroru. Nale\u017cy analizowa\u0107, ale nie usprawiedliwia\u0107. Mordercy nie maj\u0105 alibi.<\/p>\n<p><strong>G\u00d3RNICTWO.<\/strong> Pr\u00f3ba zatamowania krwotoku naszego g\u00f3rnictwa, mimo \u017ce jak najbardziej uzasadniona, zosta\u0142a podj\u0119ta p\u00f3\u017ano i nieudolnie.<\/p>\n<p>Media u\u017cywaj\u0105 sobie na rz\u0105dzie i koalicji. Opozycja dosta\u0142a prezent. Opinia publiczna nie by\u0142a przygotowana na takie dzia\u0142ania, 2\/3 spo\u0142ecze\u0144stwa popiera g\u00f3rnik\u00f3w. Nastroje w\u015br\u00f3d zainteresowanych zwi\u0105zkowc\u00f3w &#8211; bardzo radykalne. Natychmiast strajk i to od ziemi\u0105. Gro\u017aba strajku na kolei, blokady dr\u00f3g i unieruchomienia kraju. A krwotok trwa. <\/p>\n<p>Pa\u0144stwo, nawet gdyby chcia\u0142o i mia\u0142o z czego, nie mo\u017ce bez ko\u0144ca wspiera\u0107 deficytowych kopal\u0144, gdy\u017c grozi to kosztownymi sankcjami ze strony Unii Europejskiej. M\u0105drale w mediach wygaduj\u0105 na premier Kopacz, \u201edlaczego si\u0119 pcha, od tego jest wicepremier i ministrowie, a nawet szefowie sp\u00f3\u0142ki w\u0119glowej\u201d. Ju\u017c zapomnieli, \u017ce zaledwie kilka dni temu g\u00f3rnicy nie chcieli rozmawia\u0107 z nikim innym, tylko z Kopacz, kt\u00f3r\u0105 jednocze\u015bnie poniewieraj\u0105, z kolei stanowisko rz\u0105du nie jest klarowne, najpierw by\u0142a mowa o likwidacji, a teraz o restrukturyzacji czterech kopal\u0144. W sumie chaos, napi\u0119cie, kt\u00f3re nie wiadomo jak si\u0119 sko\u0144czy. Mo\u017cliwe s\u0105 ust\u0119pstwa ze strony pani premier, a\u017c do ust\u0105pienia ze stanowiska w\u0142\u0105cznie.<\/p>\n<p><strong>PUTIN I AUSCHWITZ.<\/strong> Rozpocz\u0105\u0142 si\u0119 rok jubileusz\u00f3w, przede wszystkim zako\u0144czenia II wojny \u015bwiatowej. B\u0119dziemy \u015bwiadkami wojny propagandowej pod has\u0142em \u201ekto wygra\u0142 II wojn\u0119\u201d. Rosjanie b\u0119d\u0105 podkre\u015blali tylko swoje zas\u0142ugi, Zach\u00f3d \u2013 swoje, Polska b\u0119dzie podkre\u015bla\u0107, \u017ce nie by\u0142o wyzwolenia tylko nowe zniewolenie. A by\u0142o jedno i drugie. <\/p>\n<p>ZAPROSZENIE<\/p>\n<p>&#8222;Od towarzyszy do kapitalist\u00f3w&#8221; &#8211; o ksi\u0105\u017cce Jana Cie\u0144skiego i polskiej transformacji rozmawiaj\u0105: Autor, wieloletni korespondent prasy brytyjskiej w Polsce, prof. Andrzej Blikle &#8211;  jeden z protagonist\u00f3w oraz prof. Leokadia Or\u0119ziak (SGH). Radio TOK FM, wtorek, 15 bm., godz. 20.05. Zapraszam!<\/p>\n<p>Na obchodach w Auschwitz, 27 stycznia, Rosja reprezentowana b\u0119dzie na najni\u017cszym szczeblu \u2013 przez ambasadora.<\/p>\n","protected":false},"excerpt":{"rendered":"<p>Moje uwagi w kilku sprawach.<\/p>\n","protected":false},"author":4,"featured_media":0,"comment_status":"open","ping_status":"closed","sticky":false,"template":"","format":"standard","meta":{"footnotes":""},"categories":[1],"tags":[],"_links":{"self":[{"href":"https:\/\/blog.polityka.pl\/passent\/wp-json\/wp\/v2\/posts\/2740"}],"collection":[{"href":"https:\/\/blog.polityka.pl\/passent\/wp-json\/wp\/v2\/posts"}],"about":[{"href":"https:\/\/blog.polityka.pl\/passent\/wp-json\/wp\/v2\/types\/post"}],"author":[{"embeddable":true,"href":"https:\/\/blog.polityka.pl\/passent\/wp-json\/wp\/v2\/users\/4"}],"replies":[{"embeddable":true,"href":"https:\/\/blog.polityka.pl\/passent\/wp-json\/wp\/v2\/comments?post=2740"}],"version-history":[{"count":5,"href":"https:\/\/blog.polityka.pl\/passent\/wp-json\/wp\/v2\/posts\/2740\/revisions"}],"predecessor-version":[{"id":2746,"href":"https:\/\/blog.polityka.pl\/passent\/wp-json\/wp\/v2\/posts\/2740\/revisions\/2746"}],"wp:attachment":[{"href":"https:\/\/blog.polityka.pl\/passent\/wp-json\/wp\/v2\/media?parent=2740"}],"wp:term":[{"taxonomy":"category","embeddable":true,"href":"https:\/\/blog.polityka.pl\/passent\/wp-json\/wp\/v2\/categories?post=2740"},{"taxonomy":"post_tag","embeddable":true,"href":"https:\/\/blog.polityka.pl\/passent\/wp-json\/wp\/v2\/tags?post=2740"}],"curies":[{"name":"wp","href":"https:\/\/api.w.org\/{rel}","templated":true}]}}