
{"id":2747,"date":"2015-01-21T12:49:33","date_gmt":"2015-01-21T11:49:33","guid":{"rendered":"http:\/\/passent.blog.polityka.pl\/?p=2747"},"modified":"2015-01-21T13:10:35","modified_gmt":"2015-01-21T12:10:35","slug":"bog-na-ostrzach-sowieckich-bagnetow","status":"publish","type":"post","link":"https:\/\/blog.polityka.pl\/passent\/2015\/01\/21\/bog-na-ostrzach-sowieckich-bagnetow\/","title":{"rendered":"B\u00f3g na ostrzach sowieckich bagnet\u00f3w"},"content":{"rendered":"<p>M\u00f3j poprzedni post zako\u0144czy\u0142em wymownym stwierdzeniem, \u017ce 27 stycznia, na obchodach rocznicy wyzwolenia obozu Auschwitz, Rosj\u0119 b\u0119dzie reprezentowa\u0142 ambasador. Widocznie wi\u0119cej os\u00f3b musia\u0142o sobie zda\u0107 spraw\u0119, \u017ce by\u0142oby to wysoce niestosowne, i \u2013 jak si\u0119 dowiadujemy \u2013 przedstawicielem Rosji b\u0119dzie wicepremier, co wydaje si\u0119 wyj\u015bciem rozs\u0105dnym.<br \/>\n<!--more--><br \/>\nJe\u017celi to jest wynik zabieg\u00f3w dyplomacji polskiej i rosyjskiej w ostatniej chwili, to nale\u017cy wyrazi\u0107 zadowolenie, ale nie zmienia to faktu, \u017ce strona polska dawa\u0142a do zrozumienia, i\u017c nie oczekuje prezydenta Putina jako przedstawiciela Rosji. By\u0107 mo\u017ce najpierw Moskwa uzna\u0142a to za afront i nie zamierza\u0142a wysy\u0142a\u0107 nikogo, bo przecie\u017c ambasador jest na miejscu.<\/p>\n<p>Tym bardziej warto poprze\u0107 g\u0142os Kornela Morawieckiego (jednego z weteran\u00f3w radykalnej opozycji w PRL), kt\u00f3ry pod powy\u017cszym tytu\u0142em ukaza\u0142 si\u0119 wczoraj w \u201eRz\u201d. Morawiecki najpierw odmalowuje t\u0142o historyczne, kt\u00f3re wszyscy znamy: Ribbentrop \u2013 Mo\u0142otow, Sybir, Katy\u0144. \u201eGdy Sowieci zacz\u0119li zwyci\u0119\u017ca\u0107, zwasalizowana i okrojona, ale jednak formalnie istniej\u0105ca Polska mia\u0142a by\u0107 w ich planach g\u0142\u00f3wnym trofeum wojennym. I tak si\u0119 sta\u0142o&#8230;\u201d.<\/p>\n<p>Nast\u0119pnie autor omawia zbrodnie niemieckie, dziesi\u0105tki oboz\u00f3w koncentracyjnych i setki gett. To by\u0142y miejsca zag\u0142ady. Sobib\u00f3r, Majdanek, getto warszawskie, KL Warschau, Ponary, egzekucje, rozstrzeliwania, ofiary, g\u0142\u00f3d, \u0142apanki. Symbolem niemieckiego nazistowskiego bestialstwa w Polsce jest Auschwitz-Birkenau, O\u015bwi\u0119cim-Brzezinka.<\/p>\n<p>Gdzie by\u0142 wtedy B\u00f3g? \u2013 spyta\u0142a ksi\u0119dza by\u0142a wi\u0119\u017aniarka. \u201ePodszed\u0142em do niego z odpowiedzi\u0105: \u00bbwtedy, gdy gazowano, g\u0142odzono i maltretowano dziesi\u0105tki i setki tysi\u0119cy wi\u0119\u017ani\u00f3w, B\u00f3g by\u0142 u wylotu sowieckich pepesz i na ostrzach ich bagnet\u00f3w\u00ab\u201d \u2013 pisze Morawiecki. Wyzwolenie obozu przez Armi\u0119 Czerwon\u0105 przysz\u0142o dla umieraj\u0105cych z g\u0142odu pozostawionych w barakach, dla ludzkich szkielet\u00f3w. Milion zamordowano. Rosjanie uratowali garstk\u0119. Ale ich wk\u0142ad w pokonanie Niemc\u00f3w \u2013 czytamy \u2013 najbardziej przyczyni\u0142 si\u0119 do zatrzymania potwornej machiny, jak\u0105 by\u0142y obozy, w szczeg\u00f3lno\u015bci O\u015bwi\u0119cim.<\/p>\n<p>\u201eNiezale\u017cnie od s\u0142usznych oskar\u017ce\u0144 za niemiecko-sowieck\u0105 napa\u015b\u0107 na Polsk\u0119 w 1939 roku, prezydent Rosji, spadkobierczyni pa\u0144stwa, kt\u00f3rego \u017co\u0142nierze wyzwalali O\u015bwi\u0119cim, winien zosta\u0107 przez Polsk\u0119, z nale\u017cytym szacunkiem zaproszony na te obchody. \u017badne obecne polityczne spory, \u017cadne akty i zarzuty nie b\u0119d\u0105 usprawiedliwieniem naszej ma\u0142ostkowo\u015bci, gdyby\u015bmy nie wys\u0142ali zaproszenia do W\u0142adimira Putina. Tego od nas wszystkich wymaga pami\u0119\u0107 o tamtej straszliwej przesz\u0142o\u015bci  i nadzieja na lepsz\u0105 przysz\u0142o\u015b\u0107\u201d.<\/p>\n<p>Podpisuj\u0119 si\u0119 pod wyst\u0105pieniem pana Kornela Makowieckiego.<\/p>\n","protected":false},"excerpt":{"rendered":"<p>M\u00f3j poprzedni post zako\u0144czy\u0142em wymownym stwierdzeniem, \u017ce 27 stycznia, na obchodach rocznicy wyzwolenia obozu Auschwitz, Rosj\u0119 b\u0119dzie reprezentowa\u0142 ambasador. Widocznie wi\u0119cej os\u00f3b musia\u0142o sobie zda\u0107 spraw\u0119, \u017ce by\u0142oby to wysoce niestosowne, i \u2013 jak si\u0119 dowiadujemy \u2013 przedstawicielem Rosji b\u0119dzie wicepremier, co wydaje si\u0119 wyj\u015bciem rozs\u0105dnym.<\/p>\n","protected":false},"author":4,"featured_media":0,"comment_status":"open","ping_status":"closed","sticky":false,"template":"","format":"standard","meta":{"footnotes":""},"categories":[1],"tags":[],"_links":{"self":[{"href":"https:\/\/blog.polityka.pl\/passent\/wp-json\/wp\/v2\/posts\/2747"}],"collection":[{"href":"https:\/\/blog.polityka.pl\/passent\/wp-json\/wp\/v2\/posts"}],"about":[{"href":"https:\/\/blog.polityka.pl\/passent\/wp-json\/wp\/v2\/types\/post"}],"author":[{"embeddable":true,"href":"https:\/\/blog.polityka.pl\/passent\/wp-json\/wp\/v2\/users\/4"}],"replies":[{"embeddable":true,"href":"https:\/\/blog.polityka.pl\/passent\/wp-json\/wp\/v2\/comments?post=2747"}],"version-history":[{"count":3,"href":"https:\/\/blog.polityka.pl\/passent\/wp-json\/wp\/v2\/posts\/2747\/revisions"}],"predecessor-version":[{"id":2750,"href":"https:\/\/blog.polityka.pl\/passent\/wp-json\/wp\/v2\/posts\/2747\/revisions\/2750"}],"wp:attachment":[{"href":"https:\/\/blog.polityka.pl\/passent\/wp-json\/wp\/v2\/media?parent=2747"}],"wp:term":[{"taxonomy":"category","embeddable":true,"href":"https:\/\/blog.polityka.pl\/passent\/wp-json\/wp\/v2\/categories?post=2747"},{"taxonomy":"post_tag","embeddable":true,"href":"https:\/\/blog.polityka.pl\/passent\/wp-json\/wp\/v2\/tags?post=2747"}],"curies":[{"name":"wp","href":"https:\/\/api.w.org\/{rel}","templated":true}]}}