
{"id":275,"date":"2007-05-24T08:31:20","date_gmt":"2007-05-24T06:31:20","guid":{"rendered":"http:\/\/passent.blog.polityka.pl\/?p=275"},"modified":"2007-05-24T08:31:20","modified_gmt":"2007-05-24T06:31:20","slug":"o-jedno-zdanie-za-duzo","status":"publish","type":"post","link":"https:\/\/blog.polityka.pl\/passent\/2007\/05\/24\/o-jedno-zdanie-za-duzo\/","title":{"rendered":"O jedno zdanie za du\u017co"},"content":{"rendered":"<p>Absolutnie nie zgadzam si\u0119 z tym, co pisze znany angielski historyk i publicysta <strong>Paul Johnson<\/strong>, kt\u00f3rego felieton w konserwatywnym tygodniku \u201eThe Spectator\u201d znalaz\u0142em w naszym \u201e<strong><a href=\"http:\/\/www.tygodnikforum.pl\" target=\"_blank\">Forum<\/a><\/strong>\u201d. Oto fragment, kt\u00f3ry mnie poruszy\u0142:<\/p>\n<blockquote><p>Brukselska Europa \u0142\u0105czy w sobie najgorsze cechy tworz\u0105cych je narod\u00f3w: francusk\u0105 arogancj\u0119, w\u0142oska korupcj\u0119, niemieck\u0105 ograniczono\u015b\u0107 w postrzeganiu \u015bwiata, hiszpa\u0144sk\u0105 s\u0142abo\u015b\u0107 do rozlewu krwi, holenderski up\u00f3r, belgijsk\u0105 tch\u00f3rzliwo\u015b\u0107, portugalskie kr\u0119tactwo, austriacki antysemityzm, nie m\u00f3wi\u0105c ju\u017c o s\u0142owia\u0144skim wk\u0142adzie w postaci polskiego braku realizmu, czeskiego zakr\u0119cenia, s\u0142owackiej sztuki udzielania wymijaj\u0105cych odpowiedzi, nie wspominaj\u0105c te\u017c o w\u0119gierskiej przebieg\u0142o\u015bci. UE to najgorsze, co si\u0119 przytrafi\u0142o Europie od czasu II wojny.<\/p><\/blockquote>\n<p>Brytyjski historyk zgadza si\u0119 z Benedyktem XVI, \u017ce Unia, jako biurokratyczny tw\u00f3r pozbawiony chrze\u015bcija\u0144skich i kulturowych korzeni, skazana jest na zapomnienie. Ja my\u015bl\u0119 odwrotnie: Unia to najlepsze, co przydarzy\u0142o si\u0119 Europie po II wojnie, a najgorszy by\u0142 komunizm, kt\u00f3rego Johnson nie do\u015bwiadczy\u0142 na w\u0142asnej sk\u00f3rze. Unia to francuskie <em>libert\u00e9, \u00e9galit\u00e9, fraternit\u00e9<\/em>, a tak\u017ce \u015bwieckie pa\u0144stwo oddzielone od Ko\u015bcio\u0142a, w\u0142oski spos\u00f3b \u017cycia, niemiecka muzyka, hiszpa\u0144ska umiej\u0119tno\u015b\u0107 wyci\u0105gania wniosk\u00f3w z historii i ograniczenia \u017c\u0105dzy krwi do corridy, holenderska tolerancja dla dziwak\u00f3w wszelkiego rodzaju, belgijskie wsp\u00f3\u0142\u017cycie narod\u00f3w (i restauracje), portugalski Chrystus skierowany w stron\u0119 Ameryki, austriacki Mozart, Salzburg i Gemutlichkeit, polski hydraulik w Europie, czeskie zakr\u0119cenie, s\u0142owackie Tatry i Romowie, austro &#8211; w\u0119gierska literatura, z Kafk\u0105 i Maraiem na czele, i \u2013 <em>last but not least<\/em> \u2013 brytyjskie miejsca pracy dla Polak\u00f3w.<\/p>\n<p>Unia to pot\u0119\u017cna zapora przed ksenofobi\u0105, gwarancja, \u017ce Polska nie dostanie si\u0119 w \u0142apy \u017cadnego z s\u0105siednich mocarstw, \u017ce Niemcy i Rosja nie b\u0119d\u0105 rozpycha\u0107 si\u0119 na kontynencie, Stany Zjednoczone b\u0119d\u0105 naszym partnerem, a nie patronem, to gwarancja, \u017ce cz\u0142owiek skrzywdzony gdziekolwiek w Europie, b\u0119dzie m\u00f3g\u0142 jeszcze pok\u0142ada\u0107 nadzieje w Strasburgu. I \u017ce brytyjski historyk, dworuj\u0105c ze s\u0142abo\u015bci narod\u00f3w europejskich, nast\u0119pnym razem nie zapomni o s\u0142abo\u015bciach Brytyjczyk\u00f3w.<\/p>\n","protected":false},"excerpt":{"rendered":"<p>Absolutnie nie zgadzam si\u0119 z tym, co pisze znany angielski historyk i publicysta Paul Johnson, kt\u00f3rego felieton w konserwatywnym tygodniku \u201eThe Spectator\u201d znalaz\u0142em w naszym \u201eForum\u201d. Oto fragment, kt\u00f3ry mnie poruszy\u0142: Brukselska Europa \u0142\u0105czy w sobie najgorsze cechy tworz\u0105cych je narod\u00f3w: francusk\u0105 arogancj\u0119, w\u0142oska korupcj\u0119, niemieck\u0105 ograniczono\u015b\u0107 w postrzeganiu \u015bwiata, hiszpa\u0144sk\u0105 s\u0142abo\u015b\u0107 do rozlewu krwi, [&hellip;]<\/p>\n","protected":false},"author":4,"featured_media":0,"comment_status":"open","ping_status":"open","sticky":false,"template":"","format":"standard","meta":{"footnotes":""},"categories":[1],"tags":[],"_links":{"self":[{"href":"https:\/\/blog.polityka.pl\/passent\/wp-json\/wp\/v2\/posts\/275"}],"collection":[{"href":"https:\/\/blog.polityka.pl\/passent\/wp-json\/wp\/v2\/posts"}],"about":[{"href":"https:\/\/blog.polityka.pl\/passent\/wp-json\/wp\/v2\/types\/post"}],"author":[{"embeddable":true,"href":"https:\/\/blog.polityka.pl\/passent\/wp-json\/wp\/v2\/users\/4"}],"replies":[{"embeddable":true,"href":"https:\/\/blog.polityka.pl\/passent\/wp-json\/wp\/v2\/comments?post=275"}],"version-history":[{"count":0,"href":"https:\/\/blog.polityka.pl\/passent\/wp-json\/wp\/v2\/posts\/275\/revisions"}],"wp:attachment":[{"href":"https:\/\/blog.polityka.pl\/passent\/wp-json\/wp\/v2\/media?parent=275"}],"wp:term":[{"taxonomy":"category","embeddable":true,"href":"https:\/\/blog.polityka.pl\/passent\/wp-json\/wp\/v2\/categories?post=275"},{"taxonomy":"post_tag","embeddable":true,"href":"https:\/\/blog.polityka.pl\/passent\/wp-json\/wp\/v2\/tags?post=275"}],"curies":[{"name":"wp","href":"https:\/\/api.w.org\/{rel}","templated":true}]}}