
{"id":2752,"date":"2015-01-22T22:56:06","date_gmt":"2015-01-22T21:56:06","guid":{"rendered":"http:\/\/passent.blog.polityka.pl\/?p=2752"},"modified":"2015-01-23T10:31:05","modified_gmt":"2015-01-23T09:31:05","slug":"gafa-za-gafa-2","status":"publish","type":"post","link":"https:\/\/blog.polityka.pl\/passent\/2015\/01\/22\/gafa-za-gafa-2\/","title":{"rendered":"Gafa za gaf\u0105"},"content":{"rendered":"<p>Czwartek, 22 stycznia 2015, od rana sta\u0142 pod znakiem wielkich emocji. Najpierw Jerzy Janowicz po dramatycznej walce wygra\u0142 w Australii ze znanym tenisist\u0105 francuskim Ga\u00eblem Monfilsem, a nast\u0119pnie napi\u0119cie ju\u017c tylko ros\u0142o.<br \/>\n<!--more--><br \/>\nOkaza\u0142o si\u0119, \u017ce niefortunna wypowied\u017a Grzegorza Schetyny, z kt\u00f3rej wynika\u0142o, i\u017c to Ukrai\u0144cy wyzwolili ob\u00f3z o\u015bwi\u0119cimski, odbi\u0142a si\u0119 szerokim echem, zw\u0142aszcza w Rosji, kt\u00f3ra tylko czeka na takie potkni\u0119cia strony polskiej.  <\/p>\n<p>Minister \u0141awrow od razu okre\u015bli\u0142 s\u0142owa ministra Schetyny jako \u201eblu\u017anierstwo\u201d. To oczywi\u015bcie przesada, ale mniejsza o \u0141awrowa, chodzi o to, \u017ce polski minister spraw zagranicznych, \u015bwiadomy napi\u0119tej atmosfery pomi\u0119dzy oboma krajami i delikatno\u015bci kwestii uczestnictwa przedstawiciela Federacji na uroczysto\u015bciach w O\u015bwi\u0119cimiu, powinien starannie dobiera\u0107 s\u0142owa. I \u017ceby potem nie i\u015b\u0107 w zaparte. <\/p>\n<p>Dla Rosjan i innych narod\u00f3w b. ZSRR by\u0142a to wojna ojczy\u017aniana, i odbiera\u0107 im zas\u0142ugi w wyzwoleniu Auschwitz, \u017ceby je zapisa\u0107 na koncie ukrai\u0144skim, to jest nie do uzasadnienia i nie do przyj\u0119cia. Rosjanie od razu my\u015bl\u0105, \u017ce Polska gloryfikuje Ukrain\u0119 i deprecjonuje rol\u0119 ZSRR w pokonaniu Niemiec. <\/p>\n<p>By\u0142aby to ma\u0142a gafa, gdyby nie fakt, kto i kiedy by\u0142 jej sprawc\u0105. B\u0105d\u017amy tak\u017ce \u015bwiadomi, jak bardzo opinia polska jest wra\u017cliwa na punkcie wypowiedzi padaj\u0105cych za granic\u0105, kt\u00f3re nie s\u0105 po naszej my\u015bli. I, jak ju\u017c pisa\u0142em w tym miejscu, rok 2015 to rok wa\u017cnego jubileuszu, raczej zadumy, refleksji ni\u017c przytyk\u00f3w i zaczepek.<\/p>\n<p>Kolejna gafa to dymisje w najbli\u017cszym otoczeniu Ewy Kopacz: rzecznik rz\u0105du Iwona Sulik, g\u0142\u00f3wny doradca Adam Piechowicz i Jolanta Gruszka \u2013 szefowa gabinetu politycznego. \u017badna z tych trzech os\u00f3b niczym szczeg\u00f3lnym si\u0119 nie wyr\u00f3\u017cnia\u0142a. Sulik i Piechowicz odchodz\u0105, poniewa\u017c \u2013 jak ujawni\u0142 \u201eFakt\u201d \u2013 raz czy dwa konsultowali Przemys\u0142awa Wiplera z opozycji, \u201eszkolili\u201d go w dziedzinie stosunk\u00f3w z mediami. Byli w\u00f3wczas zatrudnieni u marsza\u0142ek Sejmu Ewy Kopacz, wi\u0119c grali na dw\u00f3ch fortepianach. By\u0107 mo\u017ce \u015bwiadczyli us\u0142ugi jako firma? Nie ma to znaczenia, gdy\u017c pracowa\u0107 u marsza\u0142ek z Platformy i wsp\u00f3\u0142pracowa\u0107 z politykiem partii opozycyjnej to jest bardzo ryzykowne.<\/p>\n<p>Wreszcie odpowied\u017a Andrzeja Dudy na pytanie dotycz\u0105ce ewentualnego wsparcia wojskowego Polski dla Ukrainy. Bezmy\u015bln\u0105 t\u0119 propozycj\u0119 z\u0142o\u017cy\u0142 weteran Solidarno\u015bci, Zbigniew Bujak, bardzo emocjonalnie zwi\u0105zany z Majdanem i z woln\u0105 Ukrain\u0105. Andrzej Duda, zaskoczony przez dziennikarza pytaniem o mo\u017cliwo\u015b\u0107 militarnego zaanga\u017cowania Polski po stronie ukrai\u0144skiej w wojnie z Rosj\u0105, nie wykluczy\u0142 natychmiast takiej mo\u017cliwo\u015bci, ale odpowiedzia\u0142 dwuznacznie: \u201eTo jest bardzo powa\u017cna decyzja, trzeba by si\u0119 nad ni\u0105 powa\u017cnie zastanowi\u0107\u201d.<\/p>\n<p>I zacz\u0119\u0142a si\u0119 jazda \u2013 premier Kopacz, Roman Giertych i inni zacz\u0119li interpretowa\u0107 s\u0142owa Dudy jako zgod\u0119 na zbrojne zaanga\u017cowanie Polski po stronie Ukrainy przeciw Rosji. Moim zdaniem Andrzej Duda tego nie powiedzia\u0142. Nie pukn\u0105\u0142 si\u0119 w czo\u0142o, to prawda, ale te\u017c nie po\u0142kn\u0105\u0142 haczyka. Wi\u0119cej gaf nie pami\u0119tam.<\/p>\n","protected":false},"excerpt":{"rendered":"<p>Czwartek, 22 stycznia 2015, od rana sta\u0142 pod znakiem wielkich emocji. Najpierw Jerzy Janowicz po dramatycznej walce wygra\u0142 w Australii ze znanym tenisist\u0105 francuskim Ga\u00eblem Monfilsem, a nast\u0119pnie napi\u0119cie ju\u017c tylko ros\u0142o.<\/p>\n","protected":false},"author":4,"featured_media":0,"comment_status":"open","ping_status":"closed","sticky":false,"template":"","format":"standard","meta":{"footnotes":""},"categories":[1],"tags":[],"_links":{"self":[{"href":"https:\/\/blog.polityka.pl\/passent\/wp-json\/wp\/v2\/posts\/2752"}],"collection":[{"href":"https:\/\/blog.polityka.pl\/passent\/wp-json\/wp\/v2\/posts"}],"about":[{"href":"https:\/\/blog.polityka.pl\/passent\/wp-json\/wp\/v2\/types\/post"}],"author":[{"embeddable":true,"href":"https:\/\/blog.polityka.pl\/passent\/wp-json\/wp\/v2\/users\/4"}],"replies":[{"embeddable":true,"href":"https:\/\/blog.polityka.pl\/passent\/wp-json\/wp\/v2\/comments?post=2752"}],"version-history":[{"count":4,"href":"https:\/\/blog.polityka.pl\/passent\/wp-json\/wp\/v2\/posts\/2752\/revisions"}],"predecessor-version":[{"id":2757,"href":"https:\/\/blog.polityka.pl\/passent\/wp-json\/wp\/v2\/posts\/2752\/revisions\/2757"}],"wp:attachment":[{"href":"https:\/\/blog.polityka.pl\/passent\/wp-json\/wp\/v2\/media?parent=2752"}],"wp:term":[{"taxonomy":"category","embeddable":true,"href":"https:\/\/blog.polityka.pl\/passent\/wp-json\/wp\/v2\/categories?post=2752"},{"taxonomy":"post_tag","embeddable":true,"href":"https:\/\/blog.polityka.pl\/passent\/wp-json\/wp\/v2\/tags?post=2752"}],"curies":[{"name":"wp","href":"https:\/\/api.w.org\/{rel}","templated":true}]}}