
{"id":2759,"date":"2015-01-28T19:02:29","date_gmt":"2015-01-28T18:02:29","guid":{"rendered":"http:\/\/passent.blog.polityka.pl\/?p=2759"},"modified":"2015-01-28T19:26:03","modified_gmt":"2015-01-28T18:26:03","slug":"wiadomosci-dobre-zle-i-fatalne","status":"publish","type":"post","link":"https:\/\/blog.polityka.pl\/passent\/2015\/01\/28\/wiadomosci-dobre-zle-i-fatalne\/","title":{"rendered":"Wiadomo\u015bci dobre, z\u0142e i fatalne"},"content":{"rendered":"<p><strong>Dobre<\/strong> wiadomo\u015bci maj\u0105 to do siebie, \u017ce nie budz\u0105 wi\u0119kszego odzewu, cicho o nich na blogach, ma\u0142o kogo rajcuj\u0105, nawet je\u015bli s\u0105 wa\u017cne.<br \/>\n<!--more--><br \/>\nNa przyk\u0142ad dzisiaj dowiedzieli\u015bmy si\u0119, \u017ce wzrost gospodarczy Polski w roku 2014 wynosi\u0142 3,3 proc. &#8211; tj. wi\u0119cej, ni\u017c przewidywa\u0142 rz\u0105d, nie m\u00f3wi\u0105c o rozmaitych Kasandrach. Zamiast odnotowa\u0107, ewentualnie skomentowa\u0107 t\u0119 wiadomo\u015b\u0107, internet milczy. Gdyby by\u0142 spadek, to ho, ho! A tak to nikt nie chce zosta\u0107 urz\u0119dowym optymist\u0105. A przecie\u017c z Polski do Grecji tak niedaleko&#8230;<\/p>\n<p><strong>Z\u0142e<\/strong> wiadomo\u015bci wywo\u0142uj\u0105 szerokie echo. Mam np. na my\u015bli wiadomo\u015b\u0107 o tym, \u017ce prof. Andrzej Rzepli\u0144ski, prezes Trybuna\u0142u Konstytucyjnego, przyj\u0105\u0142 nadane mu przez Watykan odznaczenie \u201eDla Ko\u015bcio\u0142a i Papie\u017ca\u201d. Rozumiem oburzenie prof. Osiaty\u0144skiego czy zdumienie Aleksandra Smolara. Rzecz w tym, \u017ce profesor Rzepli\u0144ski jako osoba prywatna mo\u017ce mie\u0107 wielkie zas\u0142ugi dla Ko\u015bcio\u0142a, i to nale\u017cy doceni\u0107. <\/p>\n<p>Ale prezes Trybuna\u0142u nie jest osob\u0105 prywatn\u0105, przeciwnie \u2013 stoi na czele najwy\u017cszego Trybuna\u0142u, kt\u00f3ry stoi na stra\u017cy Konstytucji, a ta wyra\u017anie m\u00f3wi, \u017ce Polska jest pa\u0144stwem \u015bwieckim (cho\u0107 faktycznie daleko nam do tego idea\u0142u). Od czasu do czasu Trybuna\u0142 przyjmuje orzeczenia, kt\u00f3re bezpo\u015brednio dotycz\u0105 Ko\u015bcio\u0142a, i tak b\u0119dzie w przysz\u0142o\u015bci. Trybuna\u0142 stoi na stra\u017cy Konstytucji, a nie \u017cadnej instytucji czy ko\u015bcio\u0142a (-\u00f3w), cho\u0107by by\u0142y najbardziej dla pa\u0144stwa zas\u0142u\u017cone. <\/p>\n<p>Poniewa\u017c w Polsce trwa nieustanny sp\u00f3r o stosunki Pa\u0144stwo \u2013 Ko\u015bci\u00f3\u0142 (katecheza, Fundusz Ko\u015bcielny, dokonania Komisji Maj\u0105tkowej, finansowanie \u015awi\u0105tyni etc.), odznaczenie \u201eDla Ko\u015bcio\u0142a i Papie\u017ca\u201d uwa\u017cam za niefortunne i zobowi\u0105zuj\u0105ce w przysz\u0142ych w sprawach pa\u0144stwo \u2013 Ko\u015bci\u00f3\u0142. By\u0142oby bardziej stosowne, gdyby poczekano do stanu spoczynku.<\/p>\n<p>Z\u0142ych wiadomo\u015bci jest wi\u0119cej ni\u017c dobrych. Zaliczam do nich strajk w Jastrz\u0119bskiej Sp\u00f3\u0142ce W\u0119glowej i dalsze, kt\u00f3re nas czekaj\u0105. Nikt nie kwestionuje prawa do strajku, w Polsce panuje nier\u00f3wnowaga na korzy\u015b\u0107 pracodawc\u00f3w wzgl\u0119dem pracobiorc\u00f3w, ale w g\u00f3rnictwie to nie jest takie oczywiste. <\/p>\n<p>Ust\u0119pstwa premier Kopacz wobec g\u00f3rnik\u00f3w zosta\u0142y potraktowane jako oznaka s\u0142abo\u015bci (bo tak jest). Jak s\u0142usznie pisze Tomasz Lis w \u201eNewsweeku\u201d, Polsce grozi koalicja silnych, s\u0142u\u017c\u0105ca dojeniu pa\u0144stwa i w\u0142a\u015bnie s\u0142abszych. Piotr Duda i Solidarno\u015b\u0107 zach\u0119caj\u0105 do strajk\u00f3w ze wzgl\u0119d\u00f3w politycznych, ciesz\u0105 si\u0119 w tym poparciem opozycji. Wykorzystuj\u0105 zrozumia\u0142e niezadowolenie, ale nie wskazuj\u0105, sk\u0105d wzi\u0105\u0107 na zaspokojenie roszcze\u0144 g\u00f3rnik\u00f3w, kolejarzy, piel\u0119gniarek, energetyk\u00f3w. Od samej zmiany w\u0142adzy, kt\u00f3ra w ko\u0144cu nast\u0105pi, pieni\u0119dzy nie przyb\u0119dzie, a do bolesnych reform nie wida\u0107 ch\u0119tnych.<\/p>\n<p><strong>Fatalne<\/strong> wiadomo\u015bci z Ukrainy, ko\u0144ca nie wida\u0107. W\u0105tpi\u0119, by czwartkowe spotkanie ministr\u00f3w spraw zagranicznych UE co\u015b wyja\u015bni\u0142o.<\/p>\n<p>No i na koniec bardzo dobra wiadomo\u015b\u0107: po zaci\u0119tej grze pi\u0142karze r\u0119czni wygrali z Chorwacj\u0105 na mistrzostwach \u015bwiata w Katarze. Dobre i to. Brawo!<\/p>\n","protected":false},"excerpt":{"rendered":"<p>Dobre wiadomo\u015bci maj\u0105 to do siebie, \u017ce nie budz\u0105 wi\u0119kszego odzewu, cicho o nich na blogach, ma\u0142o kogo rajcuj\u0105, nawet je\u015bli s\u0105 wa\u017cne.<\/p>\n","protected":false},"author":4,"featured_media":0,"comment_status":"open","ping_status":"closed","sticky":false,"template":"","format":"standard","meta":{"footnotes":""},"categories":[1],"tags":[],"_links":{"self":[{"href":"https:\/\/blog.polityka.pl\/passent\/wp-json\/wp\/v2\/posts\/2759"}],"collection":[{"href":"https:\/\/blog.polityka.pl\/passent\/wp-json\/wp\/v2\/posts"}],"about":[{"href":"https:\/\/blog.polityka.pl\/passent\/wp-json\/wp\/v2\/types\/post"}],"author":[{"embeddable":true,"href":"https:\/\/blog.polityka.pl\/passent\/wp-json\/wp\/v2\/users\/4"}],"replies":[{"embeddable":true,"href":"https:\/\/blog.polityka.pl\/passent\/wp-json\/wp\/v2\/comments?post=2759"}],"version-history":[{"count":3,"href":"https:\/\/blog.polityka.pl\/passent\/wp-json\/wp\/v2\/posts\/2759\/revisions"}],"predecessor-version":[{"id":2762,"href":"https:\/\/blog.polityka.pl\/passent\/wp-json\/wp\/v2\/posts\/2759\/revisions\/2762"}],"wp:attachment":[{"href":"https:\/\/blog.polityka.pl\/passent\/wp-json\/wp\/v2\/media?parent=2759"}],"wp:term":[{"taxonomy":"category","embeddable":true,"href":"https:\/\/blog.polityka.pl\/passent\/wp-json\/wp\/v2\/categories?post=2759"},{"taxonomy":"post_tag","embeddable":true,"href":"https:\/\/blog.polityka.pl\/passent\/wp-json\/wp\/v2\/tags?post=2759"}],"curies":[{"name":"wp","href":"https:\/\/api.w.org\/{rel}","templated":true}]}}