
{"id":2764,"date":"2015-02-01T20:47:52","date_gmt":"2015-02-01T19:47:52","guid":{"rendered":"http:\/\/passent.blog.polityka.pl\/?p=2764"},"modified":"2015-02-01T21:51:41","modified_gmt":"2015-02-01T20:51:41","slug":"teatr-lalek","status":"publish","type":"post","link":"https:\/\/blog.polityka.pl\/passent\/2015\/02\/01\/teatr-lalek\/","title":{"rendered":"Teatr lalek"},"content":{"rendered":"<p>To, \u017ce Polskie Stronnictwo Ludowe wystawi\u0142o swojego kandydata na prezydenta, to zrozumia\u0142e. Ryzyko co prawda jest du\u017ce, bo kandydat PSL mo\u017ce otrzyma\u0107 poni\u017cej 10 procent g\u0142os\u00f3w, ale popieranie Bronis\u0142awa Komorowskiego, w spos\u00f3b oczywisty kandydata Platformy, te\u017c by\u0142oby dla PSL kosztowne.<br \/>\n<!--more--><br \/>\nOznacza\u0142oby \u201eprzyspawanie\u201d do Platformy. Kandydatem ludowc\u00f3w zosta\u0142 Adam Jarubas, 40-letni polityk samorz\u0105dowy, szerzej nieznany marsza\u0142ek wojew\u00f3dztwa \u015bwi\u0119tokrzyskiego. Jest to dobrze zapowiadaj\u0105cy si\u0119 polityk z przysz\u0142o\u015bci\u0105, nie mam nic przeciwko niemu. <\/p>\n<p>Natomiast nie podoba mi si\u0119, \u017ce liderzy PSL \u2013 podobnie jak liderzy SLD &#8211; nie maj\u0105 odwagi stan\u0105\u0107 do wybor\u00f3w i chowaj\u0105 si\u0119 za pi\u0119knymi i m\u0142odymi.  Magdalena Og\u00f3rek, a raczej dr Magdalena Og\u00f3rek, i Adam \u201eAda\u015b\u201d Jarubas zostali wypchni\u0119ci na ring, poniewa\u017c ani Leszek Miller, ani Janusz Piechoci\u0144ski nie mieli na to odwagi. Kiedy panowie Kalinowski i Piechoci\u0144ski przedstawiali kandydata PSL i kazali na niego m\u00f3wi\u0107 \u201eAda\u015b\u201d, nie podoba\u0142o mi si\u0119 to, podobnie jak to by\u0142o w czasie niefortunnej prezentacji kandydatki SLD, kt\u00f3rej Miller nie pozwoli\u0142 powiedzie\u0107 ani s\u0142owa.<\/p>\n<p>W pewnym stopniu dotyczy to tak\u017ce Prawa i Sprawiedliwo\u015bci. Jaros\u0142aw Kaczy\u0144ski woli zosta\u0107 premierem ni\u017c stan\u0105\u0107 oko w oko z Bronis\u0142awem Komorowskim. To jego prawo, jego wyb\u00f3r. Ale gdzie si\u0119 podzia\u0142 \u017celazny kandydat PiS, profesor Piotr Gli\u0144ski? Gdzie najbardziej znani i do\u015bwiadczeni politycy PiS, tacy jak panowie Brudzi\u0144ski, B\u0142aszczak, Czarnecki, Kuchci\u0144ski, Jasi\u0144ski, Lipi\u0144ski, Sasin i inni? <\/p>\n<p>Okazuje si\u0119, \u017ce ci, kt\u00f3rzy na co dzie\u0144 i na trwale symbolizuj\u0105 PiS, kt\u00f3ry walcz\u0105 jak lwy w obronie tej partii w stacjach radiowych i telewizyjnych, w oczach ich w\u0142asnej partii nie maj\u0105 szans w wyborach prezydenckich, s\u0105 jak gdyby zu\u017cyci, trzeba by\u0142o wi\u0119c si\u0119gn\u0105\u0107 do polityka ma\u0142o znanego, Andrzeja Dud\u0119, kt\u00f3ry dopiero teraz walczy o rozpoznawalno\u015b\u0107 i nie b\u0119dzie si\u0119 kojarzy\u0142&#8230;<\/p>\n<p>Ci, kt\u00f3rzy trz\u0119s\u0105 partiami politycznymi, nie mieli odwagi wzi\u0105\u0107 na siebie odpowiedzialno\u015bci, wysun\u0119li m\u0142odych, medialnych i atrakcyjnych, skazuj\u0105c ich na gorycz pora\u017cki. Rozbawieni, roze\u015bmiani, zadowoleni, \u017ce znale\u017ali przedstawicieli nowego pokolenia, pi\u0119knych trzydziestolatk\u00f3w i czterdziestolatk\u00f3w. <\/p>\n<p>Tylko czy ci kandydaci (-tki) startuj\u0105 w konkursie pi\u0119kno\u015bci, czy w wyborach na najwy\u017cszy urz\u0105d w kraju? Je\u017celi do tego doda\u0107 pana Palikota, pani\u0105 Grodzk\u0105, ewentualnie Kalisza, to rysuj\u0105 si\u0119 jakie\u015b dziwne parawybory, wybory spaczone. <\/p>\n<p>Z jednej strony \u2013 urz\u0119duj\u0105cy prezydent, polityk znany i do\u015bwiadczony, a z drugiej galeria dubler\u00f3w, kt\u00f3rzy kandyduj\u0105, poniewa\u017c aktorzy pierwszoplanowi uchylaj\u0105 si\u0119 od tego obowi\u0105zku, wol\u0105 pozosta\u0107 za kulisami. Tam s\u0105 bezpieczni, niech kto inny wyci\u0105ga za nich kasztany z ognia.<\/p>\n","protected":false},"excerpt":{"rendered":"<p>To, \u017ce Polskie Stronnictwo Ludowe wystawi\u0142o swojego kandydata na prezydenta, to zrozumia\u0142e. Ryzyko co prawda jest du\u017ce, bo kandydat PSL mo\u017ce otrzyma\u0107 poni\u017cej 10 procent g\u0142os\u00f3w, ale popieranie Bronis\u0142awa Komorowskiego, w spos\u00f3b oczywisty kandydata Platformy, te\u017c by\u0142oby dla PSL kosztowne.<\/p>\n","protected":false},"author":4,"featured_media":0,"comment_status":"open","ping_status":"closed","sticky":false,"template":"","format":"standard","meta":{"footnotes":""},"categories":[1],"tags":[],"_links":{"self":[{"href":"https:\/\/blog.polityka.pl\/passent\/wp-json\/wp\/v2\/posts\/2764"}],"collection":[{"href":"https:\/\/blog.polityka.pl\/passent\/wp-json\/wp\/v2\/posts"}],"about":[{"href":"https:\/\/blog.polityka.pl\/passent\/wp-json\/wp\/v2\/types\/post"}],"author":[{"embeddable":true,"href":"https:\/\/blog.polityka.pl\/passent\/wp-json\/wp\/v2\/users\/4"}],"replies":[{"embeddable":true,"href":"https:\/\/blog.polityka.pl\/passent\/wp-json\/wp\/v2\/comments?post=2764"}],"version-history":[{"count":3,"href":"https:\/\/blog.polityka.pl\/passent\/wp-json\/wp\/v2\/posts\/2764\/revisions"}],"predecessor-version":[{"id":2767,"href":"https:\/\/blog.polityka.pl\/passent\/wp-json\/wp\/v2\/posts\/2764\/revisions\/2767"}],"wp:attachment":[{"href":"https:\/\/blog.polityka.pl\/passent\/wp-json\/wp\/v2\/media?parent=2764"}],"wp:term":[{"taxonomy":"category","embeddable":true,"href":"https:\/\/blog.polityka.pl\/passent\/wp-json\/wp\/v2\/categories?post=2764"},{"taxonomy":"post_tag","embeddable":true,"href":"https:\/\/blog.polityka.pl\/passent\/wp-json\/wp\/v2\/tags?post=2764"}],"curies":[{"name":"wp","href":"https:\/\/api.w.org\/{rel}","templated":true}]}}