
{"id":2770,"date":"2015-02-06T14:34:39","date_gmt":"2015-02-06T13:34:39","guid":{"rendered":"http:\/\/passent.blog.polityka.pl\/?p=2770"},"modified":"2015-02-06T15:18:02","modified_gmt":"2015-02-06T14:18:02","slug":"luty-uff-jak-goraco","status":"publish","type":"post","link":"https:\/\/blog.polityka.pl\/passent\/2015\/02\/06\/luty-uff-jak-goraco\/","title":{"rendered":"Luty? Uff, jak gor\u0105co!"},"content":{"rendered":"<p>Nareszcie Sejm ratyfikowa\u0142 \u201ekonwencj\u0119 antyprzemocow\u0105\u201d (Konwencja Rady Europy o zapobieganiu i zwalczaniu przemocy wobec kobiet i przemocy w rodzinie). Nareszcie jaka\u015b dobra wiadomo\u015b\u0107.<br \/>\n<!--more--><br \/>\nPrzeciwnicy Konwencji bili na alarm (\u201ewojna z kultur\u0105, z cywilizacj\u0105, recydywa marksizmu, neomarksizm\u201d etc.). Znane kobiety, m.in. prof. Jadwiga Staniszkis i Joanna Szczepkowska, nawo\u0142ywa\u0142y do opami\u0119tania. Na darmo. Nareszcie Platforma si\u0119 zmobilizowa\u0142a. <\/p>\n<p>Konwencja nie jest \u017cadn\u0105 rewolucj\u0105, zwraca uwag\u0119 na problem, daje kobietom pewne \u015brodki obrony, a je\u015bli budzi tak zaciek\u0142y sprzeciw, to przede wszystkim ze wzgl\u0119d\u00f3w kulturowych, doktrynalnych, definicji p\u0142ci, czyli owego nieszcz\u0119snego \u201egenderu\u201d, kt\u00f3rego tak boj\u0105 si\u0119 konserwaty\u015bci. Nota bene fakt, \u017ce ca\u0142y Episkopat alarmowa\u0142 z powodu neomarksizmu, \u015bwiadczy, \u017ce nie chodzi o jednego czy drugiego konserwatywnego hierarch\u0119, ale o Episkopat jako ca\u0142o\u015b\u0107. Decyzja Sejmu to punkt dla Polski o\u015bwieconej. Niestety, inne konflikty dalekie s\u0105 od rozstrzygni\u0119cia.<\/p>\n<p><strong>Kanclerz Merkel i prezydent Hollande s\u0105 dzisiaj w Moskwie<\/strong>, gdzie przedstawiaj\u0105 Putinowi kolejny plan pokojowy, cho\u0107by przerwania ognia. Nie jestem optymist\u0105. Takie \u201ew\u0105skie\u201d porozumienie honorowane nie b\u0119dzie. Cel Putina jest jasny: Nie straci\u0107 Ukrainy, nie dopu\u015bci\u0107, by wyrwa\u0142a si\u0119 z rosyjskiej strefy wp\u0142yw\u00f3w, by znalaz\u0142a si\u0119 w Unii i \u2013 nie daj Bo\u017ce! \u2013 w NATO.  <\/p>\n<p>Z punktu widzenia imperialnych ambicji Rosji jest to zrozumia\u0142e, z punktu widzenia samostanowienia narod\u00f3w, w tym narodu ukrai\u0144skiego \u2013 nie. Zapewne Putin tak d\u0142ugo b\u0119dzie ry\u0142 na Ukrainie, a\u017c uzyska finlandyzacj\u0119 tego pa\u0144stwa lub przynajmniej znacznej jego cz\u0119\u015bci. <\/p>\n<p>W stanowisku Zachodu brak jednomy\u015blno\u015bci, gdy\u017c sprawa jest bardzo trudna i ryzykowana. Jedni, jak Zbigniew Brzezi\u0144ski, s\u0105 za rozmieszczeniem wojsk NATO lub USA na terenie republik ba\u0142tyckich i wzmo\u017con\u0105 obecno\u015bci\u0105 w Polsce, a tak\u017ce s\u0105 za dozbrojeniem Ukrainy, inni, jak Obama i Merkel,  nie chc\u0105 powi\u0119ksza\u0107 napi\u0119cia, nie chc\u0105 walczy\u0107 z Rosj\u0105 \u201edo ostatniego Ukrai\u0144ca\u201d.  Wszyscy powtarzaj\u0105, \u017ce tego konfliktu nie mo\u017cna rozwi\u0105za\u0107 drog\u0105 militarn\u0105, a jednocze\u015bnie nie wida\u0107 rozwi\u0105zania pokojowego.<\/p>\n<p><strong>\u201eSchetyna naplu\u0142 Putinowi w twarz\u201d<\/strong> \u2013 powiedzia\u0142 w radiu TOK FM redaktor Zbigniew Parafianowicz. To, co pocz\u0105tkowo wygl\u0105da\u0142o na niezr\u0119czno\u015b\u0107 Schetyny (\u201eAuschwitz wyzwolili Ukrai\u0144cy\u201d), czyli szturchni\u0119cie Rosji, teraz wygl\u0105da na \u015bwiadom\u0105 polityk\u0119. \u2013 <em>Obchody 70. rocznicy zako\u0144czenia wojny nie musz\u0105 odbywa\u0107 si\u0119 w Moskwie, mog\u0142yby r\u00f3wnie dobrze mie\u0107 miejsce w Londynie czy w Berlinie, gdzie wojna zako\u0144czy\u0142a si\u0119 naprawd\u0119<\/em> \u2013 doda\u0142 p\u00f3\u017aniej polski minister spraw zagranicznych. Do tego dochodz\u0105 starania Polski, \u017ceby obchody odby\u0142y si\u0119 w Westerplatte.<\/p>\n<p>Trwaj\u0105 zabiegi, aby przyw\u00f3dcy i intelektuali\u015bci Europy wsparli inicjatyw\u0119 prezydenta Komorowskiego. Polska oferuje alternatyw\u0119 dla Moskwy. Co prawda nasze w\u0142adze zapewniaj\u0105, \u017ce pomys\u0142 z Westerplatte nie jest skierowany przeciwko obchodom moskiewskim, ale Putin wszystko widzi inaczej. Dla niego Rosja to obl\u0119\u017cona twierdza. Ju\u017c pojawi\u0142y si\u0119 tam karykatury Schetyny jako psa \u0142a\u0144cuchowego USA. Po co nam to? Moim zdaniem Polska i Europa maj\u0105 prawo \u015bwi\u0119towa\u0107 po swojemu, zw\u0142aszcza \u017ce nam 8 maja przyni\u00f3s\u0142 wyzwolenie, tego nie zapomnimy &#8211; ale nie wolno\u015b\u0107. W\u0142asne racje nie powinny jednak by\u0107 przedstawiane w spos\u00f3b, kt\u00f3ry ktokolwiek mo\u017ce interpretowa\u0107 tak, jak redaktor Parafianowicz lub nast\u0119pcy Kukryniks\u00f3w.<\/p>\n<p><strong>W Polsce kampania wyborcza<\/strong> zaczyna si\u0119 przy akompaniamencie strajk\u00f3w g\u00f3rnik\u00f3w i protest\u00f3w rolnik\u00f3w. S\u0105 one wspierane przez aktyw zwi\u0105zkowy z Piotrem Dud\u0105, kt\u00f3ry nie ukrywa, \u017ce zmierza do obalenia rz\u0105du, w czym mo\u017ce liczy\u0107 na wsparcie ze strony PiS i SLD. Podczas gdy strona rz\u0105dowa usi\u0142uje strajki wygasi\u0107 i kupi\u0107 czas do wybor\u00f3w, po stronie przeciwnej mamy dwa nurty: zwolennik\u00f3w rozm\u00f3w i kompromisu oraz przeciwnik\u00f3w porozumienia, kt\u00f3rym odpowiada coraz szersza konfrontacja. Nowa ekipa premier Kopacz ma pe\u0142ne r\u0119ce roboty. Wielu oczekuje, \u017ce rz\u0105d b\u0119dzie twardy i zdecydowany w obronie zdrowego rozs\u0105dku oraz bud\u017cetu, zw\u0142aszcza ci, kt\u00f3rym to \u0142atwo m\u00f3wi\u0107, czyli kierowcy z tylnego siedzenia.<\/p>\n","protected":false},"excerpt":{"rendered":"<p>Nareszcie Sejm ratyfikowa\u0142 \u201ekonwencj\u0119 antyprzemocow\u0105\u201d (Konwencja Rady Europy o zapobieganiu i zwalczaniu przemocy wobec kobiet i przemocy w rodzinie). Nareszcie jaka\u015b dobra wiadomo\u015b\u0107.<\/p>\n","protected":false},"author":4,"featured_media":0,"comment_status":"open","ping_status":"closed","sticky":false,"template":"","format":"standard","meta":{"footnotes":""},"categories":[1],"tags":[],"_links":{"self":[{"href":"https:\/\/blog.polityka.pl\/passent\/wp-json\/wp\/v2\/posts\/2770"}],"collection":[{"href":"https:\/\/blog.polityka.pl\/passent\/wp-json\/wp\/v2\/posts"}],"about":[{"href":"https:\/\/blog.polityka.pl\/passent\/wp-json\/wp\/v2\/types\/post"}],"author":[{"embeddable":true,"href":"https:\/\/blog.polityka.pl\/passent\/wp-json\/wp\/v2\/users\/4"}],"replies":[{"embeddable":true,"href":"https:\/\/blog.polityka.pl\/passent\/wp-json\/wp\/v2\/comments?post=2770"}],"version-history":[{"count":2,"href":"https:\/\/blog.polityka.pl\/passent\/wp-json\/wp\/v2\/posts\/2770\/revisions"}],"predecessor-version":[{"id":2773,"href":"https:\/\/blog.polityka.pl\/passent\/wp-json\/wp\/v2\/posts\/2770\/revisions\/2773"}],"wp:attachment":[{"href":"https:\/\/blog.polityka.pl\/passent\/wp-json\/wp\/v2\/media?parent=2770"}],"wp:term":[{"taxonomy":"category","embeddable":true,"href":"https:\/\/blog.polityka.pl\/passent\/wp-json\/wp\/v2\/categories?post=2770"},{"taxonomy":"post_tag","embeddable":true,"href":"https:\/\/blog.polityka.pl\/passent\/wp-json\/wp\/v2\/tags?post=2770"}],"curies":[{"name":"wp","href":"https:\/\/api.w.org\/{rel}","templated":true}]}}