
{"id":2776,"date":"2015-02-08T22:24:26","date_gmt":"2015-02-08T21:24:26","guid":{"rendered":"http:\/\/passent.blog.polityka.pl\/?p=2776"},"modified":"2015-02-08T23:12:07","modified_gmt":"2015-02-08T22:12:07","slug":"porsche-i-polonez","status":"publish","type":"post","link":"https:\/\/blog.polityka.pl\/passent\/2015\/02\/08\/porsche-i-polonez\/","title":{"rendered":"Porsche i Polonez"},"content":{"rendered":"<p>\u201eRewelacyjne! Porywaj\u0105ce! Stanowcze! Podbi\u0142o Polsk\u0119! Brawo! Taki Andrzej Duda mo\u017ce wygra\u0107!\u201d \u2013 oto tytu\u0142y komentarzy z jednego tylko portalu \u201ewpolityce\u201d.<br \/>\n<!--more--><br \/>\nA\u017c przyjemnie patrze\u0107, poniewa\u017c media prawicowe s\u0105 normalnie niezadowolone, oburzone, krytyczne do b\u00f3lu, wsz\u0119dzie widz\u0105 upadek, ruj\u0119 i por\u00f3bstwo. A\u017c tu nagle \u2013 zachwycone! \u017badnych w\u0105tpliwo\u015bci, \u017cadnej z\u0142o\u015bliwo\u015bci, same zachwyty, cud \u2013 mi\u00f3d \u2013 ultramaryna. Czy\u017c to nie jest buduj\u0105ce? \u017be s\u0105 zachwycone swoim kandydatem? A kim mia\u0142yby si\u0119 zachwyca\u0107? By\u0107 mo\u017ce przedtem by\u0142y pe\u0142ne obaw i nie spodziewa\u0142y si\u0119 po Andrzeju Dudzie dobrego wyst\u0105pienia? Nie wiem, ale mi\u0142o mie\u0107 przez chwil\u0119 zadowolon\u0105, dobroduszn\u0105 opozycj\u0119.<\/p>\n<p>Wyst\u0105pienia pana Dudy nie ogl\u0105da\u0142em, wi\u0119c go nie oceniam. Natomiast ogl\u0105da\u0142em program TVP Info, w kt\u00f3rym gospodarz \u2013 Jaros\u0142aw Kulczycki \u2013 star\u0142 si\u0119 z jednym z go\u015bci \u2013 \u0141ukaszem Warzech\u0105. Redaktor Warzecha nie jest z mojej parafii, przeciwnie \u2013 nie jestem zwolennikiem jego dziennikarstwa, jego tyrady przeciwko Owsiakowi budzi\u0142y m\u00f3j sprzeciw, potrafi atakowa\u0107 bez pardonu i niesprawiedliwie. <\/p>\n<p>Ale w tym wypadku to nie ma nic do rzeczy. Chyba dla nikogo nie by\u0142o zaskoczeniem, \u017ce zapytany o konwencj\u0119 PiS i obrady PO, \u0141ukasz Warzecha por\u00f3wna\u0142 Andrzeja Dud\u0119 do samochodu porsche, a Komorowskiego do zdezelowanego poloneza. Chyba redaktor Kulczycki, jako do\u015bwiadczony dziennikarz, wiedzia\u0142, czego mo\u017ce oczekiwa\u0107 od swojego go\u015bcia. W \u017cadnym razie nie powinien by\u0142 zada\u0107 swojemu rozm\u00f3wcy \u201epytania\u201d, czy otrzymuje pieni\u0105dze od komitetu wyborczego Andrzeja Dudy. By\u0142o to nie w porz\u0105dku. <\/p>\n<p>\u0141ukasz Warzecha, podobnie jak ka\u017cdy inny wyborca czy komentator, ma prawo do swoich pogl\u0105d\u00f3w, ma prawo by\u0107 zachwycony kandydatem PiS. Nie rozumiem, dlaczego red. Kulczycki by\u0142 na takiej kontrze, \u017ce a\u017c posun\u0105\u0142 si\u0119 za daleko i powinien sw\u00f3j b\u0142\u0105d naprawi\u0107. Od redaktora z telewizji publicznej wymagam wi\u0119cej ni\u017c od redaktora Warzechy.<\/p>\n","protected":false},"excerpt":{"rendered":"<p>\u201eRewelacyjne! Porywaj\u0105ce! Stanowcze! Podbi\u0142o Polsk\u0119! Brawo! Taki Andrzej Duda mo\u017ce wygra\u0107!\u201d \u2013 oto tytu\u0142y komentarzy z jednego tylko portalu \u201ewpolityce\u201d.<\/p>\n","protected":false},"author":4,"featured_media":0,"comment_status":"open","ping_status":"closed","sticky":false,"template":"","format":"standard","meta":{"footnotes":""},"categories":[1],"tags":[],"_links":{"self":[{"href":"https:\/\/blog.polityka.pl\/passent\/wp-json\/wp\/v2\/posts\/2776"}],"collection":[{"href":"https:\/\/blog.polityka.pl\/passent\/wp-json\/wp\/v2\/posts"}],"about":[{"href":"https:\/\/blog.polityka.pl\/passent\/wp-json\/wp\/v2\/types\/post"}],"author":[{"embeddable":true,"href":"https:\/\/blog.polityka.pl\/passent\/wp-json\/wp\/v2\/users\/4"}],"replies":[{"embeddable":true,"href":"https:\/\/blog.polityka.pl\/passent\/wp-json\/wp\/v2\/comments?post=2776"}],"version-history":[{"count":2,"href":"https:\/\/blog.polityka.pl\/passent\/wp-json\/wp\/v2\/posts\/2776\/revisions"}],"predecessor-version":[{"id":2780,"href":"https:\/\/blog.polityka.pl\/passent\/wp-json\/wp\/v2\/posts\/2776\/revisions\/2780"}],"wp:attachment":[{"href":"https:\/\/blog.polityka.pl\/passent\/wp-json\/wp\/v2\/media?parent=2776"}],"wp:term":[{"taxonomy":"category","embeddable":true,"href":"https:\/\/blog.polityka.pl\/passent\/wp-json\/wp\/v2\/categories?post=2776"},{"taxonomy":"post_tag","embeddable":true,"href":"https:\/\/blog.polityka.pl\/passent\/wp-json\/wp\/v2\/tags?post=2776"}],"curies":[{"name":"wp","href":"https:\/\/api.w.org\/{rel}","templated":true}]}}