
{"id":2782,"date":"2015-02-13T22:58:19","date_gmt":"2015-02-13T21:58:19","guid":{"rendered":"http:\/\/passent.blog.polityka.pl\/?p=2782"},"modified":"2015-02-13T23:29:47","modified_gmt":"2015-02-13T22:29:47","slug":"ten-biedny-izdebski","status":"publish","type":"post","link":"https:\/\/blog.polityka.pl\/passent\/2015\/02\/13\/ten-biedny-izdebski\/","title":{"rendered":"Ten biedny Izdebski"},"content":{"rendered":"<p>\u201eTego wszystkiego nauczy\u0142em si\u0119 od Leppera. On jak chcia\u0142 co\u015b wa\u017cnego powiedzie\u0107, to wyzywa\u0142 ministr\u00f3w od z\u0142odziei i bandyt\u00f3w i wszystkie telewizje to pokazywa\u0142y\u201d \u2013 m\u00f3wi Sylwester Izdebski, g\u0142\u00f3wny zawadiaka rolniczo-ch\u0142opski.<br \/>\n<!--more--><br \/>\n\u201eTo my jeste\u015bmy terrorystami, \u017ce si\u0119 nas tak traktuje? Co to jest do ch&#8230;\u201d \u2013 pyta. Izdebski to kliniczny przyk\u0142ad awanturnika i populisty, kt\u00f3ry od pi\u0119tnastu lat usi\u0142uje reprezentowa\u0107 i rozpali\u0107 rolnik\u00f3w, w czym walnie pomagaj\u0105 mu media, g\u0142\u00f3wnie telewizja, bo gazety ju\u017c ma\u0142o kto na wsi czyta. <\/p>\n<p>W mediach m\u00f3wi o sobie w trzeciej osobie, per S\u0142awomir Izdebski, \u017ceby zapami\u0119tano nie tylko jego twarz, ale i nazwisko. \u201eJak S\u0142awomir Izdebski m\u00f3wi, \u017ce zorganizuje, to zorganizuje\u201d. Wyrzucony z Samoobrony, gdzie nale\u017ca\u0142 do aktywu krzykaczy, zak\u0142ada\u0142 rozmaite organizacje ze s\u0142owem \u201esamoobrona\u201d w nazwie, a obecnie stoi na czele za\u0142o\u017conego przez siebie OPZZ \u2013 Og\u00f3lnopolskiego Porozumienia Zwi\u0105zk\u00f3w Zawodowych Rolnik\u00f3w i Organizacji Rolniczych.<\/p>\n<p>By\u0142 ju\u017c kiedy\u015b senatorem, mo\u017ce b\u0119dzie kandydowa\u0142 z ramienia PiS, by\u0107 mo\u017ce zechce powt\u00f3rzy\u0107 tamten sukces, a mo\u017ce nawet wysadzi\u0107 z siode\u0142ka ministra Sawickiego \u2013 kiedy\u015b koleg\u0119 i s\u0105siada, dzisiaj zdrajc\u0119 sprawy ch\u0142opskiej.<\/p>\n<p>Nigdy nie zapomina j\u0119zyka w buzi. Ma grono zafascynowanych zwolennik\u00f3w. Zawsze ma pod r\u0119k\u0105 postulaty rolnik\u00f3w, zawsze potrafi udowodni\u0107, \u017ce rolnikom dzieje si\u0119 krzywda. Ile \u0142o\u017cy na KRUS? \u201eAle jak\u0105 b\u0119d\u0119 mia\u0142 nisk\u0105 emerytur\u0119!\u201d. Jakie pi\u0119kne i kosztowne traktory bior\u0105 udzia\u0142 w blokadzie dr\u00f3g? \u201e To wszystko w\u0142asno\u015b\u0107 bank\u00f3w\u201d. Zad\u0142u\u017cony na 2 miliony? \u2013 Bro\u0144 Bo\u017ce, znacznie mniej. \u2013 Ile? \u2013 Nie pami\u0119ta. \u201eKupili\u015bmy kombajn, nawozy, troch\u0119 si\u0119 tego nazbiera\u0142o&#8230; Przecie\u017c ka\u017cdy z nas ma jakie\u015b zobowi\u0105zania\u201d. Komornik? \u2013 Przewodnicz\u0105cy nic nie ma, jest biedny jak mysz ko\u015bcielna, wszystko przepisa\u0142 na syna i rodzin\u0119. Zaczyna\u0142 od paru hektar\u00f3w, dzisiaj gospodaruj\u0105 na dzier\u017cawionych siedemdziesi\u0119ciu pi\u0119ciu.<\/p>\n<p>\u2013 Zerwa\u0142 negocjacje po 20 minutach? \u201eTen rz\u0105d zdrajc\u00f3w, antyludzki, antyrolniczy i antypolski\u201d musi odej\u015b\u0107. \u201eSta\u0142a si\u0119 rzecz straszna. Dzisiaj minister rolnictwa, kt\u00f3ry podobno wywodzi si\u0119 ze wsi, stan\u0105\u0142 po stronie Platformy Obywatelskiej i kapita\u0142u obcego, a nie po stronie rolnik\u00f3w polskich. Na spotkaniu z ministrem zostali przedstawiciele innych organizacji rolniczych? &#8211; To zdrajcy, je\u017celi kogokolwiek z nich zobaczycie, \u201eto ch\u0142osta, ch\u0142osta i jeszcze raz ch\u0142osta\u201d.<\/p>\n<p>Z tymi zdrajcami rozmawia\u0107 ju\u017c nie b\u0119dziemy. Dziki wchodz\u0105 w szkod\u0119? \u2013 Pa\u0144stwo musi zap\u0142aci\u0107. Trzoda chlewna tanieje, hodowla staje si\u0119 deficytowa? \u2013 Pa\u0144stwo musi wyr\u00f3wna\u0107. Mleko nieop\u0142acalne? &#8211; Pa\u0144stwo powinno dola\u0107. Jak nie, to dogadamy si\u0119 z g\u00f3rnikami i wsp\u00f3lnie urz\u0105dzimy inwazj\u0119 na Warszaw\u0119. Najbli\u017csze plany? \u2013 Zielone miasteczko przed kancelari\u0105 premiera. Z g\u00f3rnikami si\u0119 dogada, mimo \u017ce jego firma handluje m.in. tanim w\u0119glem rosyjskim. \u2013 Bo polski jest za drogi \u2013 m\u00f3wi z rozbrajaj\u0105c\u0105 szczero\u015bci\u0105, ale protest g\u00f3rnik\u00f3w popiera, \u017ceby polski w\u0119giel by\u0142 jeszcze dro\u017cszy.<\/p>\n<p>Szumnie zapowiadany zjazd gwia\u017adzisty si\u0119 nie uda\u0142, na blokad\u0119 dr\u00f3g zjecha\u0142o si\u0119 mniej traktor\u00f3w, ni\u017c zapowiada\u0142, ale inwazja na Warszaw\u0119 musi si\u0119 uda\u0107. \u201eJak Izdebski m\u00f3wi, \u017ce zorganizuje, to zorganizuje\u201d.<\/p>\n","protected":false},"excerpt":{"rendered":"<p>\u201eTego wszystkiego nauczy\u0142em si\u0119 od Leppera. On jak chcia\u0142 co\u015b wa\u017cnego powiedzie\u0107, to wyzywa\u0142 ministr\u00f3w od z\u0142odziei i bandyt\u00f3w i wszystkie telewizje to pokazywa\u0142y\u201d \u2013 m\u00f3wi Sylwester Izdebski, g\u0142\u00f3wny zawadiaka rolniczo-ch\u0142opski.<\/p>\n","protected":false},"author":4,"featured_media":0,"comment_status":"open","ping_status":"closed","sticky":false,"template":"","format":"standard","meta":{"footnotes":""},"categories":[1],"tags":[],"_links":{"self":[{"href":"https:\/\/blog.polityka.pl\/passent\/wp-json\/wp\/v2\/posts\/2782"}],"collection":[{"href":"https:\/\/blog.polityka.pl\/passent\/wp-json\/wp\/v2\/posts"}],"about":[{"href":"https:\/\/blog.polityka.pl\/passent\/wp-json\/wp\/v2\/types\/post"}],"author":[{"embeddable":true,"href":"https:\/\/blog.polityka.pl\/passent\/wp-json\/wp\/v2\/users\/4"}],"replies":[{"embeddable":true,"href":"https:\/\/blog.polityka.pl\/passent\/wp-json\/wp\/v2\/comments?post=2782"}],"version-history":[{"count":3,"href":"https:\/\/blog.polityka.pl\/passent\/wp-json\/wp\/v2\/posts\/2782\/revisions"}],"predecessor-version":[{"id":2785,"href":"https:\/\/blog.polityka.pl\/passent\/wp-json\/wp\/v2\/posts\/2782\/revisions\/2785"}],"wp:attachment":[{"href":"https:\/\/blog.polityka.pl\/passent\/wp-json\/wp\/v2\/media?parent=2782"}],"wp:term":[{"taxonomy":"category","embeddable":true,"href":"https:\/\/blog.polityka.pl\/passent\/wp-json\/wp\/v2\/categories?post=2782"},{"taxonomy":"post_tag","embeddable":true,"href":"https:\/\/blog.polityka.pl\/passent\/wp-json\/wp\/v2\/tags?post=2782"}],"curies":[{"name":"wp","href":"https:\/\/api.w.org\/{rel}","templated":true}]}}