
{"id":2786,"date":"2015-02-14T18:31:17","date_gmt":"2015-02-14T17:31:17","guid":{"rendered":"http:\/\/passent.blog.polityka.pl\/?p=2786"},"modified":"2015-02-15T05:43:34","modified_gmt":"2015-02-15T04:43:34","slug":"kandydatka-z-ozarowa","status":"publish","type":"post","link":"https:\/\/blog.polityka.pl\/passent\/2015\/02\/14\/kandydatka-z-ozarowa\/","title":{"rendered":"Kandydatka z O\u017carowa"},"content":{"rendered":"<p>Przem\u00f3wienie dr Magdaleny Og\u00f3rek na konwencji SLD w O\u017carowie by\u0142o przeci\u0119tne, standardowe, pozbawione wielkich wzlot\u00f3w i wi\u0119kszych potkni\u0119\u0107.<br \/>\n<!--more--><br \/>\nKilka notatek: &#8211; <em>Urz\u0105d prezydenta nie mo\u017ce by\u0107 luksusowym wypoczynkiem i emerytur\u0105 <\/em>\u2013 powiedzia\u0142a pani Magdalena Og\u00f3rek, wyra\u017anie pij\u0105c do prezydenta Komorowskiego.<\/p>\n<p>Nie by\u0142 to zarzut odkrywczy, gdy\u017c dzisiaj ka\u017cdy uznaje za stosowne krytykowa\u0107 Komorowskiego za bierno\u015b\u0107 i pilnowanie \u017cyrandola. Prezydent si\u0119 chowa, pilnuje s\u0142upk\u00f3w \u2013 m\u00f3wi\u0142a akurat w dniu, kiedy Komorowski pojecha\u0142 na \u015al\u0105sk. (Czy spotka\u0142 tam zwi\u0105zkowc\u00f3w i g\u00f3rnik\u00f3w \u2013 nie wiem). Kancelaria prezydenta jest zbyt kosztowna. A skoro wszyscy krytykuj\u0105, to M.O. te\u017c. <\/p>\n<p>W og\u00f3le Komorowski by\u0142 jedynym celem jej krytyki, pani Og\u00f3rek nie atakowa\u0142a \u017cadnych rywali ani partii politycznych. Jej przem\u00f3wienie by\u0142o dosy\u0107 bezideowe, kokietowa\u0142a zar\u00f3wno biednych sta\u017cyst\u00f3w, jak i przedsi\u0119biorc\u00f3w. Dawa\u0142a r\u00f3\u017cne zapewnienia, w rodzaju \u201eWierz\u0119 w Polsk\u0119. Polska to wy, biedni i ciemi\u0119\u017ceni, a nie oni\u201d. Ko\u015bci\u00f3\u0142 omin\u0119\u0142a szerokim lukiem.<\/p>\n<p>Podkre\u015bla\u0142a, \u017ce jest spoza uk\u0142ad\u00f3w, spoza koterii, przedstawia\u0142a si\u0119 jako outsiderka bez powi\u0105za\u0144 ze skompromitowanym \u015bwiatem polityki. Pracowa\u0142a kiedy\u015b na bezp\u0142atnym sta\u017cu, bo etaty s\u0105 zarezerwowane dla os\u00f3b z rodzin wp\u0142ywowych i bogatych (to musia\u0142o si\u0119 podoba\u0107). M.O. jest zwolenniczk\u0105 pa\u0144stwa opieku\u0144czego, kt\u00f3re nie mo\u017ce zostawia\u0107 bez pomocy nikogo, ani m\u0142odych, ani starych. Konkret\u00f3w unika\u0142a. Dla biednych mia\u0142a propozycj\u0119 zwolnienia od podatk\u00f3w, dla przedsi\u0119biorc\u00f3w \u2013 bardziej przychylny stosunek i ograniczenie nadmiernych kontroli, w tym skarbowych. Opowiedzia\u0142a si\u0119 za demokracj\u0105 bezpo\u015bredni\u0105 i referendami, m.in. w sprawie wieku emerytalnego (\u201ezdecyduj\u0105 wszyscy\u201d).<\/p>\n<p>W sprawie Rosji: pot\u0119pi\u0142a zdecydowanie inwazj\u0119 na Ukrain\u0119, ale \u2013 doda\u0142a \u2013 nie sta\u0107 nas, \u017ceby\u015bmy byli wrogiem Rosji nr 1, bo Rosja jest i b\u0119dzie naszym s\u0105siadem. Krytykowa\u0142a projekt dozbrajania Ukrainy, popar\u0142a wzmocnienie polskiej armii (i utworzenie gwardii narodowej), ale w oparciu o polski przemys\u0142 obronny.<\/p>\n<p>Obieca\u0142a prze\u0142ama\u0107 monopol dw\u00f3ch partii w Polsce. Popar\u0142a konwencj\u0119 antyprzemocow\u0105 i ustaw\u0119 o in vitro. Poza tym trzyma\u0142a si\u0119 z dala od problematyki \u015bwiatopogl\u0105dowej, stosunk\u00f3w pa\u0144stwo \u2013 ko\u015bcio\u0142y, kt\u00f3re kiedy\u015b by\u0142y dla lewicy spraw\u0105 wa\u017cn\u0105. Jak na specjalistk\u0119 od spraw ko\u015bcielnych wykona\u0142a znacz\u0105cy unik.<\/p>\n<p>&#8211; <em>Jestem dla was ca\u0142y czas<\/em> \u2013 m\u00f3wi\u0142a. Namawia\u0142a, \u017ceby do niej pisa\u0107 maile, ale nie obieca\u0142a, \u017ce stanie z mediami oko w oko. Zapewnia\u0142a, \u017ce wszystko, co m\u00f3wi, to jej w\u0142asne s\u0142owa. A media i establishment s\u0105 przeciwko niej, nie chc\u0105, \u017ceby zosta\u0142a prezydentem.<\/p>\n<p>Wydaje si\u0119, \u017ce media i establishment ten cel osi\u0105gn\u0105 bez wi\u0119kszego trudu. Na razie ujawni\u0142y kolejne zarzuty pod adresem jej m\u0119\u017ca. Na konwencji pani Og\u00f3rek wyst\u0105pi\u0142a sama, nie wida\u0107 by\u0142o m\u0119\u017ca ani c\u00f3rki.<\/p>\n","protected":false},"excerpt":{"rendered":"<p>Przem\u00f3wienie dr Magdaleny Og\u00f3rek na konwencji SLD w O\u017carowie by\u0142o przeci\u0119tne, standardowe, pozbawione wielkich wzlot\u00f3w i wi\u0119kszych potkni\u0119\u0107.<\/p>\n","protected":false},"author":4,"featured_media":0,"comment_status":"open","ping_status":"closed","sticky":false,"template":"","format":"standard","meta":{"footnotes":""},"categories":[1],"tags":[],"_links":{"self":[{"href":"https:\/\/blog.polityka.pl\/passent\/wp-json\/wp\/v2\/posts\/2786"}],"collection":[{"href":"https:\/\/blog.polityka.pl\/passent\/wp-json\/wp\/v2\/posts"}],"about":[{"href":"https:\/\/blog.polityka.pl\/passent\/wp-json\/wp\/v2\/types\/post"}],"author":[{"embeddable":true,"href":"https:\/\/blog.polityka.pl\/passent\/wp-json\/wp\/v2\/users\/4"}],"replies":[{"embeddable":true,"href":"https:\/\/blog.polityka.pl\/passent\/wp-json\/wp\/v2\/comments?post=2786"}],"version-history":[{"count":3,"href":"https:\/\/blog.polityka.pl\/passent\/wp-json\/wp\/v2\/posts\/2786\/revisions"}],"predecessor-version":[{"id":2789,"href":"https:\/\/blog.polityka.pl\/passent\/wp-json\/wp\/v2\/posts\/2786\/revisions\/2789"}],"wp:attachment":[{"href":"https:\/\/blog.polityka.pl\/passent\/wp-json\/wp\/v2\/media?parent=2786"}],"wp:term":[{"taxonomy":"category","embeddable":true,"href":"https:\/\/blog.polityka.pl\/passent\/wp-json\/wp\/v2\/categories?post=2786"},{"taxonomy":"post_tag","embeddable":true,"href":"https:\/\/blog.polityka.pl\/passent\/wp-json\/wp\/v2\/tags?post=2786"}],"curies":[{"name":"wp","href":"https:\/\/api.w.org\/{rel}","templated":true}]}}