
{"id":2812,"date":"2015-03-11T19:39:10","date_gmt":"2015-03-11T18:39:10","guid":{"rendered":"http:\/\/passent.blog.polityka.pl\/?p=2812"},"modified":"2015-03-11T21:33:18","modified_gmt":"2015-03-11T20:33:18","slug":"wzmozenie-moralne-adamowicz-bierecki-durczok","status":"publish","type":"post","link":"https:\/\/blog.polityka.pl\/passent\/2015\/03\/11\/wzmozenie-moralne-adamowicz-bierecki-durczok\/","title":{"rendered":"Wzmo\u017cenie moralne &#8211; Adamowicz, Bierecki, Durczok\u2026"},"content":{"rendered":"<p>Dop\u00f3ki nie zapad\u0142 prawomocny wyrok skazuj\u0105cy, ka\u017cdy jest niewinny, tak\u017ce Pawe\u0142 Adamowicz.<br \/>\n<!--more--><br \/>\nWszystko, co o nim m\u00f3wimy i piszemy, powinno by\u0107 obwarowane zastrze\u017ceniem \u201eje\u017celi\u201d \u2013 je\u017celi prawdziwa jest cho\u0107 cz\u0119\u015b\u0107 postawionych mu zarzut\u00f3w prokuratury, to prezydent Gda\u0144ska i Platforma Obywatelska maj\u0105 problem. <\/p>\n<p>Pisz\u0119 \u201eje\u017celi\u201d, poniewa\u017c przyk\u0142ad prezydenta pobliskiego Sopotu Jacka Karnowskiego wskazuje, \u017ce zarzuty mog\u0105 by\u0107 bezpodstawne, mog\u0105 stanowi\u0107 pr\u00f3b\u0119 wyko\u0144czenia cz\u0142owieka. Zw\u0142aszcza \u017ce dzia\u0142alno\u015b\u0107 prokuratury w Polsce budzi wiele w\u0105tpliwo\u015bci.<\/p>\n<p>Po tych wszystkich zastrze\u017ceniach trudno nie oprze\u0107 si\u0119 wra\u017ceniu, \u017ce co\u015b musi by\u0107 na rzeczy. Podejrzany usprawiedliwia si\u0119, \u017ce pomy\u0142ki w o\u015bwiadczeniach maj\u0105tkowych by\u0142y \u201emechaniczne\u201d i nie\u015bwiadomie powtarzane, a\u017c do czasu, kiedy si\u0119 zreflektowa\u0142 i b\u0142\u0105d (b\u0142\u0119dy) skorygowa\u0142. <\/p>\n<p>W\u0105tpliwo\u015bci nale\u017cy rozstrzyga\u0107 na korzy\u015b\u0107 podejrzanego, ale czy wszystkie? Gdyby prokuratura stawia\u0142a jeden zarzut, to by\u0142oby to stanowisko s\u0142abe. Ale kilka zarzut\u00f3w? <\/p>\n<p>Niedoszacowanie dochod\u00f3w z funduszu inwestycyjnego, zapomniane mieszkanie, nie\u015bcis\u0142o\u015bci w sprawie dochod\u00f3w z wynajmu \u2013 czy to wszystko da si\u0119 wyt\u0142umaczy\u0107 odruchem mechanicznym? Czy\u017cby to by\u0142a beztroska i nonszalancja? Po\u017cyjemy, zobaczymy. <\/p>\n<p>Na razie prezydent Gda\u0144ska (kolebka Solidarno\u015bci i Platformy Obywatelskiej) zawiesi\u0142 swoje cz\u0142onkostwo w partii i ust\u0105pi\u0142 z komitetu honorowego prezydenta Komorowskiego, nadal jednak zamierza pozosta\u0107 na stanowisku prezydenta miasta. <\/p>\n<p>Z punktu widzenia prawa jest to mo\u017cliwe, ale nie zazdroszcz\u0119 Adamowiczowi, ba, uwa\u017cam to za niefortunne. Lepszy by\u0142by chyba urlop do czasu wyja\u015bnienia sprawy \u2013 jej umorzenia lub aktu oskar\u017cenia.  <\/p>\n<p>Powie kto\u015b \u2013 jak to oskar\u017cenia? Czekajmy na prawomocny wyrok, czyli czekaj tatka latka. Prokuratura nie mo\u017ce przekre\u015bla\u0107 wyniku demokratycznych wybor\u00f3w, Pawe\u0142 Adamowicz  zosta\u0142 wybrany i kropka. A jednak co\u015b w tym rozwi\u0105zaniu mnie uwiera. Ja bym radzi\u0142 urlop.<\/p>\n<p>Senator z ramienia PiS Grzegorz Bierecki, typowany przez niekt\u00f3rych na nast\u0119pc\u0119 prezesa Kaczy\u0144skiego, spada z wysokiego konia. Jest tw\u00f3rc\u0105 s\u0142ynnych SKOK-\u00f3w, sp\u00f3\u0142dzielczej kasy oszcz\u0119dno\u015bciowo-kredytowej im. Stefczyka, kt\u00f3rej by\u0142 prezesem przez 20 lat, a tak\u017ce dzia\u0142aczem tej bran\u017cy na skal\u0119 mi\u0119dzynarodow\u0105. <\/p>\n<p>Media (g\u0142\u00f3wnie POLITYKA i \u201eGazeta Wyborcza\u201d) od lat sygnalizowa\u0142y nieprawid\u0142owo\u015bci w SKOK-ach, mia\u0142y nawet z tego tytu\u0142u przykro\u015bci i (wygrane) sprawy s\u0105dowe, ale obro\u0144cy SKOK-\u00f3w mieli na wszystko odpowied\u017a: krytyka by\u0142a polityczna, liberalne, lewicowe media i uk\u0142ad z bankami chcia\u0142y rzekomo zniszczy\u0107 niezale\u017cn\u0105, patriotyczn\u0105, rdzennie polsk\u0105 instytucj\u0119, kt\u00f3ra cieszy si\u0119 bezinteresown\u0105 sympati\u0105 PiS oraz medi\u00f3w \u201eniepokornych\u201d (kt\u00f3re SKOK-i zaszczyca\u0142y og\u0142oszeniami). <\/p>\n<p>Z biegiem czasu nieprawid\u0142owo\u015bci w SKOK-ach stawa\u0142y si\u0119 coraz bardziej widoczne, m.in. bardzo wysoki odsetek z\u0142ych kredyt\u00f3w, a\u017c w ko\u0144cu raport Komisji Nadzoru Finansowego i list jej przewodnicz\u0105cego do pani premier oraz zainteresowanych instytucji postawi\u0142y kropk\u0119 nad i. <\/p>\n<p>Post\u0119powanie prezesa Biereckiego budzi powa\u017cne w\u0105tpliwo\u015bci, je\u015bli nie prawne, to etyczne. Za wszystko zap\u0142ac\u0105 podatnicy i klienci innych bank\u00f3w (fundusz gwarancyjny ju\u017c wyp\u0142aca\u0142 miliardy\u2026). <\/p>\n<p>Podobnie jak prezydent Gda\u0144ska tw\u00f3rca SKOK-\u00f3w zawiesi\u0142 si\u0119 w klubie parlamentarnym  PiS (nie mia\u0142 zreszt\u0105 innego wyj\u015bcia, bo prezes by\u0142by to zrobi\u0142 sam), ale w Senacie pozostaje. Szkoda, \u017ce na tym stanowisku nie mo\u017cna si\u0119 urlopowa\u0107\u2026 Wybory na szcz\u0119\u015bcie ju\u017c za p\u00f3\u0142 roku. Ciekawe, co o tym pisa\u0107 b\u0119d\u0105 \u201eniepokorni\u201d. Na razie portal niepokornych skupia si\u0119 na \u201ezbrodniach\u201d Adamowicza.<\/p>\n<p>I wreszcie Kamil Durczok. Komisja TVN stwierdzi\u0142a mobbing i molestowanie, stosunek pracy usta\u0142 ze skutkiem natychmiastowym, ofiary otrzymaj\u0105 odszkodowanie. Wiele os\u00f3b \u017ca\u0142uje Durczoka \u2013 zdolnego i popularnego dziennikarza. Nie znaj\u0105 jednak \u015bwiadectwa drugiej strony, kt\u00f3ra pozostaje anonimowa. <\/p>\n<p>Sprawa nie powinna si\u0119 jednak zako\u0144czy\u0107 na pogr\u0105\u017ceniu jednej osoby. Zgadzam si\u0119 z Jackiem \u017bakowskim, \u017ce winien jest system, przyzwolenie i milczenie w sytuacjach, kiedy nale\u017ca\u0142o reagowa\u0107. Z tego punktu widzenia brakuje akcentu samokrytyki w komunikacie TVN.<\/p>\n<p>W sumie mamy dni wzmo\u017cenia moralnego, kt\u00f3re oby zosta\u0142y zapami\u0119tane i nie min\u0119\u0142y bez \u015bladu.<\/p>\n","protected":false},"excerpt":{"rendered":"<p>Dop\u00f3ki nie zapad\u0142 prawomocny wyrok skazuj\u0105cy, ka\u017cdy jest niewinny, tak\u017ce Pawe\u0142 Adamowicz.<\/p>\n","protected":false},"author":4,"featured_media":0,"comment_status":"open","ping_status":"closed","sticky":false,"template":"","format":"standard","meta":{"footnotes":""},"categories":[1],"tags":[],"_links":{"self":[{"href":"https:\/\/blog.polityka.pl\/passent\/wp-json\/wp\/v2\/posts\/2812"}],"collection":[{"href":"https:\/\/blog.polityka.pl\/passent\/wp-json\/wp\/v2\/posts"}],"about":[{"href":"https:\/\/blog.polityka.pl\/passent\/wp-json\/wp\/v2\/types\/post"}],"author":[{"embeddable":true,"href":"https:\/\/blog.polityka.pl\/passent\/wp-json\/wp\/v2\/users\/4"}],"replies":[{"embeddable":true,"href":"https:\/\/blog.polityka.pl\/passent\/wp-json\/wp\/v2\/comments?post=2812"}],"version-history":[{"count":3,"href":"https:\/\/blog.polityka.pl\/passent\/wp-json\/wp\/v2\/posts\/2812\/revisions"}],"predecessor-version":[{"id":2815,"href":"https:\/\/blog.polityka.pl\/passent\/wp-json\/wp\/v2\/posts\/2812\/revisions\/2815"}],"wp:attachment":[{"href":"https:\/\/blog.polityka.pl\/passent\/wp-json\/wp\/v2\/media?parent=2812"}],"wp:term":[{"taxonomy":"category","embeddable":true,"href":"https:\/\/blog.polityka.pl\/passent\/wp-json\/wp\/v2\/categories?post=2812"},{"taxonomy":"post_tag","embeddable":true,"href":"https:\/\/blog.polityka.pl\/passent\/wp-json\/wp\/v2\/tags?post=2812"}],"curies":[{"name":"wp","href":"https:\/\/api.w.org\/{rel}","templated":true}]}}