
{"id":2818,"date":"2015-03-15T18:16:54","date_gmt":"2015-03-15T17:16:54","guid":{"rendered":"http:\/\/passent.blog.polityka.pl\/?p=2818"},"modified":"2015-03-15T18:34:28","modified_gmt":"2015-03-15T17:34:28","slug":"stajnia-augiasza","status":"publish","type":"post","link":"https:\/\/blog.polityka.pl\/passent\/2015\/03\/15\/stajnia-augiasza\/","title":{"rendered":"Stajnia Augiasza"},"content":{"rendered":"<p>Premier Kopacz jako szefowa Platformy wyra\u017anie przyspieszy\u0142a w sprawach zwanych \u015bwiatopogl\u0105dowymi.<br \/>\n<!--more--><br \/>\nPigu\u0142ka \u201enast\u0119pnego dnia\u201d zosta\u0142a zaakceptowana i trafi\u0142a do aptek. (W niekt\u00f3rych krajach Unii dla kobiet do pewnego wieku tabletka dost\u0119pna jest za darmo). Dalej: prezydent Komorowski, obywatelski kandydat Platformy Obywatelskiej, podpisa\u0142 ustaw\u0119, kt\u00f3ra umo\u017cliwia mu ratyfikacj\u0119 konwencji \u201eantyprzemocowej\u201d, i wypowiedzia\u0142 si\u0119 pochlebnie na jej temat. <\/p>\n<p>Dotychczas Komorowski pozostawa\u0142 w tej sprawie enigmatyczny, sugerowa\u0142 wr\u0119cz, \u017ce ode\u015ble konwencj\u0119 do Trybuna\u0142u Konstytucyjnego, bo nawet prof. Zoll ma w\u0105tpliwo\u015bci. Teraz prezydent m\u00f3wi, \u017ce nie widzi sprzeczno\u015bci konwencji z prawem. Nie jest wi\u0119c wykluczone, \u017ce prezydent ratyfikuje konwencj\u0119 na kr\u00f3tko przed wyborami 10 maja &#8211; tak \u017ceby zgarn\u0105\u0107 g\u0142osy lewicuj\u0105ce i skr\u00f3ci\u0107 do minimum okres ofensywy prawicowej, bo nie ulega w\u0105tpliwo\u015bci, \u017ce po ewentualnej ratyfikacji nast\u0105pi atak prawicy i Ko\u015bcio\u0142a. <\/p>\n<p>Poniewa\u017c jednak wi\u0119kszo\u015b\u0107 opinii publicznej popiera konwencj\u0119, Komorowski doszed\u0142 widocznie do wniosku, \u017ce wi\u0119cej zyska na lewicy, gdzie g\u0142osy s\u0105 rozproszone i \u201ebezpa\u0144skie\u201d, ni\u017c straci u wyborc\u00f3w centroprawicowych.<\/p>\n<p>Wreszcie rz\u0105d Ewy Kopacz skierowa\u0142 do Sejmu projekt ustawy o in vitro. Czy b\u0119dzie on przyj\u0119ty, i to przed 10 maja \u2013 trudno powiedzie\u0107, raczej nast\u0105pi to jesieni\u0105, przed wyborami parlamentarnymi, ale wszystko to \u015bwiadczy, \u017ce Platforma Ewy Kopacz zarzuci\u0142a sieci na elektorat centrolewicowy i nie jest tak wstrzemi\u0119\u017aliwa w sprawach \u015bwiatopogl\u0105dowych jak za czas\u00f3w Donalda Tuska.<\/p>\n<p>Jednym z g\u0142\u00f3wnych temat\u00f3w kampanii staje si\u0119 korupcja. Z jednej strony ataki na PiS za symbioz\u0119 ze SKOK (to afera rozwojowa, z udzia\u0142em prawicowych  polityk\u00f3w i medi\u00f3w), z drugiej &#8211; ataki na Platform\u0119 za b\u0142\u0119dy (?) w deklaracjach maj\u0105tkowych Paw\u0142a Adamowicza, prezydenta Gda\u0144ska, oraz  za bezczelne \u0142ap\u00f3wkarstwo \u0141ukasza K. \u2013 dzia\u0142acza PO w Piasecznie, kt\u00f3ry jednego dnia fotografowa\u0142 si\u0119 na spotkaniu mieszka\u0144c\u00f3w z prezydentem, a nazajutrz zosta\u0142 przy\u0142apany na gor\u0105cym uczynku, gdy przyjmowa\u0142 zaliczk\u0119 na \u0142ap\u00f3wk\u0119. <\/p>\n<p>To fakty dla Platformy co najmniej wstydliwe. Adamowicz + \u0141ukasz K. wzmacniaj\u0105 tez\u0119 o partii w\u0142adzy, kt\u00f3ra si\u0119 nieuczciwie bogaci. Wr\u0119cz trudno uwierzy\u0107, \u017ce prezydent Gda\u0144ska \u015bwiadomie zani\u017ca\u0142 dochody w deklaracji maj\u0105tkowej. Czy\u017cby cz\u0142owiek na tak wysokim stanowisku i z takim do\u015bwiadczeniem by\u0142 nie tylko na bakier z prawem, ale i by\u0142 tak lekkomy\u015blny, ba, naiwny, wierz\u0105c, \u017ce takie sprawy mo\u017cna ukry\u0107? <\/p>\n<p>A \u0141ukasz K., kt\u00f3ry przyjmuje \u0142ap\u00f3wk\u0119 od izraelskiego prawnika w eleganckim hotelu \u2013 to nie tylko przest\u0119pstwo, to straszna g\u0142upota! A go\u015b\u0107 podobno kr\u0119ci\u0142 Platform\u0105 w Piasecznie!<\/p>\n<p>Kampania si\u0119 rozkr\u0119ca, wi\u0119c i afer przybywa: Bierecki \u2013 SKOK &#8211; PiS, Adamowicz &#8211; \u0141ukasz K. \u2013 PO, to jeszcze nie koniec, media ju\u017c zapowiadaj\u0105 pikantne szczeg\u00f3\u0142y afery ta\u015bmowej. W czasie kampanii Polska wygl\u0105da jak stajnia Augiasza. Kto mia\u0142by j\u0105 posprz\u0105ta\u0107?<\/p>\n","protected":false},"excerpt":{"rendered":"<p>Premier Kopacz jako szefowa Platformy wyra\u017anie przyspieszy\u0142a w sprawach zwanych \u015bwiatopogl\u0105dowymi.<\/p>\n","protected":false},"author":4,"featured_media":0,"comment_status":"open","ping_status":"closed","sticky":false,"template":"","format":"standard","meta":{"footnotes":""},"categories":[1],"tags":[],"_links":{"self":[{"href":"https:\/\/blog.polityka.pl\/passent\/wp-json\/wp\/v2\/posts\/2818"}],"collection":[{"href":"https:\/\/blog.polityka.pl\/passent\/wp-json\/wp\/v2\/posts"}],"about":[{"href":"https:\/\/blog.polityka.pl\/passent\/wp-json\/wp\/v2\/types\/post"}],"author":[{"embeddable":true,"href":"https:\/\/blog.polityka.pl\/passent\/wp-json\/wp\/v2\/users\/4"}],"replies":[{"embeddable":true,"href":"https:\/\/blog.polityka.pl\/passent\/wp-json\/wp\/v2\/comments?post=2818"}],"version-history":[{"count":2,"href":"https:\/\/blog.polityka.pl\/passent\/wp-json\/wp\/v2\/posts\/2818\/revisions"}],"predecessor-version":[{"id":2821,"href":"https:\/\/blog.polityka.pl\/passent\/wp-json\/wp\/v2\/posts\/2818\/revisions\/2821"}],"wp:attachment":[{"href":"https:\/\/blog.polityka.pl\/passent\/wp-json\/wp\/v2\/media?parent=2818"}],"wp:term":[{"taxonomy":"category","embeddable":true,"href":"https:\/\/blog.polityka.pl\/passent\/wp-json\/wp\/v2\/categories?post=2818"},{"taxonomy":"post_tag","embeddable":true,"href":"https:\/\/blog.polityka.pl\/passent\/wp-json\/wp\/v2\/tags?post=2818"}],"curies":[{"name":"wp","href":"https:\/\/api.w.org\/{rel}","templated":true}]}}