
{"id":2822,"date":"2015-03-21T15:06:39","date_gmt":"2015-03-21T14:06:39","guid":{"rendered":"http:\/\/passent.blog.polityka.pl\/?p=2822"},"modified":"2015-03-21T15:32:08","modified_gmt":"2015-03-21T14:32:08","slug":"pralnia-czy-magiel","status":"publish","type":"post","link":"https:\/\/blog.polityka.pl\/passent\/2015\/03\/21\/pralnia-czy-magiel\/","title":{"rendered":"Pralnia czy magiel?"},"content":{"rendered":"<p>Kampania wyborcza to pralnia, w kt\u00f3rej Polska si\u0119 oczyszcza, czy raczej magiel, w kt\u00f3rym nasz kraj si\u0119 zanieczyszcza?<br \/>\n<!--more--><br \/>\nNiestety, jedno i drugie. Przy okazji w\u0105tpliwej dzia\u0142alno\u015bci senatora Biereckiego jaka\u015b przepierka SKOK-om si\u0119 nale\u017cy. 3,2 mld z\u0142otych to nawet nie jest przepierka, to wielkie pranie, kt\u00f3re b\u0119dzie jeszcze kosztowa\u0107, bo \u2013 jak s\u0142ycha\u0107 \u2013 kilka SKOK-\u00f3w b\u0119dzie jeszcze wymaga\u0142o kropl\u00f3wki z naszych pieni\u0119dzy. <\/p>\n<p>Tak\u017ce prezydent Gda\u0144ska Pawe\u0142 Adamowicz oraz dzia\u0142acz PO w Piasecznie \u0141ukasz K. zas\u0142uguj\u0105 na przepierk\u0119. Dobrze, \u017ce w praniu wychodz\u0105 plamy, niech to b\u0119dzie przestrog\u0105 dla innych.<\/p>\n<p>S\u0105 plamy, kt\u00f3re wywabi\u0107 trudno. Nale\u017c\u0105 do nich nieostro\u017cne s\u0142owa marsza\u0142ka Sikorskiego o 7 ofiarach \u015bmiertelnych i mo\u017cliwej \u017ca\u0142obie narodowej po zamachu w Tunisie. Mno\u017cenie ofiar bez pewno\u015bci co do stanu faktycznego powi\u0119ksza tylko koszmar rodzin (im wi\u0119cej zabitych, tym mniej nadziei) i wszystkich, kt\u00f3rzy przej\u0119li si\u0119 rozmiarami zbrodni. A spekulacje wok\u00f3\u0142 \u017ca\u0142oby narodowej niepotrzebne.<\/p>\n<p>Niestety, od pralni do magla tylko jeden krok. A w maglu smuta z powodu milion\u00f3w nagromadzonych przez braci Biereckich. Okazuje si\u0119, \u017ce wielkie pranie to \u201ezemsta uk\u0142adu\u201d, \u201ew\u0142adza popiera zagraniczny kapita\u0142, wykazuje nienawi\u015b\u0107 do polskich przedsi\u0119biorc\u00f3w\u201d (cytaty z portalu \u201ewpolityce\u201d). Wychodzi na to, \u017ce list szefa KNF do premiera i szef\u00f3w s\u0142u\u017cb to antypolska robota.<\/p>\n<p>A gdzie debata merytoryczna? Oto i ona. Pojawi\u0142a si\u0119 ju\u017c ksi\u0105\u017cka o tragicznym upadku III RP: \u201eWygaszanie Polski 1989-2015\u201d (Wyd. Bia\u0142y Kruk) \u2013 przyk\u0142ad dog\u0142\u0119bnej analizy naszej rzeczywisto\u015bci. Spis tre\u015bci zawiera ponad 20 \u201edogaszaczy\u201d i m\u00f3wi sam za siebie:<\/p>\n<p>Bogdan Chazan \u2013 wygaszanie s\u0142u\u017cby zdrowia.<br \/>\nPiotr Gli\u0144ski \u2013 wygaszanie spo\u0142ecze\u0144stwa obywatelskiego.<br \/>\nMarek Gr\u00f3barczyk \u2013 wygaszanie gospodarki morskiej.<br \/>\nAndrzej Jaworski \u2013 wygaszanie stoczni.<br \/>\nJanusz Kawecki \u2013 wygaszanie szkolnictwa wy\u017cszego.<br \/>\nGrzegorz Kwa\u015bniak \u2013 wygaszanie si\u0142 zbrojnych.<br \/>\nAntoni Macierewicz \u2013 wygaszanie obronno\u015bci.<br \/>\nAndrzej Nowak \u2013 wygaszanie pami\u0119ci narodowej.<br \/>\nDariusz Oko \u2013 wygaszanie rodziny.<br \/>\nMarek Sitarz \u2013 wygaszanie kolejnictwa.<br \/>\nWojciech Reszczy\u0144ski \u2013 wygaszanie polskich medi\u00f3w.<br \/>\nKrzysztof Szczerski \u2013 wygaszanie polskiej dyplomacji.<\/p>\n<p>Je\u017celi kto\u015b ma ochot\u0119 zapozna\u0107 si\u0119 nie tylko ze spisem tre\u015bci, to prosimy o wra\u017cenia. Czy to bardziej pralnia czy magiel? Przyjemnej lektury!  <\/p>\n<p>ZAPROSZENIE<br \/>\nPralnia czy magiel? Senator Aleksander POCIEJ (PO) i pose\u0142 Jaros\u0142aw SELLIN (PiS) b\u0119d\u0105 \u201eGo\u015b\u0107mi Passenta\u201d w Radiu TOK FM, jak zwykle we wtorek (24 marca) o godz. 20.05. Zapraszam!<\/p>\n","protected":false},"excerpt":{"rendered":"<p>Kampania wyborcza to pralnia, w kt\u00f3rej Polska si\u0119 oczyszcza, czy raczej magiel, w kt\u00f3rym nasz kraj si\u0119 zanieczyszcza?<\/p>\n","protected":false},"author":4,"featured_media":0,"comment_status":"open","ping_status":"closed","sticky":false,"template":"","format":"standard","meta":{"footnotes":""},"categories":[1],"tags":[],"_links":{"self":[{"href":"https:\/\/blog.polityka.pl\/passent\/wp-json\/wp\/v2\/posts\/2822"}],"collection":[{"href":"https:\/\/blog.polityka.pl\/passent\/wp-json\/wp\/v2\/posts"}],"about":[{"href":"https:\/\/blog.polityka.pl\/passent\/wp-json\/wp\/v2\/types\/post"}],"author":[{"embeddable":true,"href":"https:\/\/blog.polityka.pl\/passent\/wp-json\/wp\/v2\/users\/4"}],"replies":[{"embeddable":true,"href":"https:\/\/blog.polityka.pl\/passent\/wp-json\/wp\/v2\/comments?post=2822"}],"version-history":[{"count":4,"href":"https:\/\/blog.polityka.pl\/passent\/wp-json\/wp\/v2\/posts\/2822\/revisions"}],"predecessor-version":[{"id":2826,"href":"https:\/\/blog.polityka.pl\/passent\/wp-json\/wp\/v2\/posts\/2822\/revisions\/2826"}],"wp:attachment":[{"href":"https:\/\/blog.polityka.pl\/passent\/wp-json\/wp\/v2\/media?parent=2822"}],"wp:term":[{"taxonomy":"category","embeddable":true,"href":"https:\/\/blog.polityka.pl\/passent\/wp-json\/wp\/v2\/categories?post=2822"},{"taxonomy":"post_tag","embeddable":true,"href":"https:\/\/blog.polityka.pl\/passent\/wp-json\/wp\/v2\/tags?post=2822"}],"curies":[{"name":"wp","href":"https:\/\/api.w.org\/{rel}","templated":true}]}}