
{"id":2829,"date":"2015-03-29T22:27:18","date_gmt":"2015-03-29T20:27:18","guid":{"rendered":"http:\/\/passent.blog.polityka.pl\/?p=2829"},"modified":"2015-03-29T22:46:52","modified_gmt":"2015-03-29T20:46:52","slug":"nie-ma-tego-zlego","status":"publish","type":"post","link":"https:\/\/blog.polityka.pl\/passent\/2015\/03\/29\/nie-ma-tego-zlego\/","title":{"rendered":"Nie ma tego z\u0142ego\u2026"},"content":{"rendered":"<p>W czasach pocz\u0105tk\u00f3w motoryzacji m\u00f3wi\u0142o si\u0119 podobno (czy tak brzmia\u0142a reklama Forda?), \u017ce klient ma prawo wybra\u0107 samoch\u00f3d dowolnego koloru pod warunkiem, \u017ce b\u0119dzie to kolor czarny.<br \/>\n<!--more--><br \/>\nPodobnie jest z nasz\u0105 kampani\u0105 prezydenck\u0105. Jest ona tak zdominowana przez czarny PR, przez ch\u0119\u0107 zniszczenia rywala &#8211; tak \u017ce r\u00f3\u017cnice merytoryczne pomi\u0119dzy dwoma g\u0142\u00f3wnymi kandydatami praktycznie si\u0119 nie licz\u0105. Nawet tak bezsensowna propozycja Andrzeja Dudy jak cofni\u0119cie reformy emerytalnej nie jest przedmiotem debaty. Polityka wschodnia, obronna, podatkowa, historyczna \u2013 wszystko to le\u017cy od\u0142ogiem. <\/p>\n<p>A gdy podnoszony jest jaki\u015b temat pozornie merytoryczny, jak kwestia przyst\u0105pienia do strefy euro, czy co zrobi\u0107 z \u201efrankowiczami\u201d, to dyskusji te\u017c nie ma \u2013 Duda \u0142apie Komorowskiego za s\u0142owo, a ludzie prezydenta t\u0142umacz\u0105 jak komu\u015b m\u0105dremu rzecz tak banaln\u0105 jak ta, \u017ce na razie sprawa euro nieaktualna, bo nie spe\u0142niamy warunk\u00f3w, ale nale\u017cy do tego d\u0105\u017cy\u0107. I to by by\u0142o tyle meritum.<\/p>\n<p>W dziedzinie czarnego PR mistrzami s\u0105 byli cz\u0142onkowie PiS, zwani dzi\u015b zielonymi ludzikami prezesa, panowie Hofman i Kurski. Obaj bardzo staraj\u0105 si\u0119 powr\u00f3ci\u0107 do \u0142ask szefa partii, co wydaje si\u0119 przes\u0105dzone. Szkoda, \u017ceby tacy utalentowani politycy si\u0119 marnowali. <\/p>\n<p>Kurski biega\u0142 po studiach z fotografi\u0105 prezydenta w szemranym towarzystwie na premierze filmowej. Zbigniew Ziobro twierdzi w TVN, \u017ce win\u0119 za przekr\u0119ty w SKOK ponosi Platforma i prezydent Komorowski, bo to dzia\u0142o si\u0119 za ich rz\u0105d\u00f3w. \u2013 <em>Afera SKOK to afera Platformy i Komorowskiego<\/em> \u2013 m\u00f3wi.<\/p>\n<p>Hofman niewinnie \u201ezapyta\u0142\u201d prof. Na\u0142\u0119cza, czy jaki\u015b \u0142obuz ze SKOK Wo\u0142omin jest w komitecie honorowym prezydenta (zapyta\u0107 nie wolno?), za co Komorowski zaskar\u017cy\u0142 go do s\u0105du w trybie wyborczym (moim zdaniem s\u0142usznie), co jednak prawica uzna\u0142a natychmiast za ograniczanie wolno\u015bci s\u0142owa. <\/p>\n<p>Atak PiS idzie na rodzin\u0119 prezydenta, w tym na syna i te\u015bci\u00f3w. Niestety, te\u015b\u0107 Andrzeja Dudy te\u017c zosta\u0142 wci\u0105gni\u0119ty do kampanii (przez Newsweek), moim zdaniem niepotrzebnie.<\/p>\n<p>Wygl\u0105da na to, \u017ce konferencja prasowa Prokuratury Wojskowej zorganizowana zosta\u0142a nieprzypadkowo przed 5. rocznic\u0105 katastrofy smole\u0144skiej. Gdyby jej nie by\u0142o, pad\u0142yby oskar\u017cenia, \u017ce sprawa jest przeci\u0105gana, prawdziwe przyczyny katastrofy ukrywane etc. <\/p>\n<p>Oczywi\u015bcie ustalenia i wnioski prokurator\u00f3w nie przekonaj\u0105 wyznawc\u00f3w teorii zamachu. Dla europos\u0142a Czarneckiego polska prokuratura, obci\u0105\u017caj\u0105c win\u0105 m.in. pilot\u00f3w, upowszechnia wersj\u0119 gen. Anodiny. Na taki \u201eargument\u201d trudno odpowiedzie\u0107. R\u00f3wnie trudno oceni\u0107, jak wysoko si\u0119ga odpowiedzialno\u015b\u0107 polityczna za fatalne przygotowanie i przeprowadzenie lotu (samolot pe\u0142en VIP-\u00f3w, za\u0142oga bez uprawnie\u0144 itp). Czy obejmuje \u00f3wczesnego ministra obrony, premiera, Kancelari\u0119 Prezydenta, a nawet niekt\u00f3re ofiary? <\/p>\n<p>Co do tego pe\u0142nej zgody nigdy nie uda si\u0119 osi\u0105gn\u0105\u0107. Dla Platformy kr\u0105g odpowiedzialnych jest w\u0105ski, dla PiS \u2013 szeroki, ale po stronie rz\u0105du. Politycy wyczyniaj\u0105 \u0142ama\u0144ce. <\/p>\n<p>W \u201eSi\u00f3dmym dniu tygodnia\u201d (Radio Zet) Jaros\u0142aw Gowin wykonywa\u0142 rozmaite figury, m\u00f3wi\u0142, \u017ce co prawda on sam nie jest zwolennikiem teorii zamachowej, ale nie mo\u017cna jej wykluczy\u0107 (cho\u0107 prokuratura dawno to ju\u017c zrobi\u0142a). Krzysztof Gawkowski (SLD) z kolei opowiada\u0142 banialuki o tym, \u017ce za granic\u0105 kwesti\u0119 winy w katastrofie ustala si\u0119 i zamyka w \u201ekilka tygodni\u201d (!).<\/p>\n<p>Jak dotychczas kampania uchodzi za nudn\u0105 i mia\u0142k\u0105. Mo\u017cna si\u0119 tylko pociesza\u0107, \u017ce nie jest \u017ale, skoro \u017cadna wsp\u00f3\u0142czesna sprawa nie dr\u0119czy Polak\u00f3w do tego stopnia, \u017ceby zdominowa\u0107 kampani\u0119 prezydenck\u0105.<\/p>\n","protected":false},"excerpt":{"rendered":"<p>W czasach pocz\u0105tk\u00f3w motoryzacji m\u00f3wi\u0142o si\u0119 podobno (czy tak brzmia\u0142a reklama Forda?), \u017ce klient ma prawo wybra\u0107 samoch\u00f3d dowolnego koloru pod warunkiem, \u017ce b\u0119dzie to kolor czarny.<\/p>\n","protected":false},"author":4,"featured_media":0,"comment_status":"open","ping_status":"closed","sticky":false,"template":"","format":"standard","meta":{"footnotes":""},"categories":[1],"tags":[],"_links":{"self":[{"href":"https:\/\/blog.polityka.pl\/passent\/wp-json\/wp\/v2\/posts\/2829"}],"collection":[{"href":"https:\/\/blog.polityka.pl\/passent\/wp-json\/wp\/v2\/posts"}],"about":[{"href":"https:\/\/blog.polityka.pl\/passent\/wp-json\/wp\/v2\/types\/post"}],"author":[{"embeddable":true,"href":"https:\/\/blog.polityka.pl\/passent\/wp-json\/wp\/v2\/users\/4"}],"replies":[{"embeddable":true,"href":"https:\/\/blog.polityka.pl\/passent\/wp-json\/wp\/v2\/comments?post=2829"}],"version-history":[{"count":2,"href":"https:\/\/blog.polityka.pl\/passent\/wp-json\/wp\/v2\/posts\/2829\/revisions"}],"predecessor-version":[{"id":2832,"href":"https:\/\/blog.polityka.pl\/passent\/wp-json\/wp\/v2\/posts\/2829\/revisions\/2832"}],"wp:attachment":[{"href":"https:\/\/blog.polityka.pl\/passent\/wp-json\/wp\/v2\/media?parent=2829"}],"wp:term":[{"taxonomy":"category","embeddable":true,"href":"https:\/\/blog.polityka.pl\/passent\/wp-json\/wp\/v2\/categories?post=2829"},{"taxonomy":"post_tag","embeddable":true,"href":"https:\/\/blog.polityka.pl\/passent\/wp-json\/wp\/v2\/tags?post=2829"}],"curies":[{"name":"wp","href":"https:\/\/api.w.org\/{rel}","templated":true}]}}