
{"id":2833,"date":"2015-03-30T23:16:00","date_gmt":"2015-03-30T21:16:00","guid":{"rendered":"http:\/\/passent.blog.polityka.pl\/?p=2833"},"modified":"2015-03-30T23:39:23","modified_gmt":"2015-03-30T21:39:23","slug":"sadny-dzien-4","status":"publish","type":"post","link":"https:\/\/blog.polityka.pl\/passent\/2015\/03\/30\/sadny-dzien-4\/","title":{"rendered":"S\u0105dny dzie\u0144"},"content":{"rendered":"<p>Wyrok skazuj\u0105cy Mariusza Kami\u0144skiego, wiceprzewodnicz\u0105cego PiS oraz tw\u00f3rc\u0119 i by\u0142ego szefa CBA, wywo\u0142a\u0142 du\u017ce wra\u017cenie. Przyzwyczaili\u015bmy si\u0119 bowiem, \u017ce ekscesy IV RP pozosta\u0142y bezkarne, prawnie i politycznie nierozliczone. A\u017c tu nagle\u2026<br \/>\n<!--more--><br \/>\n3 lata pozbawienia wolno\u015bci i 10-letni zakaz sprawowania rozmaitych urz\u0119d\u00f3w dla znanego z bezkompromisowo\u015bci naczelnego szeryfa kraju w latach 2005-2009. Wyrok nie jest prawomocny. Na prawicy \u2013 oburzenie. \u201eRz\u0105dzi s\u0119dziowska oligarchia. Nadgorliwo\u015b\u0107 gorsza od faszyzmu\u201d. \u201eTo dzie\u0144 ha\u0144by polskiego wymiaru sprawiedliwo\u015bci. Wstydz\u0119 si\u0119 za polskie pa\u0144stwo\u201d (J. Gowin), \u201eKa\u017cda r\u0119ka podniesiona na korupcj\u0119, zw\u0142aszcza w s\u0105dach, zostanie odr\u0105bana\u201d. To tylko kilka tytu\u0142\u00f3w z jednego prawicowego portalu.<\/p>\n<p>Oburzenie na prawicy jest tak wielkie, \u017ce s\u0119dzia Wojciech \u0141\u0105czewski, a mo\u017ce i pozostali s\u0119dziowie tego sk\u0142adu, powinni pomy\u015ble\u0107 o ochronie, gdy\u017c jaki\u015b krewki oburzony mo\u017ce zrobi\u0107 im krzywd\u0119. Wkr\u00f3tce dowiemy si\u0119, \u017ce s\u0119dzia skazywa\u0142 w stanie wojennym (cho\u0107 jest s\u0119dzi\u0105 mniej ni\u017c 10 lat), jego rodzice byli w PZPR, a dziadkowie w KPP. Dobior\u0105 mu si\u0119 do sk\u00f3ry i do rodziny, podobnie jak to by\u0142o w przypadku s\u0119dziego Tuleyi. <\/p>\n<p>Na razie jeszcze w teczce s\u0119dziego niczego kompromituj\u0105cego nie znaleziono \u2013 przeciwnie, to on skaza\u0142 policjanta, kt\u00f3ry kopa\u0142 uczestnika Marszu Niepodleg\u0142o\u015bci, to on \u2013 wbrew prokuraturze \u2013 nie pozwoli\u0142 umorzy\u0107 \u015bledztwa w sprawie tak zwanego w\u0105tku cywilnego katastrofy smole\u0144skiej. Na razie \u017cadnych hak\u00f3w na s\u0119dziego nie znaleziono, ale poszukiwania trwaj\u0105&#8230;<\/p>\n<p>S\u0119dziowie bowiem zrobili co\u015b strasznego \u2013 wydali surowy wyrok za \u0142amanie prawa &#8211; w sprawie, kt\u00f3ra wlecze si\u0119 od lat i wszyscy si\u0119 ju\u017c przyzwyczaili, \u017ce Mariuszowi Kami\u0144skiemu w\u0142os z g\u0142owy nie spadnie, bo jest nieposzlakowany, Donald Tusk pozostawi\u0142 go na stanowisku jeszcze dwa lata po upadku rz\u0105du PiS and Co., jest jak Chodorkowski, jak \u017co\u0142nierze wykl\u0119ci, walczy\u0142 z Kwa\u015bniewskimi, wykry\u0142 afer\u0119 hazardow\u0105, ba &#8211; nie waha\u0142 si\u0119 walczy\u0107 z korupcj\u0105, nawet je\u015bli mog\u0142o to doprowadzi\u0107 do upadku gabinetu Kaczy\u0144skiego, Leppera i Giertycha.<\/p>\n<p>Po og\u0142oszeniu wyroku pos\u0142anka Beata Kempa kr\u00f3lowa\u0142a w najbardziej ogl\u0105danych programach \u201etelewizji g\u0142\u00f3wnego nurtu\u201d &#8211; TVN i TVP, u Moniki Olejnik i u Tomasza Lisa. Pozbawiona jakoby dost\u0119pu do medi\u00f3w, zakneblowana i sekowana prawica, zdominowa\u0142a opini\u0119 publiczn\u0105. Zag\u0142uszy\u0142a nawet artyku\u0142 prof. Ryszarda Bugaja (w \u201eRzeczpospolitej\u201d), \u017ce SKOK i Agora post\u0105pi\u0142y tak samo.<\/p>\n<p>Trudno komentowa\u0107 wyrok, nie b\u0119d\u0105c prawnikiem, nie znaj\u0105c prawa ani akt sprawy. Jednak komentowanie wyrok\u00f3w s\u0105dowych jest powszechne i chyba usprawiedliwione, gdy\u017c wyrok ma przecie\u017c by\u0107 wskaz\u00f3wk\u0105 dla spo\u0142ecze\u0144stwa. <\/p>\n<p>Ciekawy by\u0142 komentarz Janusza Kaczmarka, by\u0142ego ministra w rz\u0105dzie Jaros\u0142awa Kaczy\u0144skiego, wedle kt\u00f3rego Mariusz Kami\u0144ski potraktowany zosta\u0142 zbyt surowo, podczas gdy na \u0142awie oskar\u017conych powinni byli zasi\u0105\u015b\u0107 by\u0142y zast\u0119pca prokuratura generalnego Jerzy Engelking i by\u0142y minister sprawiedliwo\u015bci  Zbigniew Ziobro, kt\u00f3rzy umo\u017cliwiali bezprawne dzia\u0142ania CBA. <\/p>\n<p>Id\u0105c tym tropem mo\u017cna doj\u015b\u0107 do wniosku, \u017ce by\u0142 to s\u0105dny dzie\u0144 by\u0142ego premiera i IV RP. Na dodatek Adam Hofman przegra\u0142 spraw\u0119 w trybie wyborczym z prezydentem Komorowskim, chocia\u017c tylko \u201ezapyta\u0142\u201d prof. Na\u0142\u0119cza na wizji w TVN, czy to prawda, \u017ce w komitecie honorowym prezydenta jest pewna szemrana posta\u0107 ze SKOK. <\/p>\n<p>Wniosek: s\u0105 jeszcze s\u0119dziowie w Warszawie. A przed nami zapewne apelacja Mariusza Kami\u0144skiego i kolejne zmagania Temidy z IV RP. Mo\u017ce kiedy\u015b zostanie ukarana prawomocnie.<\/p>\n","protected":false},"excerpt":{"rendered":"<p>Wyrok skazuj\u0105cy Mariusza Kami\u0144skiego, wiceprzewodnicz\u0105cego PiS oraz tw\u00f3rc\u0119 i by\u0142ego szefa CBA, wywo\u0142a\u0142 du\u017ce wra\u017cenie. Przyzwyczaili\u015bmy si\u0119 bowiem, \u017ce ekscesy IV RP pozosta\u0142y bezkarne, prawnie i politycznie nierozliczone. A\u017c tu nagle\u2026<\/p>\n","protected":false},"author":4,"featured_media":0,"comment_status":"open","ping_status":"closed","sticky":false,"template":"","format":"standard","meta":{"footnotes":""},"categories":[1],"tags":[],"_links":{"self":[{"href":"https:\/\/blog.polityka.pl\/passent\/wp-json\/wp\/v2\/posts\/2833"}],"collection":[{"href":"https:\/\/blog.polityka.pl\/passent\/wp-json\/wp\/v2\/posts"}],"about":[{"href":"https:\/\/blog.polityka.pl\/passent\/wp-json\/wp\/v2\/types\/post"}],"author":[{"embeddable":true,"href":"https:\/\/blog.polityka.pl\/passent\/wp-json\/wp\/v2\/users\/4"}],"replies":[{"embeddable":true,"href":"https:\/\/blog.polityka.pl\/passent\/wp-json\/wp\/v2\/comments?post=2833"}],"version-history":[{"count":3,"href":"https:\/\/blog.polityka.pl\/passent\/wp-json\/wp\/v2\/posts\/2833\/revisions"}],"predecessor-version":[{"id":2837,"href":"https:\/\/blog.polityka.pl\/passent\/wp-json\/wp\/v2\/posts\/2833\/revisions\/2837"}],"wp:attachment":[{"href":"https:\/\/blog.polityka.pl\/passent\/wp-json\/wp\/v2\/media?parent=2833"}],"wp:term":[{"taxonomy":"category","embeddable":true,"href":"https:\/\/blog.polityka.pl\/passent\/wp-json\/wp\/v2\/categories?post=2833"},{"taxonomy":"post_tag","embeddable":true,"href":"https:\/\/blog.polityka.pl\/passent\/wp-json\/wp\/v2\/tags?post=2833"}],"curies":[{"name":"wp","href":"https:\/\/api.w.org\/{rel}","templated":true}]}}