
{"id":2839,"date":"2015-04-03T19:30:32","date_gmt":"2015-04-03T17:30:32","guid":{"rendered":"http:\/\/passent.blog.polityka.pl\/?p=2839"},"modified":"2015-04-03T20:01:46","modified_gmt":"2015-04-03T18:01:46","slug":"talent-potrzebuje-talentow","status":"publish","type":"post","link":"https:\/\/blog.polityka.pl\/passent\/2015\/04\/03\/talent-potrzebuje-talentow\/","title":{"rendered":"Talent potrzebuje talent\u00f3w"},"content":{"rendered":"<p>Czy to mo\u017cliwe, \u017ceby muzycy Filharmonii Narodowej zastrajkowali? I w og\u00f3le &#8211; co z t\u0105 kultur\u0105?<br \/>\n<!--more--><br \/>\nJedni twierdz\u0105, \u017ce jest niedo\u017cywiona, bo zarobki g\u0142odowe, a drudzy m\u00f3wi\u0105 odwrotnie &#8211; \u017ce kultura jest przekarmiona &#8211; i wymieniaj\u0105 wielkie inwestycje, od filharmonii szczeci\u0144skiej, poprzez nowoczesne sale w Katowicach i w Krakowie, a\u017c po oper\u0119 w Bia\u0142ymstoku. <\/p>\n<p>Mam wra\u017cenie, \u017ce jedno i drugie jest prawd\u0105, Europa funduje wielkie budowle, a pensje p\u0142aci Polska, czyli tak krawiec kraje\u2026 (ulubione powiedzenie Gomu\u0142ki). Polecam znakomity artyku\u0142 Tomasza Kwa\u015bniewskiego \u201eFrustracja d-moll\u201d (Du\u017cy Format), w kt\u00f3rym muzycy FN wylewaj\u0105 \u017cale, po czym minister kultury prof. Omilanowska m\u00f3wi, \u017ce i tak s\u0105 najlepiej op\u0142acani w Polsce. \u201eAle co  zrobi\u0107, \u017ceby ludzie kultury zarabiali wi\u0119cej?&#8221; \u2013 pyta reporter. \u2013 \u201eA co ja mog\u0119 zrobi\u0107, skoro ministerstwo kultury co roku dostaje od ministerstwa finans\u00f3w odmow\u0119 odblokowania funduszu osobowego. I to zreszt\u0105 dotyczy ca\u0142ej bud\u017cet\u00f3wki&#8221;&#8230;<\/p>\n<p>W innym miejscu pani minister m\u00f3wi, \u017ce pieni\u0105dze to nie wszystko: \u201e&#8230;o tym, czy w jakim\u015b kraju powstaje dobra sztuka, czy te\u017c nie, decyduje przede wszystkim talent i kreatywno\u015b\u0107 ludzi, kt\u00f3rzy za tym stoj\u0105. Narz\u0119dzia wsparcia, r\u00f3wnie\u017c finansowego, s\u0105 otwieraniem drzwi, ale wielki talent, umiej\u0119tno\u015bci, pozwalaj\u0105 si\u0119 przebi\u0107 nawet bez takiego wsparcia, czego dowodem s\u0105 wielkie kariery ludzi, kt\u00f3rzy si\u0119 urodzili na Sachalinie\u201d.<\/p>\n<p>Jak wiadomo, s\u0142owo \u201etalent\u201d ma dwa znaczenia: to nie tylko uzdolnienia, ale r\u00f3wnie\u017c staro\u017cytna miara wagi i pieni\u0105dza. Zgadzaj\u0105c si\u0119 z pani\u0105 minister, \u017ce wa\u017cniejszy jest talent od talent\u00f3w, proponuj\u0119 jednak robi\u0107 raban, \u017ce tych talent\u00f3w na talenty jest w Polsce za ma\u0142o, co jest win\u0105 nie tylko ministerstwa finans\u00f3w, ale i samorz\u0105d\u00f3w, bo to one finansuj\u0105 gros kultury. <\/p>\n<p>Poprzedni minister, Bogdan Zdrojewski, s\u0142usznie by\u0142 dumny z wielkich inwestycji, jakie przypad\u0142y na jego kadencj\u0119, ale czy robi\u0142 niezb\u0119dny raban? Czy stara\u0142 si\u0119 wystarczaj\u0105co, \u017ceby z r\u0105k pan\u00f3w Rostowskiego i Tuska wyrwa\u0107 niezb\u0119dne \u015brodki na kultur\u0119? Czy te\u017c obowi\u0105zywa\u0142a zasada \u201e\u017cyj i daj \u017cy\u0107\u201d?<\/p>\n<p>\u201eW ci\u0105gu sze\u015bciu lat nie mia\u0142em ani jednej interwencji szefa w sprawie mojego obszaru \u2013 m\u00f3wi\u0142 minister. &#8211; Ani telefonicznej, ani osobistej. Indywidualnie spotykam si\u0119 z nim niezwykle rzadko\u201d. Smutna to jest wypowied\u017a, bo co prawda \u015bwiadczy, \u017ce premier Tusk nie wywiera\u0142 \u017cadnych nacisk\u00f3w, ale z drugiej strony \u2013 ma\u0142o go to obchodzi\u0142o, a nie naciska\u0142 te\u017c minister. Zamiast robi\u0107 raban woleli \u015bwi\u0119ty spok\u00f3j.<\/p>\n<p>Z okazji \u015bwi\u0105t blogowiczkom i blogowiczom \u015bwi\u0119tego spokoju \u017cyczy gospodarz.<\/p>\n","protected":false},"excerpt":{"rendered":"<p>Czy to mo\u017cliwe, \u017ceby muzycy Filharmonii Narodowej zastrajkowali? I w og\u00f3le &#8211; co z t\u0105 kultur\u0105?<\/p>\n","protected":false},"author":4,"featured_media":0,"comment_status":"open","ping_status":"closed","sticky":false,"template":"","format":"standard","meta":{"footnotes":""},"categories":[1],"tags":[],"_links":{"self":[{"href":"https:\/\/blog.polityka.pl\/passent\/wp-json\/wp\/v2\/posts\/2839"}],"collection":[{"href":"https:\/\/blog.polityka.pl\/passent\/wp-json\/wp\/v2\/posts"}],"about":[{"href":"https:\/\/blog.polityka.pl\/passent\/wp-json\/wp\/v2\/types\/post"}],"author":[{"embeddable":true,"href":"https:\/\/blog.polityka.pl\/passent\/wp-json\/wp\/v2\/users\/4"}],"replies":[{"embeddable":true,"href":"https:\/\/blog.polityka.pl\/passent\/wp-json\/wp\/v2\/comments?post=2839"}],"version-history":[{"count":3,"href":"https:\/\/blog.polityka.pl\/passent\/wp-json\/wp\/v2\/posts\/2839\/revisions"}],"predecessor-version":[{"id":2841,"href":"https:\/\/blog.polityka.pl\/passent\/wp-json\/wp\/v2\/posts\/2839\/revisions\/2841"}],"wp:attachment":[{"href":"https:\/\/blog.polityka.pl\/passent\/wp-json\/wp\/v2\/media?parent=2839"}],"wp:term":[{"taxonomy":"category","embeddable":true,"href":"https:\/\/blog.polityka.pl\/passent\/wp-json\/wp\/v2\/categories?post=2839"},{"taxonomy":"post_tag","embeddable":true,"href":"https:\/\/blog.polityka.pl\/passent\/wp-json\/wp\/v2\/tags?post=2839"}],"curies":[{"name":"wp","href":"https:\/\/api.w.org\/{rel}","templated":true}]}}