
{"id":2889,"date":"2015-05-21T23:35:25","date_gmt":"2015-05-21T21:35:25","guid":{"rendered":"http:\/\/passent.blog.polityka.pl\/?p=2889"},"modified":"2015-05-22T02:18:30","modified_gmt":"2015-05-22T00:18:30","slug":"leb-w-leb","status":"publish","type":"post","link":"https:\/\/blog.polityka.pl\/passent\/2015\/05\/21\/leb-w-leb\/","title":{"rendered":"\u0141eb w \u0142eb"},"content":{"rendered":"<p>Druga debata prezydencka nie b\u0119dzie mia\u0142a istotnego wp\u0142ywu na szanse Bronis\u0142awa Komorowskiego i Andrzeja Dudy na prezydentur\u0119. <!--more-->Debata by\u0142a bardziej wyr\u00f3wnana ni\u017c poprzednia, przewaga urz\u0119duj\u0105cego prezydenta by\u0142a niewielka. Nikt nie pope\u0142ni\u0142 gafy ani nie zada\u0142 decyduj\u0105cego ciosu.<\/p>\n<p>Obie strony mog\u0105 by\u0107 zadowolone ze swoich kandydat\u00f3w. Duda si\u0119 podci\u0105gn\u0105\u0142, by\u0142 spokojniejszy i lepiej przygotowany ni\u017c w pierwszej debacie. Komorowski potwierdzi\u0142 sw\u00f3j format prezydencki, dobrze m\u00f3wi\u0142 o pa\u0144stwie neutralnym \u015bwiatopogl\u0105dowo, o Jedwabnem, pyta\u0142, dlaczego pose\u0142 Duda wstrzyma\u0142 si\u0119 od g\u0142osu w sprawie god\u0142a, krytykowa\u0142 swojego adwersarza za jego stosunek do konwencji antyprzemocowej, rozs\u0105dnie wypowiada\u0142 si\u0119 w sprawie \u201erepolonizacji\u201d bank\u00f3w i wsparciu \u201efrankowicz\u00f3w\u201d, nie zapomnia\u0142 o SKOK-ach i sen. Biereckim, od czasu do czasu by\u0142 zaczepny, m.in. w sprawie \u201e\u015bredniowiecznych\u201d pogl\u0105d\u00f3w Krzysztofa Szczerskiego \u2013 kandydata na ministra spraw zagranicznych lub ministra w Kancelarii Prezydenta, oraz pani prof. Paw\u0142owicz.<\/p>\n<p>Andrzej Duda co prawda z jednej strony przedstawia\u0142 si\u0119 jako prezydent dialogu, ale z drugiej by\u0142 mocno zaczepny \u2013 w sprawie wraku i czarnych skrzynek, w sprawie \u201epartyjnego prezydenta\u201d Komorowskiego, najnowszych inicjatyw wyborczych prezydenta (referendum, 40 lat sta\u017cu pracy do emerytury), krytykowa\u0142 frekwencj\u0119 na spotkaniu w Westerplatte, \u201epyta\u0142\u201d, jak \u017cy\u0107 za 1700 z\u0142otych, \u017ca\u0142owa\u0142 mieszka\u0144c\u00f3w \u015awidnika cierpi\u0105cych z powodu decyzji o zakupie \u015bmig\u0142owc\u00f3w Airbusa.<\/p>\n<p>W Europie domaga\u0142 si\u0119 jakiego\u015b bli\u017cej nieokre\u015blonego \u201epolskiego nurtu\u201d i \u201enie godzi\u0142\u201d si\u0119 na drugorz\u0119dny status Polski . W odr\u00f3\u017cnieniu od pierwszej debaty Duda ani razu nie powiedzia\u0142 \u201eprezydent Komorowski\u201d, tylko \u201epan Bronis\u0142aw Komorowski\u201d. Z kolei prezydent zwraca\u0142 si\u0119 per \u201epanie europo\u015ble\u201d lub \u201epan pose\u0142\u201d.<\/p>\n<p>Obaj politycy byli wstrzemi\u0119\u017aliwi w wypowiedziach na temat Rosji i Putina.<\/p>\n<p> Ka\u017cdy z uczestnik\u00f3w debaty zadowoli\u0142 swoich zwolennik\u00f3w, ale trudno powiedzie\u0107, kt\u00f3ry przyci\u0105gn\u0105\u0142 wi\u0119cej sierot po Kukizie oraz tych, kt\u00f3rzy nie g\u0142osowali w I turze. Na ostatniej prostej obaj id\u0105 \u0142eb w \u0142eb. Ja mam wi\u0119ksze zaufanie do Komorowskiego, ale mam tylko jeden g\u0142os.<\/p>\n","protected":false},"excerpt":{"rendered":"<p>Druga debata prezydencka nie b\u0119dzie mia\u0142a istotnego wp\u0142ywu na szanse Bronis\u0142awa Komorowskiego i Andrzeja Dudy na prezydentur\u0119.<\/p>\n","protected":false},"author":4,"featured_media":0,"comment_status":"open","ping_status":"closed","sticky":false,"template":"","format":"standard","meta":{"footnotes":""},"categories":[1],"tags":[],"_links":{"self":[{"href":"https:\/\/blog.polityka.pl\/passent\/wp-json\/wp\/v2\/posts\/2889"}],"collection":[{"href":"https:\/\/blog.polityka.pl\/passent\/wp-json\/wp\/v2\/posts"}],"about":[{"href":"https:\/\/blog.polityka.pl\/passent\/wp-json\/wp\/v2\/types\/post"}],"author":[{"embeddable":true,"href":"https:\/\/blog.polityka.pl\/passent\/wp-json\/wp\/v2\/users\/4"}],"replies":[{"embeddable":true,"href":"https:\/\/blog.polityka.pl\/passent\/wp-json\/wp\/v2\/comments?post=2889"}],"version-history":[{"count":2,"href":"https:\/\/blog.polityka.pl\/passent\/wp-json\/wp\/v2\/posts\/2889\/revisions"}],"predecessor-version":[{"id":2891,"href":"https:\/\/blog.polityka.pl\/passent\/wp-json\/wp\/v2\/posts\/2889\/revisions\/2891"}],"wp:attachment":[{"href":"https:\/\/blog.polityka.pl\/passent\/wp-json\/wp\/v2\/media?parent=2889"}],"wp:term":[{"taxonomy":"category","embeddable":true,"href":"https:\/\/blog.polityka.pl\/passent\/wp-json\/wp\/v2\/categories?post=2889"},{"taxonomy":"post_tag","embeddable":true,"href":"https:\/\/blog.polityka.pl\/passent\/wp-json\/wp\/v2\/tags?post=2889"}],"curies":[{"name":"wp","href":"https:\/\/api.w.org\/{rel}","templated":true}]}}