
{"id":2893,"date":"2015-05-25T00:16:35","date_gmt":"2015-05-24T22:16:35","guid":{"rendered":"http:\/\/passent.blog.polityka.pl\/?p=2893"},"modified":"2015-05-25T00:57:56","modified_gmt":"2015-05-24T22:57:56","slug":"prezydent-duda","status":"publish","type":"post","link":"https:\/\/blog.polityka.pl\/passent\/2015\/05\/25\/prezydent-duda\/","title":{"rendered":"Prezydent Duda"},"content":{"rendered":"<p>Andrzej Duda i jego zwolennicy zdecydowanie wygrali wybory. Nale\u017c\u0105 im si\u0119 gratulacje, wyrazy uznania i obietnice wsp\u00f3\u0142pracy dla wsp\u00f3lnego dobra.<br \/>\n<!--more--><br \/>\nPierwsze wypowiedzi obu rywali by\u0142y eleganckie. Oby tak dalej! Przyczyny zwyci\u0119stwa kandydata konserwatywnej opozycji s\u0105 wielorakie i by\u0142y ju\u017c wymieniane.<\/p>\n<p>Wybory prezydenckie przekszta\u0142ci\u0142y si\u0119 w plebiscyt na temat rz\u0105d\u00f3w koalicji PO\u2013PSL. Mimo \u017ce Polska prze\u017cywa dobry okres (najwy\u017cszy \u0142\u0105czny przyrost PKB w latach 2007\u20132014 w Unii Europejskiej), silnie odczuwane jest znu\u017cenie i zniecierpliwienie, potrzeba zmiany. <\/p>\n<p>W wa\u017cnych dziedzinach, takich jak ochrona zdrowia, wymiar sprawiedliwo\u015bci, edukacja, poprawa nie jest zadowalaj\u0105ca. Oczekiwania s\u0105 rozbudzone, mo\u017cliwo\u015bci ich zaspokojenia &#8211; mniejsze. W obozie rz\u0105dz\u0105cym zapanowa\u0142o zm\u0119czenie, wyczerpanie, brak nowych idei w sytuacji, kiedy ciep\u0142a woda w kranach jest czym\u015b oczywistym i niewystarczaj\u0105cym. M\u0142odzi wyborcy, w warunkach wysokiego w tej grupie bezrobocia, nie czuli si\u0119 spokojni o swoj\u0105 przysz\u0142o\u015b\u0107. Do tego trzeba doda\u0107 afery i skandale. Bronis\u0142aw Komorowski zap\u0142aci\u0142 za to wszystko utrat\u0105 najwa\u017cniejszego urz\u0119du w kraju.<\/p>\n<p>Prezydent Komorowski jeszcze kilka miesi\u0119cy temu cieszy\u0142 si\u0119 bardzo wysokim uznaniem. Poparcie dla niego mala\u0142o w spos\u00f3b dramatyczny, przede wszystkim z powodu sp\u00f3\u017anionej i fatalnej kampanii. <\/p>\n<p>W miar\u0119 pe\u0142nienia swojego urz\u0119du prezydent oddala\u0142 si\u0119 od wyborc\u00f3w, nie znalaz\u0142 \u201echemii\u201d ze zwolennikami zmian, u\u015bpi\u0142 swoich zwolennik\u00f3w. Pope\u0142ni\u0142 tak\u017ce kilka b\u0142\u0119d\u00f3w, np. zapowiadaj\u0105c referendum w sprawach ustrojowych (JOW-y, referenda, finansowanie partii politycznych, rozstrzyganie w\u0105tpliwo\u015bci podatkowych). <\/p>\n<p>Has\u0142a wyborcze prezydenta (zgoda i bezpiecze\u0144stwo) nie trafia\u0142y do wyborc\u00f3w, z kt\u00f3rych wi\u0119kszo\u015b\u0107 nie par\u0142a do zgody, tylko do zmiany, i nie czu\u0142a si\u0119 niebezpiecznie. Gesty \u015bwiatopogl\u0105dowe (podpisanie konwencji antyprzemocowej, zgoda na in vitro) okaza\u0142y si\u0119 niewystarczaj\u0105ce, jasna postawa w sprawie stosunk\u00f3w pa\u0144stwo\u2013ko\u015bcio\u0142y pobudzi\u0142y duchowie\u0144stwo przeciwko prezydentowi.<\/p>\n<p>Swoje zrobi\u0142a te\u017c kampania nienawi\u015bci wobec Bronis\u0142awa Komorowskiego, nieprzerwana od chwili obj\u0119cia przeze\u0144 urz\u0119du. Zgubna dla obyczaj\u00f3w politycznych w naszym kraju. Rz\u0105d koalicji PO\u2013PSL tak\u017ce nie jest porywaj\u0105cy, raczej administruje, ni\u017c inspiruje.<\/p>\n<p>Andrzej Duda okaza\u0142 si\u0119 nadspodziewanie dobrym kandydatem. W ci\u0105gu kilku miesi\u0119cy z polityka trzeciego rz\u0119du wybi\u0142 si\u0119 na prezydentur\u0119. Inteligentny, wykszta\u0142cony, m\u0142ody, znacznie m\u0142odszy od pokolenia prezydenta i jego otoczenia w pa\u0142acu. Z rodzin\u0105 jak z obrazka. Dobry m\u00f3wca i polemista, nie stroni od demagogii i greps\u00f3w w rodzaju wr\u0119czenia chor\u0105giewki Platformy swojemu antagoni\u015bcie. <\/p>\n<p>Polityk zdyscyplinowany, kt\u00f3ry w pierwszej debacie zwraca\u0142 si\u0119 do Komorowskiego per \u201epanie prezydencie\u201d, w drugiej debacie m\u00f3wi\u0142 ju\u017c wy\u0142\u0105cznie per \u201epan\u201d. Andrzej Duda okaza\u0142 si\u0119 kandydatem bardzo pracowitym, od pierwszej do ostatniej chwili. Okaza\u0142 si\u0119 tak\u017ce bardzo hojny w obietnicach, kt\u00f3re rozdawa\u0142 na lewo i na prawo. Najwa\u017cniejsza z nich, skr\u00f3cenie wieku emerytalnego, by\u0142aby zab\u00f3jcza. <\/p>\n<p>\u0141\u0105cznie obietnice poczynione przez Andrzeja Dud\u0119 obliczane s\u0105 na ponad 200 mld z\u0142otych, tego \u017caden bud\u017cet nie wytrzyma. Obietnice dla g\u00f3rnik\u00f3w i nierentownych kopal\u0144. Bud\u017cet drogo zap\u0142aci za zwyci\u0119stwo kandydata PiS.<\/p>\n<p>Andrzej Duda jest politykiem konserwatywnym, za nim stoi Prawo i Sprawiedliwo\u015b\u0107, mo\u017cna oczekiwa\u0107 zmian w dziedzinie \u201enadbudowy\u201d \u2013 historia, Smole\u0144sk, katecheza na \u015bwiadectwie maturalnym, uzale\u017cnienie polityki od Ko\u015bcio\u0142a, zapowied\u017a utworzenia jeszcze jednej, odr\u0119bnej instytucji do obrony dobrego imienia \u2013 wszystko to przed nami.<\/p>\n<p>Przed nami tak\u017ce odpowied\u017a na pytanie, w jaki spos\u00f3b sukces Andrzeja Dudy i opozycji wp\u0142ynie na wybory parlamentarne. Czy ob\u00f3z w\u0142adzy otrz\u0105\u015bnie si\u0119 po ciosie, jaki otrzyma\u0142?<\/p>\n","protected":false},"excerpt":{"rendered":"<p>Andrzej Duda i jego zwolennicy zdecydowanie wygrali wybory. Nale\u017c\u0105 im si\u0119 gratulacje, wyrazy uznania i obietnice wsp\u00f3\u0142pracy dla wsp\u00f3lnego dobra.<\/p>\n","protected":false},"author":4,"featured_media":0,"comment_status":"open","ping_status":"closed","sticky":false,"template":"","format":"standard","meta":{"footnotes":""},"categories":[1],"tags":[],"_links":{"self":[{"href":"https:\/\/blog.polityka.pl\/passent\/wp-json\/wp\/v2\/posts\/2893"}],"collection":[{"href":"https:\/\/blog.polityka.pl\/passent\/wp-json\/wp\/v2\/posts"}],"about":[{"href":"https:\/\/blog.polityka.pl\/passent\/wp-json\/wp\/v2\/types\/post"}],"author":[{"embeddable":true,"href":"https:\/\/blog.polityka.pl\/passent\/wp-json\/wp\/v2\/users\/4"}],"replies":[{"embeddable":true,"href":"https:\/\/blog.polityka.pl\/passent\/wp-json\/wp\/v2\/comments?post=2893"}],"version-history":[{"count":3,"href":"https:\/\/blog.polityka.pl\/passent\/wp-json\/wp\/v2\/posts\/2893\/revisions"}],"predecessor-version":[{"id":2896,"href":"https:\/\/blog.polityka.pl\/passent\/wp-json\/wp\/v2\/posts\/2893\/revisions\/2896"}],"wp:attachment":[{"href":"https:\/\/blog.polityka.pl\/passent\/wp-json\/wp\/v2\/media?parent=2893"}],"wp:term":[{"taxonomy":"category","embeddable":true,"href":"https:\/\/blog.polityka.pl\/passent\/wp-json\/wp\/v2\/categories?post=2893"},{"taxonomy":"post_tag","embeddable":true,"href":"https:\/\/blog.polityka.pl\/passent\/wp-json\/wp\/v2\/tags?post=2893"}],"curies":[{"name":"wp","href":"https:\/\/api.w.org\/{rel}","templated":true}]}}