
{"id":2897,"date":"2015-05-27T23:16:40","date_gmt":"2015-05-27T21:16:40","guid":{"rendered":"http:\/\/passent.blog.polityka.pl\/?p=2897"},"modified":"2015-05-28T08:22:15","modified_gmt":"2015-05-28T06:22:15","slug":"autostrada-do-wladzy","status":"publish","type":"post","link":"https:\/\/blog.polityka.pl\/passent\/2015\/05\/27\/autostrada-do-wladzy\/","title":{"rendered":"Autostrad\u0105 do w\u0142adzy"},"content":{"rendered":"<p>Trzecia Rzeczpospolita (w du\u017cej mierze za pieni\u0105dze unijne) zbudowa\u0142a szerokie autostrady, kt\u00f3rymi Czwarta RP mknie niepowstrzymana do w\u0142adzy. Trzecia RP umiera w du\u017cym stopniu na w\u0142asne \u017cyczenie.<br \/>\n<!--more--><br \/>\nPewno\u015b\u0107 siebie, arogancja, zm\u0119czenie \u2013 wszystko to \u015bwiadczy o jej dekadencji. W\u0142os si\u0119 je\u017cy na g\u0142owie, kiedy my\u015bli si\u0119 o nieudolno\u015bci i s\u0142abo\u015bci wyczerpanego obozu w\u0142adzy. <\/p>\n<p>Fatalne afery, kompromituj\u0105ce ta\u015bmy, nieudolna kampania prezydencka i kr\u0119puj\u0105ce reakcje na przegran\u0105. Pose\u0142 i minister Biernat, kt\u00f3ry nazajutrz po pora\u017cce prezydenta Komorowskiego zdystansowa\u0142 si\u0119 od niego, powinien si\u0119 wstydzi\u0107. To\u017c to poziom Leszka Millera i Magdaleny Og\u00f3rek, kt\u00f3rzy nie maj\u0105 odwagi uderzy\u0107 si\u0119 w piersi. Wszyscy oni powinni odej\u015b\u0107. Minister sportu (!), kt\u00f3ry nie umie honorowo znie\u015b\u0107 pora\u017cki \u2013 to\u017c to kpina.<\/p>\n<p>Niestety, winnych jest wi\u0119cej. Prezydent i Platforma nie znale\u017ali wsp\u00f3lnego j\u0119zyka przed wyborami. Bronis\u0142aw Komorowski (podobnie jak dzi\u015b Andrzej Duda) chcia\u0142 by\u0107 prezydentem wszystkich Polak\u00f3w, ale za Dud\u0105 stoi partia silna, zwarta, zdeterminowana, mocna w terenie, dysponuj\u0105ca zaanga\u017cowanym aktywem, a obok nich &#8211; rozentuzjazmowani kibice Kukiza. Ich has\u0142o: Precz ze status quo! Naprzeciwko nich drzema\u0142y senne, t\u0142uste koty, sympatycy bez ognia, bez z\u0142o\u015bci, bez energii.<\/p>\n<p>Wiele wskazuje na to, \u017ce Trzecia RP, liberalna, otwarta, dosy\u0107 tolerancyjna, czasami nieudolna i niekonsekwentna, dobiega ko\u0144ca. Wiele wskazuje na to, \u017ce w przysz\u0142ym Sejmie wi\u0119kszo\u015b\u0107 b\u0119dzie mia\u0142a prawicowa koalicja PiS + Ruch Kukiza. Cho\u0107 nie mo\u017cna wykluczy\u0107 niespodzianki. <\/p>\n<p>Silna w\u0142adza wykonawcza, silny prezydent, rz\u0105dowa prokuratura, prawo a la panowie Gowin i Kr\u00f3likowski, kultura z naciskiem na dziedzictwo, dziedzictwo z naciskiem na narodowe, odr\u0119bny urz\u0105d do obrony dobrego imienia, ocena z religii na \u015bwiadectwie maturalnym, rozliczenie winnych \u201ezamachu\u201d smole\u0144skiego, odwojowane s\u0142u\u017cby i media publiczne, ale mo\u017ce te\u017c strach przed dawaniem i braniem \u0142ap\u00f3wek, przed ostentacyjn\u0105 konsumpcj\u0105, nowe muzea (w tym Muzeum Historii Polski), nowe tre\u015bci podr\u0119cznik\u00f3w, wi\u0119cej pieni\u0119dzy na kultur\u0119 patriotyczn\u0105 i prawomy\u015blne czasopisma, bli\u017cszy sojusz o\u0142tarza i tronu.<\/p>\n<p>Wiele os\u00f3b zadaje sobie pytanie: jaki b\u0119dzie prezydent Duda? Wizyty pierwszego dnia: Jasna G\u00f3ra, Wawel, kwiaty dla Rotmistrza Pileckiego, pomnik na Krakowskim Przedmie\u015bciu &#8211; to pierwsze sygna\u0142y, \u017ce rewolucji nie b\u0119dzie.<\/p>\n","protected":false},"excerpt":{"rendered":"<p>Trzecia Rzeczpospolita (w du\u017cej mierze za pieni\u0105dze unijne) zbudowa\u0142a szerokie autostrady, kt\u00f3rymi Czwarta RP mknie niepowstrzymana do w\u0142adzy. Trzecia RP umiera w du\u017cym stopniu na w\u0142asne \u017cyczenie.<\/p>\n","protected":false},"author":4,"featured_media":0,"comment_status":"open","ping_status":"closed","sticky":false,"template":"","format":"standard","meta":{"footnotes":""},"categories":[1],"tags":[],"_links":{"self":[{"href":"https:\/\/blog.polityka.pl\/passent\/wp-json\/wp\/v2\/posts\/2897"}],"collection":[{"href":"https:\/\/blog.polityka.pl\/passent\/wp-json\/wp\/v2\/posts"}],"about":[{"href":"https:\/\/blog.polityka.pl\/passent\/wp-json\/wp\/v2\/types\/post"}],"author":[{"embeddable":true,"href":"https:\/\/blog.polityka.pl\/passent\/wp-json\/wp\/v2\/users\/4"}],"replies":[{"embeddable":true,"href":"https:\/\/blog.polityka.pl\/passent\/wp-json\/wp\/v2\/comments?post=2897"}],"version-history":[{"count":5,"href":"https:\/\/blog.polityka.pl\/passent\/wp-json\/wp\/v2\/posts\/2897\/revisions"}],"predecessor-version":[{"id":2902,"href":"https:\/\/blog.polityka.pl\/passent\/wp-json\/wp\/v2\/posts\/2897\/revisions\/2902"}],"wp:attachment":[{"href":"https:\/\/blog.polityka.pl\/passent\/wp-json\/wp\/v2\/media?parent=2897"}],"wp:term":[{"taxonomy":"category","embeddable":true,"href":"https:\/\/blog.polityka.pl\/passent\/wp-json\/wp\/v2\/categories?post=2897"},{"taxonomy":"post_tag","embeddable":true,"href":"https:\/\/blog.polityka.pl\/passent\/wp-json\/wp\/v2\/tags?post=2897"}],"curies":[{"name":"wp","href":"https:\/\/api.w.org\/{rel}","templated":true}]}}