
{"id":2910,"date":"2015-06-08T17:04:17","date_gmt":"2015-06-08T15:04:17","guid":{"rendered":"http:\/\/passent.blog.polityka.pl\/?p=2910"},"modified":"2015-06-08T18:47:37","modified_gmt":"2015-06-08T16:47:37","slug":"przechyl-na-prawa-burte","status":"publish","type":"post","link":"https:\/\/blog.polityka.pl\/passent\/2015\/06\/08\/przechyl-na-prawa-burte\/","title":{"rendered":"Przechy\u0142 na praw\u0105 burt\u0119"},"content":{"rendered":"<p>Na pierwszy rzut oka mo\u017ce si\u0119 wydawa\u0107, \u017ce na scenie politycznej panuje chaos.<br \/>\n<!--more--><br \/>\nNie wiadomo na przyk\u0142ad, czy i jaka zawi\u0105\u017ce si\u0119 koalicja rz\u0105dz\u0105ca po wyborach parlamentarnych. W powietrzu lataj\u0105 nazwiska przysz\u0142ego premiera: Kaczy\u0144ski, Kukiz, Szyd\u0142o\u2026 Niby wielkie zamieszanie, ale co\u015b si\u0119 jednak wy\u0142ania: przede wszystkim rosn\u0105ca przewaga prawicy. <\/p>\n<p>(Wiem, wiem, dok\u0142adna definicja prawicy jest niemo\u017cliwa, ba, s\u0105 tacy, kt\u00f3rzy uwa\u017caj\u0105, \u017ce podzia\u0142 na lewic\u0119 i prawic\u0119 ju\u017c nie istnieje, ale ja do nich nie nale\u017c\u0119). <\/p>\n<p>A teraz fakty. Wyb\u00f3r dra Andrzeja Dudy \u2013 kandydata zjednoczonej prawicy &#8211; na stanowisko prezydenta dowodzi, \u017ce najwy\u017cszy urz\u0105d w kraju przesuwa si\u0119 na prawo. Bronis\u0142aw Komorowski jest politykiem centroprawicy, uformowanym przez Uni\u0119 Wolno\u015bci, a przedtem opozycj\u0119 demokratyczn\u0105. Jego polityka historyczna, stanowisko w takich sprawach jak in vitro i konwencja \u201eantyprzemocowa\u201d &#8211; na pewno nie zadowala\u0142y ani prawicy, ani lewicy. <\/p>\n<p>Jego nast\u0119pca, prezydent elekt, obraca si\u0119 w tr\u00f3jk\u0105cie Jasna G\u00f3ra, Katedra, \u015awi\u0105tynia Opatrzno\u015bci. Deklaruje, \u017ce b\u0119dzie prezydentem wszystkich Polak\u00f3w, ale nie ukrywa, \u017ce my\u015bli tak jak Episkopat i stamt\u0105d natychmiast po wyborze nadesz\u0142y gratulacje. Reszt\u0119 dopowiedzia\u0142 kardyna\u0142 Dziwisz.<\/p>\n<p>Fakt drugi: sukces Paw\u0142a Kukiza. I zn\u00f3w &#8211; co prawda trudno go zaklasyfikowa\u0107, padaj\u0105 r\u00f3\u017cne okre\u015blenia: populista, anarchista, demagog, radyka\u0142, ale raczej bli\u017cszy PiS ni\u017c Platformie. W serwisie Polityka Insight ukaza\u0142y si\u0119 profile ludzi z najbli\u017cszego otoczenia politycznego wokalisty. <\/p>\n<p>\u201eS\u0105 to na og\u00f3\u0142 samorz\u0105dowcy z Dolnego \u015al\u0105ska o pogl\u0105dach prawicowych&#8221; \u2013 pisze J. Skibicki i podaje przyk\u0142ady. Jeden kiedy\u015b g\u0142osowa\u0142 na PO, potem na Korwin-Mikkego i wreszcie na Jaros\u0142awa Kaczy\u0144skiego. Drugi znany jest z niech\u0119ci do Platformy. Trzeci g\u0142osowa\u0142 na Korwina, potem PiS, teraz zwi\u0105zany jest m.in. z wydawc\u0105 prawicowego tygodnika \u201eDo Rzeczy\u201d. Niekt\u00f3re wypowiedzi Kukiza sytuuj\u0105 go wyra\u017anie po stronie prawicy.<\/p>\n<p>Fakt trzeci: NowoczesnaPL. Je\u017celi ten ruch przetrwa, to oka\u017ce si\u0119, \u017ce jest to raczej organizacja pracodawc\u00f3w ni\u017c pracobiorc\u00f3w, raczej biznes ni\u017c praca najemna. W takich sprawach jak umowy \u015bmieciowe stanowisko pana Petru jest raczej umiarkowane, kompromisowe, ale w \u017cadnym wypadku lewicuj\u0105ce czy zwi\u0105zkowe.<\/p>\n<p>Fakt czwarty: Lewica kaputt, mo\u017ce nawet zabrakn\u0105\u0107 jej przedstawiciela w Sejmie.<\/p>\n<p>Fakt pi\u0105ty: Umocnienie, ba, zdecydowana dominacja konserwatyst\u00f3w w Episkopacie.<\/p>\n<p>Fakt sz\u00f3sty: Umocnienie linii konserwatywnej w mediach papierowych i elektronicznych \u2013 od tabloid\u00f3w po \u201eArcana\u201d i \u201eFrond\u0119\u201d.<\/p>\n<p>Fakt si\u00f3dmy: Trzecia RP dr\u017cy w posadach, ugina si\u0119 pod atakiem z prawa, natomiast z lewej strony nikt i nic jej nie zagra\u017ca.<\/p>\n<p>W sumie co prawda nie wiadomo jeszcze dok\u0142adnie, kto jakie funkcje na statku \u201ePolska\u201d b\u0119dzie pe\u0142ni\u0142, ale kapitan jest ju\u017c wybrany, a kurs nietrudny do przewidzenia. Mo\u017ce wzro\u015bnie progresja podatkowa, ale pod wieloma innymi wzgl\u0119dami raczej nast\u0105pi regres. <\/p>\n<p>Oby przechy\u0142 na praw\u0105 burt\u0119 nie okaza\u0142 si\u0119 za silny i woda nie dosta\u0142a si\u0119 na pok\u0142ad.<\/p>\n<p>ZAPROSZENIE<br \/>\nRewolucja czy burza w szklance wody? Co si\u0119 wy\u0142oni z polskiego chaosu? Ludwik DORN, polityk, by\u0142y marsza\u0142ek Sejmu, i dr Anna MATERSKA-SOSNOWSKA, politolo\u017cka z Uniwersytetu Warszawskiego &#8211; b\u0119d\u0105 naszymi go\u015b\u0107mi w Radiu TOK FM, jak zwykle w wtorek (9 czerwca) o godz. 20.05. Zapraszam!<\/p>\n","protected":false},"excerpt":{"rendered":"<p>Na pierwszy rzut oka mo\u017ce si\u0119 wydawa\u0107, \u017ce na scenie politycznej panuje chaos.<\/p>\n","protected":false},"author":4,"featured_media":0,"comment_status":"open","ping_status":"closed","sticky":false,"template":"","format":"standard","meta":{"footnotes":""},"categories":[1],"tags":[],"_links":{"self":[{"href":"https:\/\/blog.polityka.pl\/passent\/wp-json\/wp\/v2\/posts\/2910"}],"collection":[{"href":"https:\/\/blog.polityka.pl\/passent\/wp-json\/wp\/v2\/posts"}],"about":[{"href":"https:\/\/blog.polityka.pl\/passent\/wp-json\/wp\/v2\/types\/post"}],"author":[{"embeddable":true,"href":"https:\/\/blog.polityka.pl\/passent\/wp-json\/wp\/v2\/users\/4"}],"replies":[{"embeddable":true,"href":"https:\/\/blog.polityka.pl\/passent\/wp-json\/wp\/v2\/comments?post=2910"}],"version-history":[{"count":3,"href":"https:\/\/blog.polityka.pl\/passent\/wp-json\/wp\/v2\/posts\/2910\/revisions"}],"predecessor-version":[{"id":2913,"href":"https:\/\/blog.polityka.pl\/passent\/wp-json\/wp\/v2\/posts\/2910\/revisions\/2913"}],"wp:attachment":[{"href":"https:\/\/blog.polityka.pl\/passent\/wp-json\/wp\/v2\/media?parent=2910"}],"wp:term":[{"taxonomy":"category","embeddable":true,"href":"https:\/\/blog.polityka.pl\/passent\/wp-json\/wp\/v2\/categories?post=2910"},{"taxonomy":"post_tag","embeddable":true,"href":"https:\/\/blog.polityka.pl\/passent\/wp-json\/wp\/v2\/tags?post=2910"}],"curies":[{"name":"wp","href":"https:\/\/api.w.org\/{rel}","templated":true}]}}