
{"id":2915,"date":"2015-06-09T23:28:52","date_gmt":"2015-06-09T21:28:52","guid":{"rendered":"http:\/\/passent.blog.polityka.pl\/?p=2915"},"modified":"2015-06-10T00:33:24","modified_gmt":"2015-06-09T22:33:24","slug":"kukiz-straszy-media","status":"publish","type":"post","link":"https:\/\/blog.polityka.pl\/passent\/2015\/06\/09\/kukiz-straszy-media\/","title":{"rendered":"Kukiz straszy media"},"content":{"rendered":"<p>Jeszcze do wczoraj Pawe\u0142 Kukiz m\u00f3g\u0142 by\u0107 zagadk\u0105, enigm\u0105, g\u0142osem protestu, rzecznikiem oburzonych, ale niewiele by\u0142o wiadomo, o jak\u0105 Polsk\u0119 ten muzyk walczy.<br \/>\n<!--more--><br \/>\nDzisiaj ujawni\u0142 fragment swojego programu, a konkretnie swoje plany wzgl\u0119dem medi\u00f3w. Oto one:<\/p>\n<p> &#8211; Zakaz koncentracji medi\u00f3w lokalnych i centralnych. Kary za rozpowszechnianie nieprawdy zwi\u0119kszone w przypadku nieprawdziwych informacji uderzaj\u0105cych w polsk\u0105 racj\u0119 stanu (k\u0142amstwo o\u015bwi\u0119cimskie typu \u201ePolskie Obozy&#8221;).<br \/>\n &#8211; Zakaz reklamy firm pa\u0144stwowych oraz organ\u00f3w w\u0142adzy publicznej w wydawanych w Polsce mediach o kapitale zagranicznym.<br \/>\n &#8211; Zakaz zatrudniania w mediach publicznych dziennikarzy pracuj\u0105cych jednocze\u015bnie dla medi\u00f3w zagranicznych. Vide Tomasz Lis, z jednej strony \u201edziennikarz\u201d TVP, z drugiej p\u0142ac\u0105 mu Niemcy wydaj\u0105cy Newsweeka. (Cudzys\u0142\u00f3w p. Kukiza).<br \/>\n &#8211; Zakaz reklamy firm pa\u0144stwowych w mediach ukaranych s\u0105dowo za publikacj\u0119 materia\u0142\u00f3w nieprawdziwych, sprzecznych z polsk\u0105 racj\u0105 stanu.<\/p>\n<p>Tylko pierwsze zdanie tego \u201eprogramu\u201d ma sens: faktycznie, nadmierna koncentracja medi\u00f3w nie jest korzystna dla ich pluralizmu. Pozosta\u0142e postulaty pana Kukiza s\u0105 co najmniej bulwersuj\u0105ce, \u017ceby nie powiedzie\u0107 &#8211; gro\u017ane. <\/p>\n<p>Kto b\u0119dzie decydowa\u0142, co jest informacj\u0105 nieprawdziw\u0105 i co godzi w polsk\u0105 racj\u0119 stanu? Czy rozpowszechnianie wiadomo\u015bci o wkroczeniu wojsk polskich na Zaolzie by\u0142o zgodne z polsk\u0105 racj\u0105 stanu? Czy s\u0142usznie post\u0105pi\u0142 prezydent Lech Kaczy\u0144ski, przepraszaj\u0105c po latach za ten fakt? Czy ujawnienie sprawc\u00f3w pogromu w Jedwabnem by\u0142o ujawnieniem prawdy czy nieprawdy? Czy prezydent Kwa\u015bniewski, przepraszaj\u0105c za t\u0119 zbrodni\u0119, post\u0105pi\u0142 zgodnie z polsk\u0105 racj\u0105 stanu? Czy reformy Balcerowicza by\u0142y zgodne czy niezgodne z polsk\u0105 racj\u0105 stanu? Czy zakup \u015bmig\u0142owc\u00f3w francuskich jest czy nie jest w naszym interesie narodowym? Czy udzia\u0142 w igrzyskach olimpijskich w Soczi lub mistrzostwach pi\u0142karskich w Kuwejcie jest zgodny czy nie? Czy dop\u0142acanie do deficytowych kopal\u0144 jest zgodne z nasz\u0105 racj\u0105 stanu? A gdyby chcieli zainwestowa\u0107 w nasze g\u00f3rnictwo Chi\u0144czycy? Czy ujawnienie ta\u015bm z nagraniem rozm\u00f3w polityk\u00f3w le\u017cy czy nie le\u017cy w interesie publicznym?  <\/p>\n<p>Tysi\u0105ce pyta\u0144, na kt\u00f3re nie ma jednej, jedynie s\u0142usznej odpowiedzi.<\/p>\n<p>Dlaczego \u2013 wbrew regu\u0142om wolnego rynku &#8211; wydawcy maj\u0105 by\u0107 dzieleni na polskich i zagranicznych, a ci drudzy maj\u0105 by\u0107 dyskryminowani, nawet je\u015bli p\u0142ac\u0105 podatki i tworz\u0105 miejsca pracy? Dlaczego je\u015bli kto\u015b opublikowa\u0142 nieprawdziwe materia\u0142y, sprzeczne z polsk\u0105 racj\u0105 stanu, ma by\u0107 za to karany dwukrotnie \u2013 najpierw przez s\u0105d, a potem przez pa\u0144stwo?<\/p>\n<p>W sumie plany Kukiza w tej dziedzinie wygl\u0105daj\u0105 niepowa\u017cnie, ba, naruszaj\u0105 zasad\u0119 wolno\u015bci s\u0142owa i gospodark\u0119 wolnorynkow\u0105. Kto zdecyduje si\u0119 na zabieranie g\u0142osu pod gro\u017ab\u0105 kary za informacje \u201enieprawdziwe\u201d lub godz\u0105ce w racj\u0119 stanu? To\u017c to pomys\u0142y kaga\u0144cowe. <\/p>\n<p>Nie jest nam potrzebna jedna, jedynie s\u0142uszna prawda ani media biedne, ubogie, ale nasze. Raczej niech rozkwita sto kwiat\u00f3w. A w mediach publicznych  niech zwyci\u0119\u017caj\u0105 najlepsi, bez preselekcji. <\/p>\n<p>Ludwik Dorn, kt\u00f3ry zaszczyci\u0142 m\u00f3j program w radiu TOK FM, powiedzia\u0142, \u017ce nie ma si\u0119 czym przejmowa\u0107, bo autor tego programu jest niepowa\u017cny i nie takie rzeczy s\u0142yszeli\u015bmy. Przy ca\u0142ym szacunku dla pana pos\u0142a i by\u0142ego marsza\u0142ka &#8211; uwa\u017cam, \u017ce jest si\u0119 czym przejmowa\u0107, bo to s\u0105 pogl\u0105dy cz\u0142owieka, kt\u00f3ry zyska\u0142 ponad 20 procent g\u0142os\u00f3w, jutro mo\u017ce nami wsp\u00f3\u0142rz\u0105dzi\u0107. <\/p>\n<p>Mo\u017ce i jest niepowa\u017cny, ale rol\u0119 odgrywa powa\u017cn\u0105. Jego plany wzgl\u0119dem medi\u00f3w budz\u0105 sprzeciw.<\/p>\n","protected":false},"excerpt":{"rendered":"<p>Jeszcze do wczoraj Pawe\u0142 Kukiz m\u00f3g\u0142 by\u0107 zagadk\u0105, enigm\u0105, g\u0142osem protestu, rzecznikiem oburzonych, ale niewiele by\u0142o wiadomo, o jak\u0105 Polsk\u0119 ten muzyk walczy.<\/p>\n","protected":false},"author":4,"featured_media":0,"comment_status":"open","ping_status":"closed","sticky":false,"template":"","format":"standard","meta":{"footnotes":""},"categories":[1],"tags":[],"_links":{"self":[{"href":"https:\/\/blog.polityka.pl\/passent\/wp-json\/wp\/v2\/posts\/2915"}],"collection":[{"href":"https:\/\/blog.polityka.pl\/passent\/wp-json\/wp\/v2\/posts"}],"about":[{"href":"https:\/\/blog.polityka.pl\/passent\/wp-json\/wp\/v2\/types\/post"}],"author":[{"embeddable":true,"href":"https:\/\/blog.polityka.pl\/passent\/wp-json\/wp\/v2\/users\/4"}],"replies":[{"embeddable":true,"href":"https:\/\/blog.polityka.pl\/passent\/wp-json\/wp\/v2\/comments?post=2915"}],"version-history":[{"count":4,"href":"https:\/\/blog.polityka.pl\/passent\/wp-json\/wp\/v2\/posts\/2915\/revisions"}],"predecessor-version":[{"id":2921,"href":"https:\/\/blog.polityka.pl\/passent\/wp-json\/wp\/v2\/posts\/2915\/revisions\/2921"}],"wp:attachment":[{"href":"https:\/\/blog.polityka.pl\/passent\/wp-json\/wp\/v2\/media?parent=2915"}],"wp:term":[{"taxonomy":"category","embeddable":true,"href":"https:\/\/blog.polityka.pl\/passent\/wp-json\/wp\/v2\/categories?post=2915"},{"taxonomy":"post_tag","embeddable":true,"href":"https:\/\/blog.polityka.pl\/passent\/wp-json\/wp\/v2\/tags?post=2915"}],"curies":[{"name":"wp","href":"https:\/\/api.w.org\/{rel}","templated":true}]}}