
{"id":2922,"date":"2015-06-11T00:08:53","date_gmt":"2015-06-10T22:08:53","guid":{"rendered":"http:\/\/passent.blog.polityka.pl\/?p=2922"},"modified":"2015-06-11T08:34:54","modified_gmt":"2015-06-11T06:34:54","slug":"platforma-na-deskach-2","status":"publish","type":"post","link":"https:\/\/blog.polityka.pl\/passent\/2015\/06\/11\/platforma-na-deskach-2\/","title":{"rendered":"Platforma na deskach"},"content":{"rendered":"<p>Platforma le\u017cy ju\u017c na deskach i trudno mie\u0107 nadziej\u0119, \u017ce si\u0119 podniesie, zanim wyborcy og\u0142osz\u0105 <em>knockout<\/em> lub jeszcze gorzej &#8211; <strong>knockdown<\/strong>. Ledwo dotrwa do gongu w pa\u017adzierniku.<br \/>\n<!--more--><br \/>\nSikorski, Ar\u0142ukowicz, Biernat, Cichocki (nie do ko\u0144ca), Karpi\u0144ski, Rostowski, Sienkiewicz, Tomczykiewicz\u2026 D\u0142uga jest lista ofiar, nie tylko afery pods\u0142uchowej, ale i korkoci\u0105gu, w jaki wpad\u0142y Platforma i rz\u0105d. <\/p>\n<p>Nie przekre\u015bla to zas\u0142ug koalicji, kt\u00f3re nie powinny zosta\u0107 zapomniane &#8211; dobrych wynik\u00f3w gospodarczych, uchronienia gospodarki przed kryzysem, dobrej pozycji w Unii, ogromnych funduszy pozyskanych w Brukseli, Tusk na czele Rady Europejskiej itd. itp. Te z kolei nie usprawiedliwiaj\u0105 pora\u017cek \u2013 w s\u0142u\u017cbie zdrowia, edukacji, zatrudnieniu (\u201eprekariat\u201d), wymiarze sprawiedliwo\u015bci, nauce, rozwarstwieniu spo\u0142ecznym, etyce rz\u0105dzenia, gospodarno\u015bci i na innych obszarach.<\/p>\n<p>Od pewnego czasu wida\u0107, \u017ce statystyki szcz\u0119\u015bcia nie daj\u0105, nie przek\u0142adaj\u0105 si\u0119 na samopoczucie obywateli. \u201eZnale\u017ali\u015bmy si\u0119 w osobliwej sytuacji: pomimo sprzyjaj\u0105cej sytuacji geopolitycznej i dobrych wska\u017anik\u00f3w makroekonomicznych kondycja polskiego spo\u0142ecze\u0144stwa jest, m\u00f3wi\u0105c ogl\u0119dnie, s\u0142aba\u201d \u2013 pisze prof. Jan Sowa w najnowszej ksi\u0105\u017cce \u201eInna Rzeczpospolita jest mo\u017cliwa\u201d. Emigracja, demografia, niewydolno\u015b\u0107 instytucji pa\u0144stwowych (vide prokuratura i s\u0105downictwo), radykalizacja prawicy, w tym element\u00f3w skrajnych, erupcja populizmu, kryzys Ko\u015bcio\u0142a katolickiego po\u0142\u0105czony z ofensyw\u0105 religijnego fundamentalizmu, przemiana \u017cycia politycznego w medialny spektakl, afery (hazardowa, pods\u0142uchowa, zegarkowa), poczucie braku wsp\u00f3lnoty, wszechobecny hejt \u2013 to wszystko cz\u0119\u015b\u0107 naszej rzeczywisto\u015bci.<\/p>\n<p>Afera pods\u0142uchowa to prawdziwa kompromitacja (pods\u0142uchiwany szef MSWiA, kt\u00f3remu \u00f3wczesny premier Tusk zleca wyja\u015bnienie afery!), niefrasobliwe s\u0142owa i pomys\u0142y (patrz rozmowa prezesa NBP z ministrem), wypowiedzi ministra spraw zagranicznych czy minister infrastruktury, cho\u0107 zdobyte nielegalnie,   uderzy\u0142y w ofiary nagra\u0144. <\/p>\n<p>Bie\u0144kowska, Belka, Sienkiewicz i inni nagrani maj\u0105 prawo czu\u0107 si\u0119 ofiarami kelner\u00f3w i ich mocodawc\u00f3w, mo\u017ce nawet rozgrywek w s\u0142u\u017cbach specjalnych, ale mimo wszystko zostali przy\u0142apani in flagranti i teraz p\u0142ac\u0105 wysok\u0105 cen\u0119. Sto nagranych nielegalnie rozm\u00f3w i wiele tom\u00f3w przes\u0142ucha\u0144 dost\u0119pnych w internecie \u2013 jaki rz\u0105d to wytrzyma? <\/p>\n<p>Najwi\u0119cej traci Platforma, kt\u00f3ra dotychczas by\u0142a jednym z filar\u00f3w Rzeczpospolitej. Niewyja\u015bniona afera, coraz to nowe ta\u015bmy, przegrana prezydenta Komorowskiego i Platformy w wyborach, prezydent elekt z PiS \u2013 wszystko to skutkuje drastycznym spadkiem poparcia i widmem kurczenia si\u0119, a mo\u017ce nawet zej\u015bcia Platformy ze sceny politycznej. <\/p>\n<p>Bez silnego lidera, bez porywaj\u0105cego programu, zm\u0119czona o\u015bmioma latami rz\u0105dzenia \u2013 Platforma wyczerpa\u0142a si\u0119 i prze\u017cywa kryzys, z kt\u00f3rego raczej si\u0119 nie podniesie, a na pewno b\u0119dzie znacznie os\u0142abiona. Nie chodzi tylko o Platform\u0119. Afera pods\u0142uchowa na pewno nie przysporzy autorytetu pa\u0144stwu polskiemu i klasie politycznej.<\/p>\n<p>Stan naszego pa\u0144stwa i nastroje spo\u0142eczne b\u0119d\u0105 w du\u017cym stopniu okre\u015blone przez wybory parlamentarne \u2013 najp\u00f3\u017aniej w pa\u017adzierniku, a niewykluczone, \u017ce nawet wcze\u015bniej.<\/p>\n<p>Je\u017celi w\u0142adz\u0119 obejmie sam PiS &#8211; lub we wsp\u00f3\u0142pracy z ruchem Kukiza &#8211; to lekarstwo mo\u017ce si\u0119 okaza\u0107 gorsze od choroby.<\/p>\n","protected":false},"excerpt":{"rendered":"<p>Platforma le\u017cy ju\u017c na deskach i trudno mie\u0107 nadziej\u0119, \u017ce si\u0119 podniesie, zanim wyborcy og\u0142osz\u0105 knockout lub jeszcze gorzej &#8211; knockdown. Ledwo dotrwa do gongu w pa\u017adzierniku.<\/p>\n","protected":false},"author":4,"featured_media":0,"comment_status":"open","ping_status":"closed","sticky":false,"template":"","format":"standard","meta":{"footnotes":""},"categories":[1],"tags":[],"_links":{"self":[{"href":"https:\/\/blog.polityka.pl\/passent\/wp-json\/wp\/v2\/posts\/2922"}],"collection":[{"href":"https:\/\/blog.polityka.pl\/passent\/wp-json\/wp\/v2\/posts"}],"about":[{"href":"https:\/\/blog.polityka.pl\/passent\/wp-json\/wp\/v2\/types\/post"}],"author":[{"embeddable":true,"href":"https:\/\/blog.polityka.pl\/passent\/wp-json\/wp\/v2\/users\/4"}],"replies":[{"embeddable":true,"href":"https:\/\/blog.polityka.pl\/passent\/wp-json\/wp\/v2\/comments?post=2922"}],"version-history":[{"count":4,"href":"https:\/\/blog.polityka.pl\/passent\/wp-json\/wp\/v2\/posts\/2922\/revisions"}],"predecessor-version":[{"id":2926,"href":"https:\/\/blog.polityka.pl\/passent\/wp-json\/wp\/v2\/posts\/2922\/revisions\/2926"}],"wp:attachment":[{"href":"https:\/\/blog.polityka.pl\/passent\/wp-json\/wp\/v2\/media?parent=2922"}],"wp:term":[{"taxonomy":"category","embeddable":true,"href":"https:\/\/blog.polityka.pl\/passent\/wp-json\/wp\/v2\/categories?post=2922"},{"taxonomy":"post_tag","embeddable":true,"href":"https:\/\/blog.polityka.pl\/passent\/wp-json\/wp\/v2\/tags?post=2922"}],"curies":[{"name":"wp","href":"https:\/\/api.w.org\/{rel}","templated":true}]}}