
{"id":2928,"date":"2015-06-14T22:19:01","date_gmt":"2015-06-14T20:19:01","guid":{"rendered":"http:\/\/passent.blog.polityka.pl\/?p=2928"},"modified":"2015-06-14T22:33:05","modified_gmt":"2015-06-14T20:33:05","slug":"nie-dla-referendum","status":"publish","type":"post","link":"https:\/\/blog.polityka.pl\/passent\/2015\/06\/14\/nie-dla-referendum\/","title":{"rendered":"NIE dla referendum"},"content":{"rendered":"<p>Je\u017celi prezydent Bronis\u0142aw Komorowski chce na odchodne uczyni\u0107 co\u015b dobrego, to powinien si\u0119 wycofa\u0107 z inicjatywy referendum, kt\u00f3re zapowiedzia\u0142 nazajutrz po przegranej I turze wybor\u00f3w prezydenckich.<br \/>\n<!--more--><br \/>\nPrzechwycony od Paw\u0142a Kukiza kiepski pomys\u0142 JOW nie tylko nie uratowa\u0142 prezydenta w II turze, ale jeszcze mu zaszkodzi\u0142. By\u0142 dowodem paniki, w jak\u0105 popad\u0142. Mia\u0142 to by\u0107 trick, spos\u00f3b na przechwycenie zaskakuj\u0105co wysokiego poparcia dla Kukiza w I turze. Ale g\u0142osy oddane na muzyka nie by\u0142y g\u0142osami za JOW, tylko g\u0142osami sprzeciwu wobec \u201epartyjniactwa\u201d, establishmentu itd.<\/p>\n<p>Kukiz otrzyma\u0142by je pod ka\u017cdym innym has\u0142em, np. \u201emieszkanie dla ka\u017cdego\u201d, \u201epraca dla wszystkich\u201d itp. Pr\u00f3ba przechwycenia rzekomych g\u0142os\u00f3w \u201eza\u201d JOW, czyli og\u0142oszenie referendum, nie pomog\u0142a prezydentowi, to jeszcze p\u00f3\u0142 biedy. Ale zaszkodzi nam wszystkim. To z\u0142a decyzja dla Polski, kt\u00f3ra mo\u017ce mie\u0107 fatalne konsekwencje.<\/p>\n<p>Prezydent Komorowski zako\u0144czy sw\u0105 misj\u0119, a my zostajemy z bezsensownym referendum, kt\u00f3re ma dotyczy\u0107 trzech spraw: jednomandatowych okr\u0119g\u00f3w wyborczych, kt\u00f3rych prawie nikt nie rozumie, ale wed\u0142ug sonda\u017cu 60 proc. jest \u201eza\u201d; odej\u015bcia od finansowania partii politycznych z bud\u017cetu pa\u0144stwa (73 proc. \u201eza\u201d); rozstrzygania w\u0105tpliwo\u015bci podatkowych na rzecz podatnika (90 proc. \u201eza\u201d).<\/p>\n<p>Nie rozumiem, jak mo\u017cna by\u0142o u\u0142o\u017cy\u0107 i zaproponowa\u0107 referendum, kt\u00f3rego szkodliwe skutki by\u0142y do przewidzenia dla ka\u017cdego, nie tylko dla prezydenta i jego doradc\u00f3w. \u017beby przewidzie\u0107, co w tych sprawach my\u015bli wi\u0119kszo\u015b\u0107, nie jest potrzebne referendum, tylko odrobina zdrowego rozs\u0105dku.<\/p>\n<p>To referendum, je\u015bli dojdzie do skutku, przyniesie triumf populizmu i trzy nieszcz\u0119\u015bcia. Pierwsze \u2013 forsuje ide\u0119 JOW, zmian\u0119 ordynacji wyborczej na mniej demokratyczn\u0105, oddaj\u0105c\u0105 okr\u0119gi wyborcze na \u017cer najmocniejszym partiom. Kilku popularnych kandydat\u00f3w, na czele z panem Kukizem, mo\u017ce si\u0119 dosta\u0107 do Sejmu, ale wi\u0119kszo\u015b\u0107 pozosta\u0142ych okr\u0119g\u00f3w wpadnie w \u0142apy najsilniejszych partii. Warto\u015bciowi kandydaci pozbawieni wsparcia machiny i pieni\u0119dzy partyjnych raczej przepadn\u0105.<\/p>\n<p>Je\u015bli chodzi o finansowanie partii politycznych, to jest oczywiste, \u017ce w kraju, w kt\u00f3rym politycy ciesz\u0105 si\u0119 fataln\u0105 reputacj\u0105, w kraju o\u015bmiorniczek i kilometr\u00f3wek, wi\u0119kszo\u015b\u0107 jest przeciwko op\u0142acaniu \u201edarmozjad\u00f3w\u201d z \u201enaszych kieszeni\u201d. Niestety, jest to tak\u017ce idea Platformy jako partii zamo\u017cniejszej cz\u0119\u015bci elektoratu. Tymczasem rezygnacja z finansowania przez bud\u017cet uzale\u017cni partie polityczne od grup interes\u00f3w, zw\u0142aszcza tych bogatszych, utrudni kontrol\u0119 \u017ar\u00f3de\u0142 finansowania i wykorzystywania pieni\u0119dzy. To by\u0142by kolejny sukces populizmu.<\/p>\n<p>No i wreszcie bezsensowne pytanie: czy w\u0105tpliwo\u015bci podatkowe powinny by\u0107 rozstrzygane na rzecz podatnika? W sytuacji, kiedy pa\u0144stwo cieszy si\u0119 znikomym autorytetem, w\u0142adza kojarzona jest z oszustwem i niekompetencj\u0105 &#8211; kto b\u0119dzie g\u0142osowa\u0142 za tym, \u017ceby przyznawa\u0107 jej racj\u0119 i zabiera\u0107 pieni\u0105dze uczciwym (a jak\u017ce!) i gn\u0119bionym (a jak\u017ce!) podatnikom?  <\/p>\n<p>W opinii publicznej niekompetencja i bezduszno\u015b\u0107 urz\u0119d\u00f3w skarbowych, przypadki \u0142amania prawa przez urz\u0119dy, doprowadzania uczciwych ludzi do ruiny &#8211; znacz\u0105 du\u017co wi\u0119cej ni\u017c potrzeba uszczelnienia systemu podatkowego i zapewnienia niezb\u0119dnych \u015brodk\u00f3w na funkcjonowanie pa\u0144stwa.<\/p>\n<p>W sumie: bezsensowne referendum, skutek chwili s\u0142abo\u015bci i paniki, z kt\u00f3rej prezydent Komorowski powinien si\u0119 wycofa\u0107, p\u00f3ki nie jest za p\u00f3\u017ano.<\/p>\n","protected":false},"excerpt":{"rendered":"<p>Je\u017celi prezydent Bronis\u0142aw Komorowski chce na odchodne uczyni\u0107 co\u015b dobrego, to powinien si\u0119 wycofa\u0107 z inicjatywy referendum, kt\u00f3re zapowiedzia\u0142 nazajutrz po przegranej I turze wybor\u00f3w prezydenckich.<\/p>\n","protected":false},"author":4,"featured_media":0,"comment_status":"open","ping_status":"closed","sticky":false,"template":"","format":"standard","meta":{"footnotes":""},"categories":[1],"tags":[],"_links":{"self":[{"href":"https:\/\/blog.polityka.pl\/passent\/wp-json\/wp\/v2\/posts\/2928"}],"collection":[{"href":"https:\/\/blog.polityka.pl\/passent\/wp-json\/wp\/v2\/posts"}],"about":[{"href":"https:\/\/blog.polityka.pl\/passent\/wp-json\/wp\/v2\/types\/post"}],"author":[{"embeddable":true,"href":"https:\/\/blog.polityka.pl\/passent\/wp-json\/wp\/v2\/users\/4"}],"replies":[{"embeddable":true,"href":"https:\/\/blog.polityka.pl\/passent\/wp-json\/wp\/v2\/comments?post=2928"}],"version-history":[{"count":2,"href":"https:\/\/blog.polityka.pl\/passent\/wp-json\/wp\/v2\/posts\/2928\/revisions"}],"predecessor-version":[{"id":2931,"href":"https:\/\/blog.polityka.pl\/passent\/wp-json\/wp\/v2\/posts\/2928\/revisions\/2931"}],"wp:attachment":[{"href":"https:\/\/blog.polityka.pl\/passent\/wp-json\/wp\/v2\/media?parent=2928"}],"wp:term":[{"taxonomy":"category","embeddable":true,"href":"https:\/\/blog.polityka.pl\/passent\/wp-json\/wp\/v2\/categories?post=2928"},{"taxonomy":"post_tag","embeddable":true,"href":"https:\/\/blog.polityka.pl\/passent\/wp-json\/wp\/v2\/tags?post=2928"}],"curies":[{"name":"wp","href":"https:\/\/api.w.org\/{rel}","templated":true}]}}