
{"id":2932,"date":"2015-06-20T23:58:48","date_gmt":"2015-06-20T21:58:48","guid":{"rendered":"http:\/\/passent.blog.polityka.pl\/?p=2932"},"modified":"2015-06-21T00:22:39","modified_gmt":"2015-06-20T22:22:39","slug":"wielka-sobota","status":"publish","type":"post","link":"https:\/\/blog.polityka.pl\/passent\/2015\/06\/20\/wielka-sobota\/","title":{"rendered":"Wielka sobota"},"content":{"rendered":"<p><strong>PRAWO I SPRAWIEDLIWO\u015a\u0106<\/strong> zdo\u0142a\u0142o ukra\u015b\u0107 show Platformie. Nic dziwnego \u2013 tego dnia mia\u0142o wi\u0119cej atut\u00f3w.<br \/>\n<!--more--><br \/>\nPo kolei. Andrzej Duda, przysz\u0142y prezydent, nie tylko przyby\u0142 na konwencj\u0119 PiS, ale nawet nie udawa\u0142, \u017ce chce by\u0107 prezydentem wszystkich Polak\u00f3w. Zaprezentowa\u0142 si\u0119 jako lojalny syn partii, rozp\u0142ywa\u0142 si\u0119 nad prezesem Kaczy\u0144skim i \u201ewspania\u0142\u0105\u201d Beat\u0105 Szyd\u0142o \u2013 kandydatk\u0105 na premiera, je\u015bli PiS wygra wybory. <\/p>\n<p>Beata Szyd\u0142o jeszcze si\u0119 nie opatrzy\u0142a, w tym sensie jest now\u0105 twarz\u0105, na pewno mniej kontrowersyjn\u0105 ni\u017c prezes. Nie jest te\u017c nowicjuszk\u0105, tylko do\u015bwiadczon\u0105 dzia\u0142aczk\u0105 partyjn\u0105. PiS (np. Mariusz Kami\u0144ski) nie ukrywa, \u017ce ma ona przyci\u0105gn\u0105\u0107 wyborc\u00f3w \u015brodka, tych, kt\u00f3rzy si\u0119 wahaj\u0105. Kaczy\u0144ski by ich nie przyci\u0105gn\u0105\u0142. <\/p>\n<p>Prof. Jadwiga Staniszkis, sympatyczka PiS, a zw\u0142aszcza prezesa, krytykuje nominacj\u0119 Szyd\u0142o jako osoby niezbyt kompetentnej. Moim zdaniem Szyd\u0142o nie jest gorsza od Marcinkiewicza. Jej s\u0142abo\u015bci\u0105 jest przede wszystkim to, \u017ce gra w teatrze, w przedstawieniu napisanym i wyre\u017cyserowanym przez Jaros\u0142awa Kaczy\u0144skiego. Jest obsadzona w roli, do kt\u00f3rej nie aspirowa\u0142a. <\/p>\n<p>Typuj\u0105c Beat\u0119 Szyd\u0142o, prezes wykona\u0142 zr\u0119czny ruch. W razie niepowodzenia w pa\u017adzierniku to ona b\u0119dzie odpowiada\u0107, w razie zwyci\u0119stwa &#8211; to prezes b\u0119dzie jego ojcem. W przedstawieniu PiS nie ma niczego kontrowersyjnego: \u017cadnego Macierewicza, Paw\u0142owicz, Ziobry, rozrachunk\u00f3w, rozlicze\u0144, gro\u017cenia Trybuna\u0142em, Smole\u0144ska, Kukiza, duchowie\u0144stwa itd. itp. <\/p>\n<p>Dobra socjotechnika, kosztowne i chwytliwe obietnice (wiek emerytalny, pr\u00f3g podatkowy, pieni\u0105dze na dzieci), sp\u00f3jny przekaz, szeroki u\u015bmiech. Zobaczyli\u015bmy u\u015bmiechni\u0119t\u0105 twarz m\u0142odzie\u017cy, parti\u0119 zjednoczon\u0105, siln\u0105 milionami zwolennik\u00f3w, poparciem Radia Maryja i Ko\u015bcio\u0142a, parti\u0119, kt\u00f3ra ma ju\u017c prezydenta i si\u0119ga po premiera.<\/p>\n<p><strong>PLATFORMA OBYWATELSKA<\/strong> usi\u0142uje podnie\u015b\u0107 si\u0119 z pora\u017cki w wyborach prezydenckich i ledwo-ledwo wygranych wybor\u00f3w samorz\u0105dowych. <\/p>\n<p>Premier Kopacz s\u0142usznie broni\u0142a dorobku Platformy, s\u0142usznie przeprosi\u0142a za b\u0142\u0119dy, ale nie dokona\u0142a g\u0142\u0119bszej analizy rz\u0105d\u00f3w koalicji i zmian, jakie nast\u0119puj\u0105 w Polsce, rosn\u0105cych oczekiwa\u0144, zaniecha\u0144 rz\u0105du Tuska, kt\u00f3re dzi\u015b wychodz\u0105 na jaw. <\/p>\n<p>Dlaczego samopoczucie Platformy rozmin\u0119\u0142o si\u0119 z samopoczuciem znacznej cz\u0119\u015bci wyborc\u00f3w? Przysn\u0119li. Posadzenie m\u0142odzie\u017cy w pierwszych rz\u0119dach wygl\u0105da\u0142o na ustawk\u0119. Powo\u0142anie dziesi\u0119ciu zespo\u0142\u00f3w programowych to spos\u00f3b na o\u017cywienie aktywu, ale nie elektoratu. <\/p>\n<p>Platforma ma trudn\u0105 sytuacj\u0119 \u2013 broni\u0105c swojego dorobku, wyst\u0119puje jako partia kontynuacji, eksponuj\u0105c m\u0142odszych (w tym Much\u0119 i Trzaskowskiego), chce pokaza\u0107, \u017ce jest parti\u0105 zmian. By\u0107 zarazem za kontynuacj\u0105 i za zmian\u0105 &#8211; to nie jest proste. Program Platformy nie jest wyrazisty, taka jest natura partii centrowej, jej szeregi nie s\u0105 tak zwarte, wystarczy wspomnie\u0107 Schetyn\u0119 i Sikorskiego. <\/p>\n<p>W\u0142a\u015bciwie jedyn\u0105 parti\u0105 o wyrazistym programie jest PiS, aczkolwiek ten program w wielu miejscach budzi sprzeciw, cho\u0107by zapowiadane rozdawnictwo, zakusy na kontrol\u0119 wymiaru sprawiedliwo\u015bci, Kulturkampf czy \u2013 w polityce zagranicznej \u2013 pohukiwanie na s\u0105siad\u00f3w. Niekt\u00f3re poczynania zwolennik\u00f3w tej partii w terenie budz\u0105 politowanie, np. sprzeciw wobec Targu \u015aniadaniowego na warszawskim \u017boliborzu, kt\u00f3ry jakoby narusza\u0142 powag\u0119 Alei Wojska Polskiego i pobliskiej Cytadeli. To brzmi gro\u017anie, a Platforma jest mglista, Kukiz dopiero z\u0105bkuje (rosn\u0105 mu k\u0142y), lewica jest bezz\u0119bna. W sumie \u2013 programy ma\u0142o przejrzyste, st\u0105d du\u017ce znaczenie element\u00f3w drugorz\u0119dnych.<\/p>\n<p><strong>LEWICA <\/strong>ci\u0105gle si\u0119 przegrupowuje, aczkolwiek coraz bardziej potrzebne jest szk\u0142o powi\u0119kszaj\u0105ce, \u017ceby zobaczy\u0107 te ruchy. W Twoim Ruchu dwuw\u0142adza, do Janusza Palikota do\u0142\u0105czy\u0142a \u2013 jako wsp\u00f3\u0142przewodnicz\u0105ca &#8211; Barbara Nowacka, osoba  sk\u0105din\u0105d lubiana i rozwa\u017cna. Dop\u00f3ki jednak nie b\u0119dzie zjednoczenia, przynajmniej wsp\u00f3lnych list lewicy \u2013 dop\u00f3ty nic z tego nie b\u0119dzie.<\/p>\n<p><strong>KUKIZ<\/strong> dzisiaj przejecha\u0142 si\u0119 po zjazdach dw\u00f3ch najwi\u0119kszych partii. Do ujawnienia w\u0142asnego programu raczej si\u0119 nie kwapi. Kr\u0119c\u0105 si\u0119 wok\u00f3\u0142 niego osoby rozmaitego autoramentu, bliskie radykalnej prawicy i narodowcom, kt\u00f3re mog\u0105 sta\u0107 si\u0119 sojusznikiem PiS w przysz\u0142ym Sejmie i zapewni\u0107 nieograniczon\u0105 w\u0142adz\u0119 prawicy. <\/p>\n<p>Kaczy\u0144ski i Kukiz nie b\u0119d\u0105 si\u0119 oci\u0105ga\u0107 i kr\u0119powa\u0107 tak, jak zrobi\u0142a to koalicja PO-PSL.<\/p>\n","protected":false},"excerpt":{"rendered":"<p>PRAWO I SPRAWIEDLIWO\u015a\u0106 zdo\u0142a\u0142o ukra\u015b\u0107 show Platformie. Nic dziwnego \u2013 tego dnia mia\u0142o wi\u0119cej atut\u00f3w.<\/p>\n","protected":false},"author":4,"featured_media":0,"comment_status":"open","ping_status":"closed","sticky":false,"template":"","format":"standard","meta":{"footnotes":""},"categories":[1],"tags":[],"_links":{"self":[{"href":"https:\/\/blog.polityka.pl\/passent\/wp-json\/wp\/v2\/posts\/2932"}],"collection":[{"href":"https:\/\/blog.polityka.pl\/passent\/wp-json\/wp\/v2\/posts"}],"about":[{"href":"https:\/\/blog.polityka.pl\/passent\/wp-json\/wp\/v2\/types\/post"}],"author":[{"embeddable":true,"href":"https:\/\/blog.polityka.pl\/passent\/wp-json\/wp\/v2\/users\/4"}],"replies":[{"embeddable":true,"href":"https:\/\/blog.polityka.pl\/passent\/wp-json\/wp\/v2\/comments?post=2932"}],"version-history":[{"count":2,"href":"https:\/\/blog.polityka.pl\/passent\/wp-json\/wp\/v2\/posts\/2932\/revisions"}],"predecessor-version":[{"id":2935,"href":"https:\/\/blog.polityka.pl\/passent\/wp-json\/wp\/v2\/posts\/2932\/revisions\/2935"}],"wp:attachment":[{"href":"https:\/\/blog.polityka.pl\/passent\/wp-json\/wp\/v2\/media?parent=2932"}],"wp:term":[{"taxonomy":"category","embeddable":true,"href":"https:\/\/blog.polityka.pl\/passent\/wp-json\/wp\/v2\/categories?post=2932"},{"taxonomy":"post_tag","embeddable":true,"href":"https:\/\/blog.polityka.pl\/passent\/wp-json\/wp\/v2\/tags?post=2932"}],"curies":[{"name":"wp","href":"https:\/\/api.w.org\/{rel}","templated":true}]}}