
{"id":2938,"date":"2015-06-28T12:01:45","date_gmt":"2015-06-28T10:01:45","guid":{"rendered":"http:\/\/passent.blog.polityka.pl\/?p=2938"},"modified":"2015-06-28T17:04:27","modified_gmt":"2015-06-28T15:04:27","slug":"kukiz-ma-sluch-ale-falszuje","status":"publish","type":"post","link":"https:\/\/blog.polityka.pl\/passent\/2015\/06\/28\/kukiz-ma-sluch-ale-falszuje\/","title":{"rendered":"Kukiz ma s\u0142uch, ale fa\u0142szuje"},"content":{"rendered":"<p><a href=\"http:\/\/www.polityka.pl\/tygodnikpolityka\/kraj\/1624217,1,kukiz-mobilizuje-zwolennikow-przed-wrzesniowym-referendum.read\" target=\"_blank\">Zjazd za\u0142o\u017cycielski ruchu JOW i konferencja prasowa jego za\u0142o\u017cyciela<\/a> to gro\u017ane i smutne widowisko.<br \/>\n<!--more--><br \/>\nPubliczno\u015b\u0107 przypomina\u0142a kibic\u00f3w pi\u0142karskich: przewa\u017cali m\u0142odzi m\u0119\u017cczy\u017ani, ch\u0119tnie dopingowali swojego idola, oczywi\u015bcie od\u015bpiewali hymn (kibice s\u0105 zawsze patriotyczni), buczeli, gwizdali i krzyczeli \u201eprecz!\u201d, kiedy g\u0142\u00f3wny bohater wskazywa\u0142 przeciwnik\u00f3w: partie polityczne, system, kapita\u0142 \u201ezewn\u0119trzny\u201d, \u201eZSL\u201d, partycypant\u00f3w Magdalenki, beneficjent\u00f3w systemu, kt\u00f3rzy od 1989 roku wzajemnie wybieraj\u0105 si\u0119 do w\u0142adzy, \u201egrabie\u017ccze korporacje\u201d, \u201ebanksterka\u201d, odsun\u0105\u0107 od w\u0142adzy tych, kt\u00f3rzy sprzedali Polsk\u0119, jeste\u015bmy krajem kolonialnym, media z kapita\u0142em \u201ezewn\u0119trznym\u201d sprzeda\u0142y Polsk\u0119, propagandy\u015bci, \u015bciemniacze, oszu\u015bci, \u201eoni maj\u0105 nas w dupie\u201d, brak im etyki, etyki i jeszcze raz etyki, grabi\u0105 nas i \u0142upi\u0105 od 1945 roku itd.<\/p>\n<p>To kaskada g\u0142upstw, kt\u00f3re trzeba obna\u017ca\u0107, dop\u00f3ki nie jest za p\u00f3\u017ano. Partie polityczne, podobnie jak demokracja parlamentarna, maj\u0105 wiele wad, ale niczego lepszego nie wymy\u015blono. Nawet gdyby zmieni\u0107 Konstytucj\u0119 po my\u015bli Kukiza (czego on pragnie) i podzieli\u0107 Polsk\u0119 na 460 mandat\u00f3w  jednomandatowych okr\u0119g\u00f3w wyborczych, to otrzymaliby\u015bmy garnitur gorszy ni\u017c obecnie, nie wiadomo przez kogo finansowany, wi\u0119cej Stok\u0142os\u00f3w, demagog\u00f3w i krzykaczy z 2-3 najsilniejszych partii. <\/p>\n<p>Ksenofobia skierowana przeciwko zagranicznym korporacjom i inwestorom \u017ceruje na kompleksach i niech\u0119ci do obcego. Tymczasem bez inwestor\u00f3w i przedsi\u0119biorstw zagranicznych Polska by\u0142aby znacznie ubo\u017csza, to one \u2013 a nie tylko nasz rodzimy biznes &#8211; przywo\u017c\u0105 kapita\u0142, tworz\u0105 miejsca pracy, podnosz\u0105 eksport. \u017be zatrudniaj\u0105 na umowach \u015bmieciowych i wyzyskuj\u0105 \u2013 to inny temat, trzeba to naprawi\u0107 nie tylko w przedsi\u0119biorstwach z udzia\u0142em kapita\u0142u obcego. Pan Kukiz chyba nie rozumie, \u017ce kapita\u0142 jest dzi\u015b globalny, jak nie u nas, to da ludziom prac\u0119 w Chile, w Indiach czy w S\u0142owenii.<\/p>\n<p>\u201eBanksterka\u201d to zn\u00f3w odwo\u0142ywanie si\u0119 do niskich instynkt\u00f3w \u2013 przede wszystkim zazdro\u015bci i bezsilno\u015bci. Banki istniej\u0105 po to, \u017ceby zarabia\u0107 na swoich us\u0142ugach. Te zarobki powinny by\u0107 kontrolowane przez odpowiednie organy pa\u0144stwa (np. KNF), ale nie mo\u017cna z bank\u00f3w czyni\u0107 symbolu z\u0142a. \u0141atwo jest zgromadzi\u0107 przed bankiem ludzi niezadowolonych, rzuca\u0107 kamieniami, ubolewa\u0107, \u017ce s\u0105 w znacznej cz\u0119\u015bci zagraniczne, ale czym je zast\u0105pi\u0107?<\/p>\n<p>SKOK-ami? Amber Gold? Bez budz\u0105cych zaufania bank\u00f3w nie ma kredyt\u00f3w, bez kredyt\u00f3w nie ma przedsi\u0119biorstw, nie ma gospodarki. To jest elementarz.<\/p>\n<p>Punkt po punkcie has\u0142a Kukiza nie wytrzymuj\u0105 krytyki, dlatego unika on jak ognia przedstawienia programu i kandydat\u00f3w do parlamentu. Motywy sam wyja\u015bni\u0142 z rozbrajaj\u0105c\u0105 szczero\u015bci\u0105: je\u017celi poka\u017ce program i kandydat\u00f3w, to wrogi system we\u017amie pod lup\u0119 propozycje oraz ludzi Kukiza, system ich zniszczy, z programu i z aktywist\u00f3w nie zostanie kamie\u0144 na kamieniu. Bo kiedy zdejm\u0105 kominiarki, oka\u017ce si\u0119, kim s\u0105.<\/p>\n<p>Ludzie zobacz\u0105, \u017ce Kukiz jest nagi. W du\u017cym stopniu b\u0119dzie to robota medi\u00f3w, kt\u00f3rych Kukiz nienawidzi, gdy\u017c nie s\u0105 jego. Sam kiedy\u015b powiedzia\u0142, \u017ce jego utwory nadawane s\u0105 przez radio rzadko, bo \u201eplaylisty w rozg\u0142o\u015bniach uk\u0142adaj\u0105 Blumsztajn z Michnikiem\u201d.<\/p>\n<p>Dlatego \u017cadnego programu przed referendum 6 wrze\u015bnia Kukiz nie poka\u017ce. Programy to jego zdaniem k\u0142amstwa, oszustwa, lep na g\u0142osy. Na razie ca\u0142a ta koalicja, kt\u00f3ra staje za Kukizem, ma robi\u0107 jedno: szykowa\u0107 referendum, \u017ceby frekwencja przekroczy\u0142a 50 proc., \u017ceby by\u0142o wi\u0105\u017c\u0105ce.<\/p>\n<p>Dopiero potem ruch Kukiza poka\u017ce program i ods\u0142oni twarze. Wejdzie do Sejmu i by\u0107 mo\u017ce stworzy koalicje z tymi, kt\u00f3rzy \u2013 jak sam powiedzia\u0142 \u2013 maj\u0105 podobny pogl\u0105d na media i na potrzeb\u0119 zmiany Konstytucji. Czytaj: Prawo i Sprawiedliwo\u015b\u0107.<\/p>\n<p>No dobrze, a JOW, kt\u00f3rych PiS jest przeciwnikiem? Moim zdaniem KuPiS jest realny, obie strony wi\u0119cej \u0142\u0105czy, ni\u017c dzieli, i si\u0119 dogadaj\u0105. Oczywi\u015bcie, dla dobra Ojczyzny.<\/p>\n","protected":false},"excerpt":{"rendered":"<p>Zjazd za\u0142o\u017cycielski ruchu JOW i konferencja prasowa jego za\u0142o\u017cyciela to gro\u017ane i smutne widowisko.<\/p>\n","protected":false},"author":4,"featured_media":0,"comment_status":"open","ping_status":"closed","sticky":false,"template":"","format":"standard","meta":{"footnotes":""},"categories":[1],"tags":[],"_links":{"self":[{"href":"https:\/\/blog.polityka.pl\/passent\/wp-json\/wp\/v2\/posts\/2938"}],"collection":[{"href":"https:\/\/blog.polityka.pl\/passent\/wp-json\/wp\/v2\/posts"}],"about":[{"href":"https:\/\/blog.polityka.pl\/passent\/wp-json\/wp\/v2\/types\/post"}],"author":[{"embeddable":true,"href":"https:\/\/blog.polityka.pl\/passent\/wp-json\/wp\/v2\/users\/4"}],"replies":[{"embeddable":true,"href":"https:\/\/blog.polityka.pl\/passent\/wp-json\/wp\/v2\/comments?post=2938"}],"version-history":[{"count":4,"href":"https:\/\/blog.polityka.pl\/passent\/wp-json\/wp\/v2\/posts\/2938\/revisions"}],"predecessor-version":[{"id":2943,"href":"https:\/\/blog.polityka.pl\/passent\/wp-json\/wp\/v2\/posts\/2938\/revisions\/2943"}],"wp:attachment":[{"href":"https:\/\/blog.polityka.pl\/passent\/wp-json\/wp\/v2\/media?parent=2938"}],"wp:term":[{"taxonomy":"category","embeddable":true,"href":"https:\/\/blog.polityka.pl\/passent\/wp-json\/wp\/v2\/categories?post=2938"},{"taxonomy":"post_tag","embeddable":true,"href":"https:\/\/blog.polityka.pl\/passent\/wp-json\/wp\/v2\/tags?post=2938"}],"curies":[{"name":"wp","href":"https:\/\/api.w.org\/{rel}","templated":true}]}}